{"id":9040,"date":"2011-06-28T23:19:26","date_gmt":"2011-06-28T22:19:26","guid":{"rendered":"http:\/\/www.aclanester56.com\/velo\/?p=9040"},"modified":"2011-07-01T18:44:05","modified_gmt":"2011-07-01T17:44:05","slug":"tir-groupe-lanesterien-sur-le-circuit-du-viaduc-au-ponthou","status":"publish","type":"post","link":"https:\/\/www.aclanester56.com\/velo\/tir-groupe-lanesterien-sur-le-circuit-du-viaduc-au-ponthou\/","title":{"rendered":"Tir group\u00e9 lanest\u00e9rien sur le Circuit du Viaduc au Ponthou !"},"content":{"rendered":"<div id=\"attachment_9041\" style=\"width: 370px\" class=\"wp-caption alignleft\"><a href=\"http:\/\/www.aclanester56.com\/velo\/wp-content\/uploads\/2011\/06\/Vincent-Ragot-2.jpg\"><img loading=\"lazy\" decoding=\"async\" aria-describedby=\"caption-attachment-9041\" src=\"http:\/\/www.aclanester56.com\/velo\/wp-content\/uploads\/2011\/06\/Vincent-Ragot-2.jpg\" alt=\"\" title=\"Vincent Ragot termine 3\u00e8me en haut de la c\u00f4te de Luzivilly (photo archives Bruno Perrel)\" width=\"360\" height=\"240\" class=\"size-full wp-image-9041\" srcset=\"https:\/\/www.aclanester56.com\/velo\/wp-content\/uploads\/2011\/06\/Vincent-Ragot-2.jpg 720w, https:\/\/www.aclanester56.com\/velo\/wp-content\/uploads\/2011\/06\/Vincent-Ragot-2-300x200.jpg 300w, https:\/\/www.aclanester56.com\/velo\/wp-content\/uploads\/2011\/06\/Vincent-Ragot-2-450x300.jpg 450w\" sizes=\"auto, (max-width: 360px) 100vw, 360px\" \/><\/a><p id=\"caption-attachment-9041\" class=\"wp-caption-text\">Vincent Ragot termine 3\u00e8me en haut de la c\u00f4te de Luzivilly (photo archives Bruno Perrel)<\/p><\/div>\n<p style=\"text-align: justify;\">Le r\u00e9put\u00e9 Circuit du Ponthou, qui avait lieu traditionnellement \u00e0 la fin du mois d&rsquo;aout, s&rsquo;est d\u00e9roul\u00e9 dimanche dernier. La r\u00e9p\u00e9tition de la c\u00e9l\u00e8bre c\u00f4te de Luzivilly et\u00a0la chaleur \u00e9crasante ont donn\u00e9 du fil \u00e0 retordre aux concurrents.<\/p>\n<p style=\"text-align: justify;\"><!--more--><\/p>\n<p style=\"text-align: justify;\"><span style=\"color: #ff6600;\"><strong>Quatre Lanest\u00e9riens dans la \u00ab\u00a0bonne\u00a0\u00bb<\/strong><\/span><\/p>\n<p style=\"text-align: justify;\">Les choses ne trainent pas car onze coureurs s&rsquo;\u00e9chappent d\u00e8s les premiers tours de circuit. On retrouve l\u00e0 pas moins de quatre coureurs de l&rsquo;AC LANESTER 56 : Ma\u00ebl NIVINOU, Vincent RAGOT, Yann RAULT et Vincent GUEGO.\u00a0Le peloton est rapidement rel\u00e9gu\u00e9 \u00e0 distance respectable et on se demande alors si les Lanest\u00e9riens ne vont pas renouveler leur d\u00e9monstration collective r\u00e9alis\u00e9e \u00e0 Moncontour !<\/p>\n<p style=\"text-align: justify;\"><span style=\"color: #ff6600;\"><strong>Vincent Ragot sur le podium !<\/strong><\/span><\/p>\n<p style=\"text-align: justify;\">Mais c&rsquo;est sans compter sur le coureur de\u00a0l&rsquo;US MONTAUBAN Romain LEROY qui se montre le plus fort, en devan\u00e7ant le N\u00e9o-Z\u00e9landais Joseph COOPER. Le Lanest\u00e9rien Vincent RAGOT prend une superbe 3\u00e8me place, juste devant l&rsquo;excellent Ma\u00ebl NIVINOU et le chevronn\u00e9 Yann RAULT, 5\u00e8me et 6\u00e8me.\u00a0Vincent GUEGO et Ludovic POILVET, 8\u00e8me et 9\u00e8me, compl\u00e8tent cette belle performance collective de l&rsquo;AC LANESTER 56, qui \u00e9tait encadr\u00e9e dans le Finist\u00e8re par G\u00e9rard LE POMMELET, Guy NIVINOU et Alain RAUDE. A noter que Kevin SADOUDI, qui semblait bien en jambes,\u00a0a malheureusement \u00e9t\u00e9 contraint \u00e0 l&rsquo;abandon suite \u00e0 une piqure de gu\u00eape.<\/p>\n<p><span style=\"text-decoration: underline;\"><strong>Classement :<\/strong><\/span><\/p>\n<p>1 LEROY Romain US Montauban 82<br \/>\n2 COOPER Joseph C\u00f4tes d&rsquo;Armor &#8211; Marie Morin<br \/>\n<span style=\"background-color: #ff6600;\">3 RAGOT Vincent AC Lanester 56<\/span><br \/>\n4 RAVALEU St\u00e9fan UC Briochine<br \/>\n<span style=\"background-color: #ff6600;\">5 NIVINOU Mael AC Lanester 56 1er 2 e cat\u00e9gorie<\/span><br \/>\n<span style=\"background-color: #ff6600;\">6 RAULT Yann\tAC Lanester 56<\/span><br \/>\n7 LE LAVANDIER Maxime Sojasun Espoir<br \/>\n<span style=\"background-color: #ff6600;\">8 GUEGO Vincent AC Lanester 56<\/span><br \/>\n<span style=\"background-color: #ff6600;\">9 POILVET Ludovic AC Lanester 56<\/span><br \/>\n10 CORBEL Erwan Sojasun Espoir<\/p>\n<p>&nbsp;<\/p>\n","protected":false},"excerpt":{"rendered":"<p>Le r\u00e9put\u00e9 Circuit du Ponthou, qui avait lieu traditionnellement \u00e0 la fin du mois d&rsquo;aout, s&rsquo;est d\u00e9roul\u00e9 dimanche dernier. La [&hellip;]<\/p>\n","protected":false},"author":14,"featured_media":9042,"comment_status":"open","ping_status":"closed","sticky":false,"template":"","format":"standard","meta":{"ngg_post_thumbnail":0,"footnotes":""},"categories":[5,14,16,17],"tags":[],"class_list":["post-9040","post","type-post","status-publish","format-standard","has-post-thumbnail","hentry","category-ac-lanester-56","category-actualites-dn","category-resultats","category-resultats-dn"],"yoast_head":"<!-- This site is optimized with the Yoast SEO plugin v27.5 - https:\/\/yoast.com\/product\/yoast-seo-wordpress\/ -->\n<title>Tir group\u00e9 lanest\u00e9rien sur le Circuit du Viaduc au Ponthou ! - Avenir Cycliste Lanester 56<\/title>\n<meta name=\"robots\" content=\"index, follow, max-snippet:-1, max-image-preview:large, max-video-preview:-1\" \/>\n<link rel=\"canonical\" href=\"https:\/\/www.aclanester56.com\/velo\/tir-groupe-lanesterien-sur-le-circuit-du-viaduc-au-ponthou\/\" \/>\n<meta property=\"og:locale\" content=\"fr_FR\" \/>\n<meta property=\"og:type\" content=\"article\" \/>\n<meta property=\"og:title\" content=\"Tir group\u00e9 lanest\u00e9rien sur le Circuit du Viaduc au Ponthou ! - Avenir Cycliste Lanester 56\" \/>\n<meta property=\"og:description\" content=\"Le r\u00e9put\u00e9 Circuit du Ponthou, qui avait lieu traditionnellement \u00e0 la fin du mois d&rsquo;aout, s&rsquo;est d\u00e9roul\u00e9 dimanche dernier. La [&hellip;]\" \/>\n<meta property=\"og:url\" content=\"https:\/\/www.aclanester56.com\/velo\/tir-groupe-lanesterien-sur-le-circuit-du-viaduc-au-ponthou\/\" \/>\n<meta property=\"og:site_name\" content=\"Avenir Cycliste Lanester 56\" \/>\n<meta property=\"article:publisher\" content=\"https:\/\/www.facebook.com\/pages\/AC-Lanester-56\/190286300991242?fref=ts\" \/>\n<meta property=\"article:published_time\" content=\"2011-06-28T22:19:26+00:00\" \/>\n<meta property=\"article:modified_time\" content=\"2011-07-01T17:44:05+00:00\" \/>\n<meta property=\"og:image\" content=\"https:\/\/www.aclanester56.com\/velo\/wp-content\/uploads\/2011\/06\/Vincent-Ragot-2-Copie.jpg\" \/>\n\t<meta property=\"og:image:width\" content=\"650\" \/>\n\t<meta property=\"og:image:height\" content=\"300\" \/>\n\t<meta property=\"og:image:type\" content=\"image\/jpeg\" \/>\n<meta name=\"author\" content=\"Jean-Christophe\" \/>\n<meta name=\"twitter:label1\" content=\"\u00c9crit par\" \/>\n\t<meta name=\"twitter:data1\" content=\"Jean-Christophe\" \/>\n\t<meta name=\"twitter:label2\" content=\"Dur\u00e9e de lecture estim\u00e9e\" \/>\n\t<meta name=\"twitter:data2\" content=\"2 minutes\" \/>\n<script type=\"application\/ld+json\" class=\"yoast-schema-graph\">{\"@context\":\"https:\\\/\\\/schema.org\",\"@graph\":[{\"@type\":\"Article\",\"@id\":\"https:\\\/\\\/www.aclanester56.com\\\/velo\\\/tir-groupe-lanesterien-sur-le-circuit-du-viaduc-au-ponthou\\\/#article\",\"isPartOf\":{\"@id\":\"https:\\\/\\\/www.aclanester56.com\\\/velo\\\/tir-groupe-lanesterien-sur-le-circuit-du-viaduc-au-ponthou\\\/\"},\"author\":{\"name\":\"Jean-Christophe\",\"@id\":\"https:\\\/\\\/www.aclanester56.com\\\/velo\\\/#\\\/schema\\\/person\\\/ca2a44a5fd969e9dd846c72d3b33bc01\"},\"headline\":\"Tir group\u00e9 lanest\u00e9rien sur le Circuit du Viaduc au Ponthou !\",\"datePublished\":\"2011-06-28T22:19:26+00:00\",\"dateModified\":\"2011-07-01T17:44:05+00:00\",\"mainEntityOfPage\":{\"@id\":\"https:\\\/\\\/www.aclanester56.com\\\/velo\\\/tir-groupe-lanesterien-sur-le-circuit-du-viaduc-au-ponthou\\\/\"},\"wordCount\":316,\"commentCount\":0,\"publisher\":{\"@id\":\"https:\\\/\\\/www.aclanester56.com\\\/velo\\\/#organization\"},\"image\":{\"@id\":\"https:\\\/\\\/www.aclanester56.com\\\/velo\\\/tir-groupe-lanesterien-sur-le-circuit-du-viaduc-au-ponthou\\\/#primaryimage\"},\"thumbnailUrl\":\"https:\\\/\\\/www.aclanester56.com\\\/velo\\\/wp-content\\\/uploads\\\/2011\\\/06\\\/Vincent-Ragot-2-Copie.jpg\",\"articleSection\":[\"AC LANESTER 56\",\"Actualit\u00e9s DN\",\"R\u00e9sultats\",\"R\u00e9sultats DN\"],\"inLanguage\":\"fr-FR\",\"potentialAction\":[{\"@type\":\"CommentAction\",\"name\":\"Comment\",\"target\":[\"https:\\\/\\\/www.aclanester56.com\\\/velo\\\/tir-groupe-lanesterien-sur-le-circuit-du-viaduc-au-ponthou\\\/#respond\"]}]},{\"@type\":\"WebPage\",\"@id\":\"https:\\\/\\\/www.aclanester56.com\\\/velo\\\/tir-groupe-lanesterien-sur-le-circuit-du-viaduc-au-ponthou\\\/\",\"url\":\"https:\\\/\\\/www.aclanester56.com\\\/velo\\\/tir-groupe-lanesterien-sur-le-circuit-du-viaduc-au-ponthou\\\/\",\"name\":\"Tir group\u00e9 lanest\u00e9rien sur le Circuit du Viaduc au Ponthou ! - Avenir Cycliste Lanester 56\",\"isPartOf\":{\"@id\":\"https:\\\/\\\/www.aclanester56.com\\\/velo\\\/#website\"},\"primaryImageOfPage\":{\"@id\":\"https:\\\/\\\/www.aclanester56.com\\\/velo\\\/tir-groupe-lanesterien-sur-le-circuit-du-viaduc-au-ponthou\\\/#primaryimage\"},\"image\":{\"@id\":\"https:\\\/\\\/www.aclanester56.com\\\/velo\\\/tir-groupe-lanesterien-sur-le-circuit-du-viaduc-au-ponthou\\\/#primaryimage\"},\"thumbnailUrl\":\"https:\\\/\\\/www.aclanester56.com\\\/velo\\\/wp-content\\\/uploads\\\/2011\\\/06\\\/Vincent-Ragot-2-Copie.jpg\",\"datePublished\":\"2011-06-28T22:19:26+00:00\",\"dateModified\":\"2011-07-01T17:44:05+00:00\",\"inLanguage\":\"fr-FR\",\"potentialAction\":[{\"@type\":\"ReadAction\",\"target\":[\"https:\\\/\\\/www.aclanester56.com\\\/velo\\\/tir-groupe-lanesterien-sur-le-circuit-du-viaduc-au-ponthou\\\/\"]}]},{\"@type\":\"ImageObject\",\"inLanguage\":\"fr-FR\",\"@id\":\"https:\\\/\\\/www.aclanester56.com\\\/velo\\\/tir-groupe-lanesterien-sur-le-circuit-du-viaduc-au-ponthou\\\/#primaryimage\",\"url\":\"https:\\\/\\\/www.aclanester56.com\\\/velo\\\/wp-content\\\/uploads\\\/2011\\\/06\\\/Vincent-Ragot-2-Copie.jpg\",\"contentUrl\":\"https:\\\/\\\/www.aclanester56.com\\\/velo\\\/wp-content\\\/uploads\\\/2011\\\/06\\\/Vincent-Ragot-2-Copie.jpg\",\"width\":650,\"height\":300},{\"@type\":\"WebSite\",\"@id\":\"https:\\\/\\\/www.aclanester56.com\\\/velo\\\/#website\",\"url\":\"https:\\\/\\\/www.aclanester56.com\\\/velo\\\/\",\"name\":\"Avenir Cycliste Lanester 56\",\"description\":\"Club cycliste de l&#039;AC LANESTER 56\",\"publisher\":{\"@id\":\"https:\\\/\\\/www.aclanester56.com\\\/velo\\\/#organization\"},\"potentialAction\":[{\"@type\":\"SearchAction\",\"target\":{\"@type\":\"EntryPoint\",\"urlTemplate\":\"https:\\\/\\\/www.aclanester56.com\\\/velo\\\/?s={search_term_string}\"},\"query-input\":{\"@type\":\"PropertyValueSpecification\",\"valueRequired\":true,\"valueName\":\"search_term_string\"}}],\"inLanguage\":\"fr-FR\"},{\"@type\":\"Organization\",\"@id\":\"https:\\\/\\\/www.aclanester56.com\\\/velo\\\/#organization\",\"name\":\"Avenir Cycliste Lanester 56\",\"url\":\"https:\\\/\\\/www.aclanester56.com\\\/velo\\\/\",\"logo\":{\"@type\":\"ImageObject\",\"inLanguage\":\"fr-FR\",\"@id\":\"https:\\\/\\\/www.aclanester56.com\\\/velo\\\/#\\\/schema\\\/logo\\\/image\\\/\",\"url\":\"https:\\\/\\\/www.aclanester56.com\\\/velo\\\/wp-content\\\/uploads\\\/2013\\\/04\\\/logo-ACL.jpg\",\"contentUrl\":\"https:\\\/\\\/www.aclanester56.com\\\/velo\\\/wp-content\\\/uploads\\\/2013\\\/04\\\/logo-ACL.jpg\",\"width\":400,\"height\":334,\"caption\":\"Avenir Cycliste Lanester 56\"},\"image\":{\"@id\":\"https:\\\/\\\/www.aclanester56.com\\\/velo\\\/#\\\/schema\\\/logo\\\/image\\\/\"},\"sameAs\":[\"https:\\\/\\\/www.facebook.com\\\/pages\\\/AC-Lanester-56\\\/190286300991242?fref=ts\"]},{\"@type\":\"Person\",\"@id\":\"https:\\\/\\\/www.aclanester56.com\\\/velo\\\/#\\\/schema\\\/person\\\/ca2a44a5fd969e9dd846c72d3b33bc01\",\"name\":\"Jean-Christophe\",\"url\":\"https:\\\/\\\/www.aclanester56.com\\\/velo\\\/author\\\/jeanchristophe\\\/\"}]}<\/script>\n<!-- \/ Yoast SEO plugin. -->","yoast_head_json":{"title":"Tir group\u00e9 lanest\u00e9rien sur le Circuit du Viaduc au Ponthou ! - Avenir Cycliste Lanester 56","robots":{"index":"index","follow":"follow","max-snippet":"max-snippet:-1","max-image-preview":"max-image-preview:large","max-video-preview":"max-video-preview:-1"},"canonical":"https:\/\/www.aclanester56.com\/velo\/tir-groupe-lanesterien-sur-le-circuit-du-viaduc-au-ponthou\/","og_locale":"fr_FR","og_type":"article","og_title":"Tir group\u00e9 lanest\u00e9rien sur le Circuit du Viaduc au Ponthou ! - Avenir Cycliste Lanester 56","og_description":"Le r\u00e9put\u00e9 Circuit du Ponthou, qui avait lieu traditionnellement \u00e0 la fin du mois d&rsquo;aout, s&rsquo;est d\u00e9roul\u00e9 dimanche dernier. La [&hellip;]","og_url":"https:\/\/www.aclanester56.com\/velo\/tir-groupe-lanesterien-sur-le-circuit-du-viaduc-au-ponthou\/","og_site_name":"Avenir Cycliste Lanester 56","article_publisher":"https:\/\/www.facebook.com\/pages\/AC-Lanester-56\/190286300991242?fref=ts","article_published_time":"2011-06-28T22:19:26+00:00","article_modified_time":"2011-07-01T17:44:05+00:00","og_image":[{"width":650,"height":300,"url":"https:\/\/www.aclanester56.com\/velo\/wp-content\/uploads\/2011\/06\/Vincent-Ragot-2-Copie.jpg","type":"image\/jpeg"}],"author":"Jean-Christophe","twitter_misc":{"\u00c9crit par":"Jean-Christophe","Dur\u00e9e de lecture estim\u00e9e":"2 minutes"},"schema":{"@context":"https:\/\/schema.org","@graph":[{"@type":"Article","@id":"https:\/\/www.aclanester56.com\/velo\/tir-groupe-lanesterien-sur-le-circuit-du-viaduc-au-ponthou\/#article","isPartOf":{"@id":"https:\/\/www.aclanester56.com\/velo\/tir-groupe-lanesterien-sur-le-circuit-du-viaduc-au-ponthou\/"},"author":{"name":"Jean-Christophe","@id":"https:\/\/www.aclanester56.com\/velo\/#\/schema\/person\/ca2a44a5fd969e9dd846c72d3b33bc01"},"headline":"Tir group\u00e9 lanest\u00e9rien sur le Circuit du Viaduc au Ponthou !","datePublished":"2011-06-28T22:19:26+00:00","dateModified":"2011-07-01T17:44:05+00:00","mainEntityOfPage":{"@id":"https:\/\/www.aclanester56.com\/velo\/tir-groupe-lanesterien-sur-le-circuit-du-viaduc-au-ponthou\/"},"wordCount":316,"commentCount":0,"publisher":{"@id":"https:\/\/www.aclanester56.com\/velo\/#organization"},"image":{"@id":"https:\/\/www.aclanester56.com\/velo\/tir-groupe-lanesterien-sur-le-circuit-du-viaduc-au-ponthou\/#primaryimage"},"thumbnailUrl":"https:\/\/www.aclanester56.com\/velo\/wp-content\/uploads\/2011\/06\/Vincent-Ragot-2-Copie.jpg","articleSection":["AC LANESTER 56","Actualit\u00e9s DN","R\u00e9sultats","R\u00e9sultats DN"],"inLanguage":"fr-FR","potentialAction":[{"@type":"CommentAction","name":"Comment","target":["https:\/\/www.aclanester56.com\/velo\/tir-groupe-lanesterien-sur-le-circuit-du-viaduc-au-ponthou\/#respond"]}]},{"@type":"WebPage","@id":"https:\/\/www.aclanester56.com\/velo\/tir-groupe-lanesterien-sur-le-circuit-du-viaduc-au-ponthou\/","url":"https:\/\/www.aclanester56.com\/velo\/tir-groupe-lanesterien-sur-le-circuit-du-viaduc-au-ponthou\/","name":"Tir group\u00e9 lanest\u00e9rien sur le Circuit du Viaduc au Ponthou ! - Avenir Cycliste Lanester 56","isPartOf":{"@id":"https:\/\/www.aclanester56.com\/velo\/#website"},"primaryImageOfPage":{"@id":"https:\/\/www.aclanester56.com\/velo\/tir-groupe-lanesterien-sur-le-circuit-du-viaduc-au-ponthou\/#primaryimage"},"image":{"@id":"https:\/\/www.aclanester56.com\/velo\/tir-groupe-lanesterien-sur-le-circuit-du-viaduc-au-ponthou\/#primaryimage"},"thumbnailUrl":"https:\/\/www.aclanester56.com\/velo\/wp-content\/uploads\/2011\/06\/Vincent-Ragot-2-Copie.jpg","datePublished":"2011-06-28T22:19:26+00:00","dateModified":"2011-07-01T17:44:05+00:00","inLanguage":"fr-FR","potentialAction":[{"@type":"ReadAction","target":["https:\/\/www.aclanester56.com\/velo\/tir-groupe-lanesterien-sur-le-circuit-du-viaduc-au-ponthou\/"]}]},{"@type":"ImageObject","inLanguage":"fr-FR","@id":"https:\/\/www.aclanester56.com\/velo\/tir-groupe-lanesterien-sur-le-circuit-du-viaduc-au-ponthou\/#primaryimage","url":"https:\/\/www.aclanester56.com\/velo\/wp-content\/uploads\/2011\/06\/Vincent-Ragot-2-Copie.jpg","contentUrl":"https:\/\/www.aclanester56.com\/velo\/wp-content\/uploads\/2011\/06\/Vincent-Ragot-2-Copie.jpg","width":650,"height":300},{"@type":"WebSite","@id":"https:\/\/www.aclanester56.com\/velo\/#website","url":"https:\/\/www.aclanester56.com\/velo\/","name":"Avenir Cycliste Lanester 56","description":"Club cycliste de l&#039;AC LANESTER 56","publisher":{"@id":"https:\/\/www.aclanester56.com\/velo\/#organization"},"potentialAction":[{"@type":"SearchAction","target":{"@type":"EntryPoint","urlTemplate":"https:\/\/www.aclanester56.com\/velo\/?s={search_term_string}"},"query-input":{"@type":"PropertyValueSpecification","valueRequired":true,"valueName":"search_term_string"}}],"inLanguage":"fr-FR"},{"@type":"Organization","@id":"https:\/\/www.aclanester56.com\/velo\/#organization","name":"Avenir Cycliste Lanester 56","url":"https:\/\/www.aclanester56.com\/velo\/","logo":{"@type":"ImageObject","inLanguage":"fr-FR","@id":"https:\/\/www.aclanester56.com\/velo\/#\/schema\/logo\/image\/","url":"https:\/\/www.aclanester56.com\/velo\/wp-content\/uploads\/2013\/04\/logo-ACL.jpg","contentUrl":"https:\/\/www.aclanester56.com\/velo\/wp-content\/uploads\/2013\/04\/logo-ACL.jpg","width":400,"height":334,"caption":"Avenir Cycliste Lanester 56"},"image":{"@id":"https:\/\/www.aclanester56.com\/velo\/#\/schema\/logo\/image\/"},"sameAs":["https:\/\/www.facebook.com\/pages\/AC-Lanester-56\/190286300991242?fref=ts"]},{"@type":"Person","@id":"https:\/\/www.aclanester56.com\/velo\/#\/schema\/person\/ca2a44a5fd969e9dd846c72d3b33bc01","name":"Jean-Christophe","url":"https:\/\/www.aclanester56.com\/velo\/author\/jeanchristophe\/"}]}},"_links":{"self":[{"href":"https:\/\/www.aclanester56.com\/velo\/wp-json\/wp\/v2\/posts\/9040","targetHints":{"allow":["GET"]}}],"collection":[{"href":"https:\/\/www.aclanester56.com\/velo\/wp-json\/wp\/v2\/posts"}],"about":[{"href":"https:\/\/www.aclanester56.com\/velo\/wp-json\/wp\/v2\/types\/post"}],"author":[{"embeddable":true,"href":"https:\/\/www.aclanester56.com\/velo\/wp-json\/wp\/v2\/users\/14"}],"replies":[{"embeddable":true,"href":"https:\/\/www.aclanester56.com\/velo\/wp-json\/wp\/v2\/comments?post=9040"}],"version-history":[{"count":0,"href":"https:\/\/www.aclanester56.com\/velo\/wp-json\/wp\/v2\/posts\/9040\/revisions"}],"wp:featuredmedia":[{"embeddable":true,"href":"https:\/\/www.aclanester56.com\/velo\/wp-json\/wp\/v2\/media\/9042"}],"wp:attachment":[{"href":"https:\/\/www.aclanester56.com\/velo\/wp-json\/wp\/v2\/media?parent=9040"}],"wp:term":[{"taxonomy":"category","embeddable":true,"href":"https:\/\/www.aclanester56.com\/velo\/wp-json\/wp\/v2\/categories?post=9040"},{"taxonomy":"post_tag","embeddable":true,"href":"https:\/\/www.aclanester56.com\/velo\/wp-json\/wp\/v2\/tags?post=9040"}],"curies":[{"name":"wp","href":"https:\/\/api.w.org\/{rel}","templated":true}]}}