{"id":9111,"date":"2011-07-04T12:34:24","date_gmt":"2011-07-04T11:34:24","guid":{"rendered":"http:\/\/www.aclanester56.com\/velo\/?p=9111"},"modified":"2011-07-06T23:12:57","modified_gmt":"2011-07-06T22:12:57","slug":"le-tour-de-france-passe-par-lanester-demain","status":"publish","type":"post","link":"https:\/\/www.aclanester56.com\/velo\/le-tour-de-france-passe-par-lanester-demain\/","title":{"rendered":"Le Tour de France passe par Lanester demain !"},"content":{"rendered":"<p><a href=\"http:\/\/www.aclanester56.com\/velo\/wp-content\/uploads\/2011\/07\/tour-de-france1.bmp\" ><img loading=\"lazy\" decoding=\"async\" src=\"http:\/\/www.aclanester56.com\/velo\/wp-content\/uploads\/2011\/07\/tour-de-france1.bmp\" width=\"200\" height=\"206\" alt=\"\" title=\"Demain, le Tour de France empruntera les rues de Lanester \u00e0 l&#039;occasion de la 4\u00e8me \u00e9tape de l&#039;\u00e9dition 2011 ! (photo magazine Reflets de Lanester www.lanester.com)\" class=\"alignleft size-full wp-image-9116\" \/><\/a><\/p>\n<p style=\"text-align: justify;\">Pour la quatri\u00e8me \u00e9tape du Tour de France 2011 qui se d\u00e9roulera demain, le peloton du Tour de France s&rsquo;\u00e9lancera depuis Lorient en direction de M\u00fbr-de-Bretagne, en donnant quelques tours de roue sur la commune de Lanester.<\/p>\n<p style=\"text-align: justify;\"><!--more--><\/p>\n<p style=\"text-align: justify;\"><span style=\"color: #ff6600;\"><strong>Le circuit lanest\u00e9rien<\/strong><\/span><\/p>\n<p style=\"text-align: justify;\">Apr\u00e8s le d\u00e9part qui aura lieu au niveau de la Cit\u00e9 de la voile \u00e0 Lorient, les Cadel Evans, Andy Schleck, Alberto Contador, Philippe Gilbert, Thomas Voeckler et les autres stars du cyclisme mondial emprunteront le pont St Christophe, avant de remonter la rue Jean Jaur\u00e8s, la rue Ambroise Croizat, pour rejoindre le Rond-Point de Lann Sevelin, et enfin quitter Lanester par la rue Dominique Aragon.<\/p>\n<p style=\"text-align: justify;\"><span style=\"color: #ff6600;\"><strong>Les horaires<\/strong><\/span><\/p>\n<p style=\"text-align: justify;\">Le peloton passera sur Lanester aux alentours de 13H. La caravane publicitaire Tour de France qui pr\u00e9c\u00e8de les coureurs, est attendue \u00e0 11H19 et devrait \u00eatre g\u00e9n\u00e9reuse en petits cadeaux !<\/p>\n<p style=\"text-align: justify;\"><span style=\"color: #ff6600;\"><strong>Allure r\u00e9duite pour cause de d\u00e9part fictif<\/strong><\/span><\/p>\n<p style=\"text-align: justify;\">La course passera \u00e0 allure r\u00e9duite puisque ce circuit constitue le d\u00e9part fictif de cette 4\u00e8me \u00e9tape du Tour. De meilleures chances de pouvoir esp\u00e9rer reconna\u00eetre votre idole dans le peloton des 198 coureurs ! Le d\u00e9part r\u00e9el sera donn\u00e9 \u00e0 la sortie de la zone de Lann Sevelin et l&rsquo;\u00e9tape s&rsquo;ach\u00e8vera au sommet de la difficile c\u00f4te de M\u00fbr-de-Bretagne, dans un final qui s&rsquo;annonce extr\u00eamement spectaculaire !<\/p>\n<p style=\"text-align: justify;\">&nbsp;<\/p>\n<p>&nbsp;<\/p>\n","protected":false},"excerpt":{"rendered":"<p>Pour la quatri\u00e8me \u00e9tape du Tour de France 2011 qui se d\u00e9roulera demain, le peloton du Tour de France s&rsquo;\u00e9lancera [&hellip;]<\/p>\n","protected":false},"author":14,"featured_media":9117,"comment_status":"open","ping_status":"closed","sticky":false,"template":"","format":"standard","meta":{"ngg_post_thumbnail":0,"footnotes":""},"categories":[5,6],"tags":[],"class_list":["post-9111","post","type-post","status-publish","format-standard","has-post-thumbnail","hentry","category-ac-lanester-56","category-les-rendez-vous"],"yoast_head":"<!-- This site is optimized with the Yoast SEO plugin v27.5 - https:\/\/yoast.com\/product\/yoast-seo-wordpress\/ -->\n<title>Le Tour de France passe par Lanester demain ! - Avenir Cycliste Lanester 56<\/title>\n<meta name=\"robots\" content=\"index, follow, max-snippet:-1, max-image-preview:large, max-video-preview:-1\" \/>\n<link rel=\"canonical\" href=\"https:\/\/www.aclanester56.com\/velo\/le-tour-de-france-passe-par-lanester-demain\/\" \/>\n<meta property=\"og:locale\" content=\"fr_FR\" \/>\n<meta property=\"og:type\" content=\"article\" \/>\n<meta property=\"og:title\" content=\"Le Tour de France passe par Lanester demain ! - Avenir Cycliste Lanester 56\" \/>\n<meta property=\"og:description\" content=\"Pour la quatri\u00e8me \u00e9tape du Tour de France 2011 qui se d\u00e9roulera demain, le peloton du Tour de France s&rsquo;\u00e9lancera [&hellip;]\" \/>\n<meta property=\"og:url\" content=\"https:\/\/www.aclanester56.com\/velo\/le-tour-de-france-passe-par-lanester-demain\/\" \/>\n<meta property=\"og:site_name\" content=\"Avenir Cycliste Lanester 56\" \/>\n<meta property=\"article:publisher\" content=\"https:\/\/www.facebook.com\/pages\/AC-Lanester-56\/190286300991242?fref=ts\" \/>\n<meta property=\"article:published_time\" content=\"2011-07-04T11:34:24+00:00\" \/>\n<meta property=\"article:modified_time\" content=\"2011-07-06T22:12:57+00:00\" \/>\n<meta property=\"og:image\" content=\"https:\/\/www.aclanester56.com\/velo\/wp-content\/uploads\/2011\/07\/RTEmagicC_tdfbandeau_bas.jpg.jpg\" \/>\n\t<meta property=\"og:image:width\" content=\"600\" \/>\n\t<meta property=\"og:image:height\" content=\"284\" \/>\n\t<meta property=\"og:image:type\" content=\"image\/jpeg\" \/>\n<meta name=\"author\" content=\"Jean-Christophe\" \/>\n<meta name=\"twitter:label1\" content=\"\u00c9crit par\" \/>\n\t<meta name=\"twitter:data1\" content=\"Jean-Christophe\" \/>\n\t<meta name=\"twitter:label2\" content=\"Dur\u00e9e de lecture estim\u00e9e\" \/>\n\t<meta name=\"twitter:data2\" content=\"1 minute\" \/>\n<script type=\"application\/ld+json\" class=\"yoast-schema-graph\">{\"@context\":\"https:\\\/\\\/schema.org\",\"@graph\":[{\"@type\":\"Article\",\"@id\":\"https:\\\/\\\/www.aclanester56.com\\\/velo\\\/le-tour-de-france-passe-par-lanester-demain\\\/#article\",\"isPartOf\":{\"@id\":\"https:\\\/\\\/www.aclanester56.com\\\/velo\\\/le-tour-de-france-passe-par-lanester-demain\\\/\"},\"author\":{\"name\":\"Jean-Christophe\",\"@id\":\"https:\\\/\\\/www.aclanester56.com\\\/velo\\\/#\\\/schema\\\/person\\\/ca2a44a5fd969e9dd846c72d3b33bc01\"},\"headline\":\"Le Tour de France passe par Lanester demain !\",\"datePublished\":\"2011-07-04T11:34:24+00:00\",\"dateModified\":\"2011-07-06T22:12:57+00:00\",\"mainEntityOfPage\":{\"@id\":\"https:\\\/\\\/www.aclanester56.com\\\/velo\\\/le-tour-de-france-passe-par-lanester-demain\\\/\"},\"wordCount\":240,\"commentCount\":0,\"publisher\":{\"@id\":\"https:\\\/\\\/www.aclanester56.com\\\/velo\\\/#organization\"},\"image\":{\"@id\":\"https:\\\/\\\/www.aclanester56.com\\\/velo\\\/le-tour-de-france-passe-par-lanester-demain\\\/#primaryimage\"},\"thumbnailUrl\":\"https:\\\/\\\/www.aclanester56.com\\\/velo\\\/wp-content\\\/uploads\\\/2011\\\/07\\\/RTEmagicC_tdfbandeau_bas.jpg.jpg\",\"articleSection\":[\"AC LANESTER 56\",\"Les rendez-vous\"],\"inLanguage\":\"fr-FR\",\"potentialAction\":[{\"@type\":\"CommentAction\",\"name\":\"Comment\",\"target\":[\"https:\\\/\\\/www.aclanester56.com\\\/velo\\\/le-tour-de-france-passe-par-lanester-demain\\\/#respond\"]}]},{\"@type\":\"WebPage\",\"@id\":\"https:\\\/\\\/www.aclanester56.com\\\/velo\\\/le-tour-de-france-passe-par-lanester-demain\\\/\",\"url\":\"https:\\\/\\\/www.aclanester56.com\\\/velo\\\/le-tour-de-france-passe-par-lanester-demain\\\/\",\"name\":\"Le Tour de France passe par Lanester demain ! - Avenir Cycliste Lanester 56\",\"isPartOf\":{\"@id\":\"https:\\\/\\\/www.aclanester56.com\\\/velo\\\/#website\"},\"primaryImageOfPage\":{\"@id\":\"https:\\\/\\\/www.aclanester56.com\\\/velo\\\/le-tour-de-france-passe-par-lanester-demain\\\/#primaryimage\"},\"image\":{\"@id\":\"https:\\\/\\\/www.aclanester56.com\\\/velo\\\/le-tour-de-france-passe-par-lanester-demain\\\/#primaryimage\"},\"thumbnailUrl\":\"https:\\\/\\\/www.aclanester56.com\\\/velo\\\/wp-content\\\/uploads\\\/2011\\\/07\\\/RTEmagicC_tdfbandeau_bas.jpg.jpg\",\"datePublished\":\"2011-07-04T11:34:24+00:00\",\"dateModified\":\"2011-07-06T22:12:57+00:00\",\"inLanguage\":\"fr-FR\",\"potentialAction\":[{\"@type\":\"ReadAction\",\"target\":[\"https:\\\/\\\/www.aclanester56.com\\\/velo\\\/le-tour-de-france-passe-par-lanester-demain\\\/\"]}]},{\"@type\":\"ImageObject\",\"inLanguage\":\"fr-FR\",\"@id\":\"https:\\\/\\\/www.aclanester56.com\\\/velo\\\/le-tour-de-france-passe-par-lanester-demain\\\/#primaryimage\",\"url\":\"https:\\\/\\\/www.aclanester56.com\\\/velo\\\/wp-content\\\/uploads\\\/2011\\\/07\\\/RTEmagicC_tdfbandeau_bas.jpg.jpg\",\"contentUrl\":\"https:\\\/\\\/www.aclanester56.com\\\/velo\\\/wp-content\\\/uploads\\\/2011\\\/07\\\/RTEmagicC_tdfbandeau_bas.jpg.jpg\",\"width\":600,\"height\":284},{\"@type\":\"WebSite\",\"@id\":\"https:\\\/\\\/www.aclanester56.com\\\/velo\\\/#website\",\"url\":\"https:\\\/\\\/www.aclanester56.com\\\/velo\\\/\",\"name\":\"Avenir Cycliste Lanester 56\",\"description\":\"Club cycliste de l&#039;AC LANESTER 56\",\"publisher\":{\"@id\":\"https:\\\/\\\/www.aclanester56.com\\\/velo\\\/#organization\"},\"potentialAction\":[{\"@type\":\"SearchAction\",\"target\":{\"@type\":\"EntryPoint\",\"urlTemplate\":\"https:\\\/\\\/www.aclanester56.com\\\/velo\\\/?s={search_term_string}\"},\"query-input\":{\"@type\":\"PropertyValueSpecification\",\"valueRequired\":true,\"valueName\":\"search_term_string\"}}],\"inLanguage\":\"fr-FR\"},{\"@type\":\"Organization\",\"@id\":\"https:\\\/\\\/www.aclanester56.com\\\/velo\\\/#organization\",\"name\":\"Avenir Cycliste Lanester 56\",\"url\":\"https:\\\/\\\/www.aclanester56.com\\\/velo\\\/\",\"logo\":{\"@type\":\"ImageObject\",\"inLanguage\":\"fr-FR\",\"@id\":\"https:\\\/\\\/www.aclanester56.com\\\/velo\\\/#\\\/schema\\\/logo\\\/image\\\/\",\"url\":\"https:\\\/\\\/www.aclanester56.com\\\/velo\\\/wp-content\\\/uploads\\\/2013\\\/04\\\/logo-ACL.jpg\",\"contentUrl\":\"https:\\\/\\\/www.aclanester56.com\\\/velo\\\/wp-content\\\/uploads\\\/2013\\\/04\\\/logo-ACL.jpg\",\"width\":400,\"height\":334,\"caption\":\"Avenir Cycliste Lanester 56\"},\"image\":{\"@id\":\"https:\\\/\\\/www.aclanester56.com\\\/velo\\\/#\\\/schema\\\/logo\\\/image\\\/\"},\"sameAs\":[\"https:\\\/\\\/www.facebook.com\\\/pages\\\/AC-Lanester-56\\\/190286300991242?fref=ts\"]},{\"@type\":\"Person\",\"@id\":\"https:\\\/\\\/www.aclanester56.com\\\/velo\\\/#\\\/schema\\\/person\\\/ca2a44a5fd969e9dd846c72d3b33bc01\",\"name\":\"Jean-Christophe\",\"url\":\"https:\\\/\\\/www.aclanester56.com\\\/velo\\\/author\\\/jeanchristophe\\\/\"}]}<\/script>\n<!-- \/ Yoast SEO plugin. -->","yoast_head_json":{"title":"Le Tour de France passe par Lanester demain ! - Avenir Cycliste Lanester 56","robots":{"index":"index","follow":"follow","max-snippet":"max-snippet:-1","max-image-preview":"max-image-preview:large","max-video-preview":"max-video-preview:-1"},"canonical":"https:\/\/www.aclanester56.com\/velo\/le-tour-de-france-passe-par-lanester-demain\/","og_locale":"fr_FR","og_type":"article","og_title":"Le Tour de France passe par Lanester demain ! - Avenir Cycliste Lanester 56","og_description":"Pour la quatri\u00e8me \u00e9tape du Tour de France 2011 qui se d\u00e9roulera demain, le peloton du Tour de France s&rsquo;\u00e9lancera [&hellip;]","og_url":"https:\/\/www.aclanester56.com\/velo\/le-tour-de-france-passe-par-lanester-demain\/","og_site_name":"Avenir Cycliste Lanester 56","article_publisher":"https:\/\/www.facebook.com\/pages\/AC-Lanester-56\/190286300991242?fref=ts","article_published_time":"2011-07-04T11:34:24+00:00","article_modified_time":"2011-07-06T22:12:57+00:00","og_image":[{"width":600,"height":284,"url":"https:\/\/www.aclanester56.com\/velo\/wp-content\/uploads\/2011\/07\/RTEmagicC_tdfbandeau_bas.jpg.jpg","type":"image\/jpeg"}],"author":"Jean-Christophe","twitter_misc":{"\u00c9crit par":"Jean-Christophe","Dur\u00e9e de lecture estim\u00e9e":"1 minute"},"schema":{"@context":"https:\/\/schema.org","@graph":[{"@type":"Article","@id":"https:\/\/www.aclanester56.com\/velo\/le-tour-de-france-passe-par-lanester-demain\/#article","isPartOf":{"@id":"https:\/\/www.aclanester56.com\/velo\/le-tour-de-france-passe-par-lanester-demain\/"},"author":{"name":"Jean-Christophe","@id":"https:\/\/www.aclanester56.com\/velo\/#\/schema\/person\/ca2a44a5fd969e9dd846c72d3b33bc01"},"headline":"Le Tour de France passe par Lanester demain !","datePublished":"2011-07-04T11:34:24+00:00","dateModified":"2011-07-06T22:12:57+00:00","mainEntityOfPage":{"@id":"https:\/\/www.aclanester56.com\/velo\/le-tour-de-france-passe-par-lanester-demain\/"},"wordCount":240,"commentCount":0,"publisher":{"@id":"https:\/\/www.aclanester56.com\/velo\/#organization"},"image":{"@id":"https:\/\/www.aclanester56.com\/velo\/le-tour-de-france-passe-par-lanester-demain\/#primaryimage"},"thumbnailUrl":"https:\/\/www.aclanester56.com\/velo\/wp-content\/uploads\/2011\/07\/RTEmagicC_tdfbandeau_bas.jpg.jpg","articleSection":["AC LANESTER 56","Les rendez-vous"],"inLanguage":"fr-FR","potentialAction":[{"@type":"CommentAction","name":"Comment","target":["https:\/\/www.aclanester56.com\/velo\/le-tour-de-france-passe-par-lanester-demain\/#respond"]}]},{"@type":"WebPage","@id":"https:\/\/www.aclanester56.com\/velo\/le-tour-de-france-passe-par-lanester-demain\/","url":"https:\/\/www.aclanester56.com\/velo\/le-tour-de-france-passe-par-lanester-demain\/","name":"Le Tour de France passe par Lanester demain ! - Avenir Cycliste Lanester 56","isPartOf":{"@id":"https:\/\/www.aclanester56.com\/velo\/#website"},"primaryImageOfPage":{"@id":"https:\/\/www.aclanester56.com\/velo\/le-tour-de-france-passe-par-lanester-demain\/#primaryimage"},"image":{"@id":"https:\/\/www.aclanester56.com\/velo\/le-tour-de-france-passe-par-lanester-demain\/#primaryimage"},"thumbnailUrl":"https:\/\/www.aclanester56.com\/velo\/wp-content\/uploads\/2011\/07\/RTEmagicC_tdfbandeau_bas.jpg.jpg","datePublished":"2011-07-04T11:34:24+00:00","dateModified":"2011-07-06T22:12:57+00:00","inLanguage":"fr-FR","potentialAction":[{"@type":"ReadAction","target":["https:\/\/www.aclanester56.com\/velo\/le-tour-de-france-passe-par-lanester-demain\/"]}]},{"@type":"ImageObject","inLanguage":"fr-FR","@id":"https:\/\/www.aclanester56.com\/velo\/le-tour-de-france-passe-par-lanester-demain\/#primaryimage","url":"https:\/\/www.aclanester56.com\/velo\/wp-content\/uploads\/2011\/07\/RTEmagicC_tdfbandeau_bas.jpg.jpg","contentUrl":"https:\/\/www.aclanester56.com\/velo\/wp-content\/uploads\/2011\/07\/RTEmagicC_tdfbandeau_bas.jpg.jpg","width":600,"height":284},{"@type":"WebSite","@id":"https:\/\/www.aclanester56.com\/velo\/#website","url":"https:\/\/www.aclanester56.com\/velo\/","name":"Avenir Cycliste Lanester 56","description":"Club cycliste de l&#039;AC LANESTER 56","publisher":{"@id":"https:\/\/www.aclanester56.com\/velo\/#organization"},"potentialAction":[{"@type":"SearchAction","target":{"@type":"EntryPoint","urlTemplate":"https:\/\/www.aclanester56.com\/velo\/?s={search_term_string}"},"query-input":{"@type":"PropertyValueSpecification","valueRequired":true,"valueName":"search_term_string"}}],"inLanguage":"fr-FR"},{"@type":"Organization","@id":"https:\/\/www.aclanester56.com\/velo\/#organization","name":"Avenir Cycliste Lanester 56","url":"https:\/\/www.aclanester56.com\/velo\/","logo":{"@type":"ImageObject","inLanguage":"fr-FR","@id":"https:\/\/www.aclanester56.com\/velo\/#\/schema\/logo\/image\/","url":"https:\/\/www.aclanester56.com\/velo\/wp-content\/uploads\/2013\/04\/logo-ACL.jpg","contentUrl":"https:\/\/www.aclanester56.com\/velo\/wp-content\/uploads\/2013\/04\/logo-ACL.jpg","width":400,"height":334,"caption":"Avenir Cycliste Lanester 56"},"image":{"@id":"https:\/\/www.aclanester56.com\/velo\/#\/schema\/logo\/image\/"},"sameAs":["https:\/\/www.facebook.com\/pages\/AC-Lanester-56\/190286300991242?fref=ts"]},{"@type":"Person","@id":"https:\/\/www.aclanester56.com\/velo\/#\/schema\/person\/ca2a44a5fd969e9dd846c72d3b33bc01","name":"Jean-Christophe","url":"https:\/\/www.aclanester56.com\/velo\/author\/jeanchristophe\/"}]}},"_links":{"self":[{"href":"https:\/\/www.aclanester56.com\/velo\/wp-json\/wp\/v2\/posts\/9111","targetHints":{"allow":["GET"]}}],"collection":[{"href":"https:\/\/www.aclanester56.com\/velo\/wp-json\/wp\/v2\/posts"}],"about":[{"href":"https:\/\/www.aclanester56.com\/velo\/wp-json\/wp\/v2\/types\/post"}],"author":[{"embeddable":true,"href":"https:\/\/www.aclanester56.com\/velo\/wp-json\/wp\/v2\/users\/14"}],"replies":[{"embeddable":true,"href":"https:\/\/www.aclanester56.com\/velo\/wp-json\/wp\/v2\/comments?post=9111"}],"version-history":[{"count":0,"href":"https:\/\/www.aclanester56.com\/velo\/wp-json\/wp\/v2\/posts\/9111\/revisions"}],"wp:featuredmedia":[{"embeddable":true,"href":"https:\/\/www.aclanester56.com\/velo\/wp-json\/wp\/v2\/media\/9117"}],"wp:attachment":[{"href":"https:\/\/www.aclanester56.com\/velo\/wp-json\/wp\/v2\/media?parent=9111"}],"wp:term":[{"taxonomy":"category","embeddable":true,"href":"https:\/\/www.aclanester56.com\/velo\/wp-json\/wp\/v2\/categories?post=9111"},{"taxonomy":"post_tag","embeddable":true,"href":"https:\/\/www.aclanester56.com\/velo\/wp-json\/wp\/v2\/tags?post=9111"}],"curies":[{"name":"wp","href":"https:\/\/api.w.org\/{rel}","templated":true}]}}