{"id":9128,"date":"2011-07-04T23:55:59","date_gmt":"2011-07-04T22:55:59","guid":{"rendered":"http:\/\/www.aclanester56.com\/velo\/?p=9128"},"modified":"2011-07-08T17:52:54","modified_gmt":"2011-07-08T16:52:54","slug":"les-lanesteriens-sur-les-epreuves-de-bubry","status":"publish","type":"post","link":"https:\/\/www.aclanester56.com\/velo\/les-lanesteriens-sur-les-epreuves-de-bubry\/","title":{"rendered":"Les Lanest\u00e9riens sur les \u00e9preuves de Bubry"},"content":{"rendered":"<div id=\"attachment_9130\" style=\"width: 370px\" class=\"wp-caption alignleft\"><a href=\"http:\/\/www.aclanester56.com\/velo\/wp-content\/uploads\/2011\/07\/K\u00e9vin-Le-Gal-Y.-LewandjaT-Seveno.jpg\" ><img loading=\"lazy\" decoding=\"async\" aria-describedby=\"caption-attachment-9130\" src=\"http:\/\/www.aclanester56.com\/velo\/wp-content\/uploads\/2011\/07\/K\u00e9vin-Le-Gal-Y.-LewandjaT-Seveno.jpg\" alt=\"\" title=\"Yann Lewandja, K\u00e9vin Le Gal et Thibaut Seveno (de droite \u00e0 gauche) ont donn\u00e9 le meilleur d&#039;eux-m\u00eames \u00e0 Bubry (photo Camille NICOL)\" width=\"360\" height=\"262\" class=\"size-full wp-image-9130\" srcset=\"https:\/\/www.aclanester56.com\/velo\/wp-content\/uploads\/2011\/07\/K\u00e9vin-Le-Gal-Y.-LewandjaT-Seveno.jpg 720w, https:\/\/www.aclanester56.com\/velo\/wp-content\/uploads\/2011\/07\/K\u00e9vin-Le-Gal-Y.-LewandjaT-Seveno-300x218.jpg 300w, https:\/\/www.aclanester56.com\/velo\/wp-content\/uploads\/2011\/07\/K\u00e9vin-Le-Gal-Y.-LewandjaT-Seveno-411x300.jpg 411w\" sizes=\"auto, (max-width: 360px) 100vw, 360px\" \/><\/a><p id=\"caption-attachment-9130\" class=\"wp-caption-text\">Yann Lewandja, K\u00e9vin Le Gal et Thibaut Seveno (de droite \u00e0 gauche) ont donn\u00e9 le meilleur d&#039;eux-m\u00eames \u00e0 Bubry (photo Camille NICOL)<\/p><\/div>\n<p style=\"text-align: justify;\">La plupart des jeunes Lanest\u00e9riens \u00e9taient au d\u00e9part des \u00e9preuves organis\u00e9es par nos amis de Bubry ! Le circuit usant, la chaleur et la malchance pour certains ont contribu\u00e9 \u00e0 la difficult\u00e9 des deux courses du jour.<\/p>\n<p style=\"text-align: justify;\">&nbsp;<\/p>\n<p style=\"text-align: justify;\"><!--more--><\/p>\n<p style=\"text-align: justify;\">&nbsp;<\/p>\n<p style=\"text-align: justify;\">&nbsp;<\/p>\n<p style=\"text-align: justify;\"><span style=\"color: #ff6600;\"><strong>13 Lanest\u00e9riens au d\u00e9part de l&rsquo;\u00e9preuve cadets !<\/strong><\/span><\/p>\n<p style=\"text-align: justify;\">A Bubry, l&rsquo;\u00e9preuve cadets propose un tr\u00e8s beau plateau de 90 coureurs dont 13 de l&rsquo;AC LANESTER 56 : Pierre HOLE, Jean-Victor PICARD, Melvyn LE HEN, K\u00e9vin LE GAL,\u00a0Yann LEWANDJA, Nicolas PRIMAS, Thibaut SEVENO, Thibault MORVAN, Lo\u00efc LE BARBIER, Corentin LE BOUEDEC, Yoann SELO, Cl\u00e9ment HENRY et K\u00e9vin BARGUIL.<\/p>\n<div id=\"attachment_9134\" style=\"width: 300px\" class=\"wp-caption alignright\"><a href=\"http:\/\/www.aclanester56.com\/velo\/wp-content\/uploads\/2011\/07\/Loic-Le-Barbier-581x600.jpg\" ><img loading=\"lazy\" decoding=\"async\" aria-describedby=\"caption-attachment-9134\" src=\"http:\/\/www.aclanester56.com\/velo\/wp-content\/uploads\/2011\/07\/Loic-Le-Barbier-581x600.jpg\" alt=\"\" title=\"Loic Le Barbier s&#039;est bien battu sous le chaud soleil bubryate ! (photo Camille NICOL)\" width=\"290\" height=\"300\" class=\"size-large wp-image-9134\" srcset=\"https:\/\/www.aclanester56.com\/velo\/wp-content\/uploads\/2011\/07\/Loic-Le-Barbier-581x600.jpg 581w, https:\/\/www.aclanester56.com\/velo\/wp-content\/uploads\/2011\/07\/Loic-Le-Barbier-290x300.jpg 290w, https:\/\/www.aclanester56.com\/velo\/wp-content\/uploads\/2011\/07\/Loic-Le-Barbier.jpg 698w\" sizes=\"auto, (max-width: 290px) 100vw, 290px\" \/><\/a><p id=\"caption-attachment-9134\" class=\"wp-caption-text\">Loic Le Barbier s&#039;est bien battu sous le chaud soleil bubryate ! (photo Camille NICOL)<\/p><\/div>\n<p style=\"text-align: justify;\"><span style=\"color: #ff6600;\"><strong>25 coureurs dans le groupe de t\u00eate, chute de Pierre Hol\u00e9<\/strong><\/span><\/p>\n<p style=\"text-align: justify;\">Le circuit difficile et la chaleur\u00a0ont \u00e9tabli rapidement la s\u00e9lection. Pour Pierre HOLE, la course s&rsquo;arr\u00eate malheureusement pr\u00e9matur\u00e9ment avec une chute lors du 1er tour de circuit.Un groupe de 25 cadets se d\u00e9tache rapidement avec Melvyn LE HEN, Nicolas PRIMAS, Thibaut SEVENO, Thibault MORVAN, Cl\u00e9ment HENRY et K\u00e9vin BARGUIL. Leurs jeunes co\u00e9quipiers\u00a0se situent dans les diff\u00e9rents groupes \u00e9chelonn\u00e9s sur le circuit.<\/p>\n<p style=\"text-align: justify;\"><span style=\"color: #ff6600;\"><strong>Thibault Morvan 8\u00e8me, chute de Melvyn Le Hen<\/strong><\/span><\/p>\n<p style=\"text-align: justify;\">Ce peloton de t\u00eate se pr\u00e9sente presque group\u00e9 au bout de la derni\u00e8re ligne droite pour se disputer\u00a0le sprint. Melvyn LE HEN vire dans les premi\u00e8res positions \u00e0 200m de la ligne mais d\u00e9chausse et chute. PLus de peur que de mal pour le jeune Lanest\u00e9rien qui s&rsquo;est relev\u00e9\u00a0rapidement avec quelques \u00e9gratinures seulement. Au sprint, les Lanest\u00e9riens Thibault MORVAN et Nicolas PRIMAS prennent respectivement les 8\u00e8me et 12\u00e8me place de l&rsquo;\u00e9preuve.\u00a0Leurs co\u00e9quipiers terminent un peu plus loin.<\/p>\n<div id=\"attachment_9136\" style=\"width: 313px\" class=\"wp-caption alignleft\"><a href=\"http:\/\/www.aclanester56.com\/velo\/wp-content\/uploads\/2011\/07\/M-Le-Gal-et-H-Siby-605x600.jpg\" ><img loading=\"lazy\" decoding=\"async\" aria-describedby=\"caption-attachment-9136\" src=\"http:\/\/www.aclanester56.com\/velo\/wp-content\/uploads\/2011\/07\/M-Le-Gal-et-H-Siby-605x600.jpg\" alt=\"\" title=\"Mathieu Le Gal et Heimrick Siby ont loup\u00e9 le bon coche, mais ont montr\u00e9 de bonnes dispositions dans l&#039;\u00e9preuve des 2\u00e8me Cat (photo Camille NICOL)\" width=\"303\" height=\"300\" class=\"size-large wp-image-9136\" srcset=\"https:\/\/www.aclanester56.com\/velo\/wp-content\/uploads\/2011\/07\/M-Le-Gal-et-H-Siby-605x600.jpg 605w, https:\/\/www.aclanester56.com\/velo\/wp-content\/uploads\/2011\/07\/M-Le-Gal-et-H-Siby-150x150.jpg 150w, https:\/\/www.aclanester56.com\/velo\/wp-content\/uploads\/2011\/07\/M-Le-Gal-et-H-Siby-300x297.jpg 300w, https:\/\/www.aclanester56.com\/velo\/wp-content\/uploads\/2011\/07\/M-Le-Gal-et-H-Siby-302x300.jpg 302w, https:\/\/www.aclanester56.com\/velo\/wp-content\/uploads\/2011\/07\/M-Le-Gal-et-H-Siby.jpg 720w\" sizes=\"auto, (max-width: 303px) 100vw, 303px\" \/><\/a><p id=\"caption-attachment-9136\" class=\"wp-caption-text\">Mathieu Le Gal et Heimrick Siby ont loup\u00e9 le bon coche, mais ont montr\u00e9 de bonnes dispositions dans l&#039;\u00e9preuve des 2\u00e8me Cat (photo Camille NICOL)<\/p><\/div>\n<p style=\"text-align: justify;\"><span style=\"color: #ff6600;\"><strong>4 Lanest\u00e9riens au d\u00e9part de l&rsquo;\u00e9preuve juniors &amp; s\u00e9niors<\/strong><\/span><\/p>\n<p style=\"text-align: justify;\">Dans l&rsquo;\u00e9preuve r\u00e9serv\u00e9e aux 2\u00e8me, 3\u00e8me Cat et Juniors, le peloton \u00e9tait beaucoup moins fourni : sur les 35 coureurs seulement se pr\u00e9sentent sur la ligne de d\u00e9part, on retrouve\u00a0quatre coureurs de l&rsquo;AC LANESTER 56avec Mathieu LE GAL, Rodolphe HENRY, Heimrick SIBY et Joshua GASTINE. Un groupe d&rsquo;une quinzaine de comp\u00e9titeurs se d\u00e9tache rapidement, mais aucun de\u00a0nos jeunes Lanest\u00e9riens ne peut les accompagner.<\/p>\n<p style=\"text-align: justify;\"><span style=\"color: #ff6600;\"><strong>Steven Martin victorieux, Mathieu Le Gal 18\u00e8me<\/strong><\/span><\/p>\n<p style=\"text-align: justify;\">La victoire revient \u00e0 Steven MARTIN (SOJASUN ESPOIR), qui devance Pascal HUE (UCL HENNEBONT) et Maxime CAM (UC BRIOCHINE). Nos quatre\u00a0repr\u00e9sentants ont \u00e9t\u00e9 extr\u00eamement courageux et Mathieu LE GAL prend une belle 18\u00e8me place, juste devant Rodolphe HENRY 22\u00e8me. Heimrick SIBY termine un peu plus loin, tout comme Joshua GASTINE,\u00a0qui a fait la course \u00e0 son rythme pour ses d\u00e9buts.<\/p>\n<p><div id=\"attachment_9138\" style=\"width: 256px\" class=\"wp-caption alignright\"><a href=\"http:\/\/www.aclanester56.com\/velo\/wp-content\/uploads\/2011\/07\/Joshua-Gastine-492x600.jpg\" ><img loading=\"lazy\" decoding=\"async\" aria-describedby=\"caption-attachment-9138\" src=\"http:\/\/www.aclanester56.com\/velo\/wp-content\/uploads\/2011\/07\/Joshua-Gastine-492x600.jpg\" alt=\"\" title=\"Joshua Gastine, qui d\u00e9bute, a d\u00e9couvert le difficile circuit de Bubry ! (photo Camille NICOL)\" width=\"246\" height=\"300\" class=\"size-large wp-image-9138\" srcset=\"https:\/\/www.aclanester56.com\/velo\/wp-content\/uploads\/2011\/07\/Joshua-Gastine-492x600.jpg 492w, https:\/\/www.aclanester56.com\/velo\/wp-content\/uploads\/2011\/07\/Joshua-Gastine-246x300.jpg 246w, https:\/\/www.aclanester56.com\/velo\/wp-content\/uploads\/2011\/07\/Joshua-Gastine.jpg 591w\" sizes=\"auto, (max-width: 246px) 100vw, 246px\" \/><\/a><p id=\"caption-attachment-9138\" class=\"wp-caption-text\">Joshua Gastine, qui d\u00e9bute, a d\u00e9couvert le difficile circuit de Bubry ! (photo Camille NICOL)<\/p><\/div><br \/>\n&nbsp;<br \/>\n<span style=\"text-decoration: underline;\"><strong>Classement cadets :<\/strong><\/span><br \/>\n1 Sylvain Montana (Olympique CVO)<br \/>\n2 Nicolas Kern\u00e9is (VS Sca\u00ebrois)<br \/>\n3 Axel Journiaux (EC Rance Fr\u00e9mur)<br \/>\n4 Florian Cam (Landivisienne Cycliste)<br \/>\n5 Louis Marie Balbous (UC Quimperl\u00e9)<br \/>\n6 Maxime Jegat (ACP Baud)<br \/>\n7 Fran\u00e7ois Guezennec (VS Quimp\u00e9rois)<br \/>\n<span style=\"background-color: #ff6600;\">8 Thibault Morvan (AC Lanester 56)<\/span><br \/>\n9 Julien Lino (VS Rhuys)<br \/>\n10 Jason J\u00e9gat (ACP Baud)<br \/>\n<span style=\"background-color: #ff6600;\">12 Nicolas Primas (AC Lanester 56)<\/span><\/p>\n<p><span style=\"text-decoration: underline;\"><strong>Classement 2\u00e8me, 3\u00e8me Cat \/ Jun :<\/strong><\/span><br \/>\n1 Steven MARTIN Sojasun Espoir ACNC<br \/>\n2 Pascal HUE UCL Hennebont<br \/>\n3 Maxime CAM UC Briochine<br \/>\n4 Mickael BUREL AC Pays de Baud<br \/>\n5 Benjamin JEGAT VCP Lorient<br \/>\n6 Cl\u00e9ment GUHUR ACP Baud<br \/>\n7 Sylvain TANGUY VC Pontivy<br \/>\n8 Fabrice GIGUELAY EC Queven<br \/>\n9 Pierre NICOLLEAU VS Sca\u00ebr<br \/>\n10 Daniel COGAN UCL Hennebont<br \/>\n<span style=\"background-color: #ff6600;\">18 Mathieu LE GAL AC Lanester 56<\/span><br \/>\n<span style=\"background-color: #ff6600;\">22 Rodolphe HENRY AC Lanester 56<\/span><\/p>\n<p>&nbsp;<\/p>\n","protected":false},"excerpt":{"rendered":"<p>La plupart des jeunes Lanest\u00e9riens \u00e9taient au d\u00e9part des \u00e9preuves organis\u00e9es par nos amis de Bubry ! Le circuit usant, [&hellip;]<\/p>\n","protected":false},"author":14,"featured_media":9129,"comment_status":"open","ping_status":"closed","sticky":false,"template":"","format":"standard","meta":{"ngg_post_thumbnail":0,"footnotes":""},"categories":[5,16,19,18,22],"tags":[],"class_list":["post-9128","post","type-post","status-publish","format-standard","has-post-thumbnail","hentry","category-ac-lanester-56","category-resultats","category-resultats-2eme-categorie","category-resultats-3eme-categorie","category-resultats-cadets"],"yoast_head":"<!-- This site is optimized with the Yoast SEO plugin v27.5 - https:\/\/yoast.com\/product\/yoast-seo-wordpress\/ -->\n<title>Les Lanest\u00e9riens sur les \u00e9preuves de Bubry - Avenir Cycliste Lanester 56<\/title>\n<meta name=\"robots\" content=\"index, follow, max-snippet:-1, max-image-preview:large, max-video-preview:-1\" \/>\n<link rel=\"canonical\" href=\"https:\/\/www.aclanester56.com\/velo\/les-lanesteriens-sur-les-epreuves-de-bubry\/\" \/>\n<meta property=\"og:locale\" content=\"fr_FR\" \/>\n<meta property=\"og:type\" content=\"article\" \/>\n<meta property=\"og:title\" content=\"Les Lanest\u00e9riens sur les \u00e9preuves de Bubry - Avenir Cycliste Lanester 56\" \/>\n<meta property=\"og:description\" content=\"La plupart des jeunes Lanest\u00e9riens \u00e9taient au d\u00e9part des \u00e9preuves organis\u00e9es par nos amis de Bubry ! Le circuit usant, [&hellip;]\" \/>\n<meta property=\"og:url\" content=\"https:\/\/www.aclanester56.com\/velo\/les-lanesteriens-sur-les-epreuves-de-bubry\/\" \/>\n<meta property=\"og:site_name\" content=\"Avenir Cycliste Lanester 56\" \/>\n<meta property=\"article:publisher\" content=\"https:\/\/www.facebook.com\/pages\/AC-Lanester-56\/190286300991242?fref=ts\" \/>\n<meta property=\"article:published_time\" content=\"2011-07-04T22:55:59+00:00\" \/>\n<meta property=\"article:modified_time\" content=\"2011-07-08T16:52:54+00:00\" \/>\n<meta property=\"og:image\" content=\"https:\/\/www.aclanester56.com\/velo\/wp-content\/uploads\/2011\/07\/K\u00e9vin-Le-Gal-Y.-LewandjaT-Seveno-Copie.jpg\" \/>\n\t<meta property=\"og:image:width\" content=\"650\" \/>\n\t<meta property=\"og:image:height\" content=\"300\" \/>\n\t<meta property=\"og:image:type\" content=\"image\/jpeg\" \/>\n<meta name=\"author\" content=\"Jean-Christophe\" \/>\n<meta name=\"twitter:label1\" content=\"\u00c9crit par\" \/>\n\t<meta name=\"twitter:data1\" content=\"Jean-Christophe\" \/>\n\t<meta name=\"twitter:label2\" content=\"Dur\u00e9e de lecture estim\u00e9e\" \/>\n\t<meta name=\"twitter:data2\" content=\"3 minutes\" \/>\n<script type=\"application\/ld+json\" class=\"yoast-schema-graph\">{\"@context\":\"https:\\\/\\\/schema.org\",\"@graph\":[{\"@type\":\"Article\",\"@id\":\"https:\\\/\\\/www.aclanester56.com\\\/velo\\\/les-lanesteriens-sur-les-epreuves-de-bubry\\\/#article\",\"isPartOf\":{\"@id\":\"https:\\\/\\\/www.aclanester56.com\\\/velo\\\/les-lanesteriens-sur-les-epreuves-de-bubry\\\/\"},\"author\":{\"name\":\"Jean-Christophe\",\"@id\":\"https:\\\/\\\/www.aclanester56.com\\\/velo\\\/#\\\/schema\\\/person\\\/ca2a44a5fd969e9dd846c72d3b33bc01\"},\"headline\":\"Les Lanest\u00e9riens sur les \u00e9preuves de Bubry\",\"datePublished\":\"2011-07-04T22:55:59+00:00\",\"dateModified\":\"2011-07-08T16:52:54+00:00\",\"mainEntityOfPage\":{\"@id\":\"https:\\\/\\\/www.aclanester56.com\\\/velo\\\/les-lanesteriens-sur-les-epreuves-de-bubry\\\/\"},\"wordCount\":670,\"commentCount\":1,\"publisher\":{\"@id\":\"https:\\\/\\\/www.aclanester56.com\\\/velo\\\/#organization\"},\"image\":{\"@id\":\"https:\\\/\\\/www.aclanester56.com\\\/velo\\\/les-lanesteriens-sur-les-epreuves-de-bubry\\\/#primaryimage\"},\"thumbnailUrl\":\"https:\\\/\\\/www.aclanester56.com\\\/velo\\\/wp-content\\\/uploads\\\/2011\\\/07\\\/K\u00e9vin-Le-Gal-Y.-LewandjaT-Seveno-Copie.jpg\",\"articleSection\":[\"AC LANESTER 56\",\"R\u00e9sultats\",\"R\u00e9sultats 2eme cat\u00e9gorie\",\"R\u00e9sultats 3eme cat\u00e9gorie\",\"R\u00e9sultats Cadets\"],\"inLanguage\":\"fr-FR\",\"potentialAction\":[{\"@type\":\"CommentAction\",\"name\":\"Comment\",\"target\":[\"https:\\\/\\\/www.aclanester56.com\\\/velo\\\/les-lanesteriens-sur-les-epreuves-de-bubry\\\/#respond\"]}]},{\"@type\":\"WebPage\",\"@id\":\"https:\\\/\\\/www.aclanester56.com\\\/velo\\\/les-lanesteriens-sur-les-epreuves-de-bubry\\\/\",\"url\":\"https:\\\/\\\/www.aclanester56.com\\\/velo\\\/les-lanesteriens-sur-les-epreuves-de-bubry\\\/\",\"name\":\"Les Lanest\u00e9riens sur les \u00e9preuves de Bubry - Avenir Cycliste Lanester 56\",\"isPartOf\":{\"@id\":\"https:\\\/\\\/www.aclanester56.com\\\/velo\\\/#website\"},\"primaryImageOfPage\":{\"@id\":\"https:\\\/\\\/www.aclanester56.com\\\/velo\\\/les-lanesteriens-sur-les-epreuves-de-bubry\\\/#primaryimage\"},\"image\":{\"@id\":\"https:\\\/\\\/www.aclanester56.com\\\/velo\\\/les-lanesteriens-sur-les-epreuves-de-bubry\\\/#primaryimage\"},\"thumbnailUrl\":\"https:\\\/\\\/www.aclanester56.com\\\/velo\\\/wp-content\\\/uploads\\\/2011\\\/07\\\/K\u00e9vin-Le-Gal-Y.-LewandjaT-Seveno-Copie.jpg\",\"datePublished\":\"2011-07-04T22:55:59+00:00\",\"dateModified\":\"2011-07-08T16:52:54+00:00\",\"inLanguage\":\"fr-FR\",\"potentialAction\":[{\"@type\":\"ReadAction\",\"target\":[\"https:\\\/\\\/www.aclanester56.com\\\/velo\\\/les-lanesteriens-sur-les-epreuves-de-bubry\\\/\"]}]},{\"@type\":\"ImageObject\",\"inLanguage\":\"fr-FR\",\"@id\":\"https:\\\/\\\/www.aclanester56.com\\\/velo\\\/les-lanesteriens-sur-les-epreuves-de-bubry\\\/#primaryimage\",\"url\":\"https:\\\/\\\/www.aclanester56.com\\\/velo\\\/wp-content\\\/uploads\\\/2011\\\/07\\\/K\u00e9vin-Le-Gal-Y.-LewandjaT-Seveno-Copie.jpg\",\"contentUrl\":\"https:\\\/\\\/www.aclanester56.com\\\/velo\\\/wp-content\\\/uploads\\\/2011\\\/07\\\/K\u00e9vin-Le-Gal-Y.-LewandjaT-Seveno-Copie.jpg\",\"width\":650,\"height\":300},{\"@type\":\"WebSite\",\"@id\":\"https:\\\/\\\/www.aclanester56.com\\\/velo\\\/#website\",\"url\":\"https:\\\/\\\/www.aclanester56.com\\\/velo\\\/\",\"name\":\"Avenir Cycliste Lanester 56\",\"description\":\"Club cycliste de l&#039;AC LANESTER 56\",\"publisher\":{\"@id\":\"https:\\\/\\\/www.aclanester56.com\\\/velo\\\/#organization\"},\"potentialAction\":[{\"@type\":\"SearchAction\",\"target\":{\"@type\":\"EntryPoint\",\"urlTemplate\":\"https:\\\/\\\/www.aclanester56.com\\\/velo\\\/?s={search_term_string}\"},\"query-input\":{\"@type\":\"PropertyValueSpecification\",\"valueRequired\":true,\"valueName\":\"search_term_string\"}}],\"inLanguage\":\"fr-FR\"},{\"@type\":\"Organization\",\"@id\":\"https:\\\/\\\/www.aclanester56.com\\\/velo\\\/#organization\",\"name\":\"Avenir Cycliste Lanester 56\",\"url\":\"https:\\\/\\\/www.aclanester56.com\\\/velo\\\/\",\"logo\":{\"@type\":\"ImageObject\",\"inLanguage\":\"fr-FR\",\"@id\":\"https:\\\/\\\/www.aclanester56.com\\\/velo\\\/#\\\/schema\\\/logo\\\/image\\\/\",\"url\":\"https:\\\/\\\/www.aclanester56.com\\\/velo\\\/wp-content\\\/uploads\\\/2013\\\/04\\\/logo-ACL.jpg\",\"contentUrl\":\"https:\\\/\\\/www.aclanester56.com\\\/velo\\\/wp-content\\\/uploads\\\/2013\\\/04\\\/logo-ACL.jpg\",\"width\":400,\"height\":334,\"caption\":\"Avenir Cycliste Lanester 56\"},\"image\":{\"@id\":\"https:\\\/\\\/www.aclanester56.com\\\/velo\\\/#\\\/schema\\\/logo\\\/image\\\/\"},\"sameAs\":[\"https:\\\/\\\/www.facebook.com\\\/pages\\\/AC-Lanester-56\\\/190286300991242?fref=ts\"]},{\"@type\":\"Person\",\"@id\":\"https:\\\/\\\/www.aclanester56.com\\\/velo\\\/#\\\/schema\\\/person\\\/ca2a44a5fd969e9dd846c72d3b33bc01\",\"name\":\"Jean-Christophe\",\"url\":\"https:\\\/\\\/www.aclanester56.com\\\/velo\\\/author\\\/jeanchristophe\\\/\"}]}<\/script>\n<!-- \/ Yoast SEO plugin. -->","yoast_head_json":{"title":"Les Lanest\u00e9riens sur les \u00e9preuves de Bubry - Avenir Cycliste Lanester 56","robots":{"index":"index","follow":"follow","max-snippet":"max-snippet:-1","max-image-preview":"max-image-preview:large","max-video-preview":"max-video-preview:-1"},"canonical":"https:\/\/www.aclanester56.com\/velo\/les-lanesteriens-sur-les-epreuves-de-bubry\/","og_locale":"fr_FR","og_type":"article","og_title":"Les Lanest\u00e9riens sur les \u00e9preuves de Bubry - Avenir Cycliste Lanester 56","og_description":"La plupart des jeunes Lanest\u00e9riens \u00e9taient au d\u00e9part des \u00e9preuves organis\u00e9es par nos amis de Bubry ! Le circuit usant, [&hellip;]","og_url":"https:\/\/www.aclanester56.com\/velo\/les-lanesteriens-sur-les-epreuves-de-bubry\/","og_site_name":"Avenir Cycliste Lanester 56","article_publisher":"https:\/\/www.facebook.com\/pages\/AC-Lanester-56\/190286300991242?fref=ts","article_published_time":"2011-07-04T22:55:59+00:00","article_modified_time":"2011-07-08T16:52:54+00:00","og_image":[{"width":650,"height":300,"url":"https:\/\/www.aclanester56.com\/velo\/wp-content\/uploads\/2011\/07\/K\u00e9vin-Le-Gal-Y.-LewandjaT-Seveno-Copie.jpg","type":"image\/jpeg"}],"author":"Jean-Christophe","twitter_misc":{"\u00c9crit par":"Jean-Christophe","Dur\u00e9e de lecture estim\u00e9e":"3 minutes"},"schema":{"@context":"https:\/\/schema.org","@graph":[{"@type":"Article","@id":"https:\/\/www.aclanester56.com\/velo\/les-lanesteriens-sur-les-epreuves-de-bubry\/#article","isPartOf":{"@id":"https:\/\/www.aclanester56.com\/velo\/les-lanesteriens-sur-les-epreuves-de-bubry\/"},"author":{"name":"Jean-Christophe","@id":"https:\/\/www.aclanester56.com\/velo\/#\/schema\/person\/ca2a44a5fd969e9dd846c72d3b33bc01"},"headline":"Les Lanest\u00e9riens sur les \u00e9preuves de Bubry","datePublished":"2011-07-04T22:55:59+00:00","dateModified":"2011-07-08T16:52:54+00:00","mainEntityOfPage":{"@id":"https:\/\/www.aclanester56.com\/velo\/les-lanesteriens-sur-les-epreuves-de-bubry\/"},"wordCount":670,"commentCount":1,"publisher":{"@id":"https:\/\/www.aclanester56.com\/velo\/#organization"},"image":{"@id":"https:\/\/www.aclanester56.com\/velo\/les-lanesteriens-sur-les-epreuves-de-bubry\/#primaryimage"},"thumbnailUrl":"https:\/\/www.aclanester56.com\/velo\/wp-content\/uploads\/2011\/07\/K\u00e9vin-Le-Gal-Y.-LewandjaT-Seveno-Copie.jpg","articleSection":["AC LANESTER 56","R\u00e9sultats","R\u00e9sultats 2eme cat\u00e9gorie","R\u00e9sultats 3eme cat\u00e9gorie","R\u00e9sultats Cadets"],"inLanguage":"fr-FR","potentialAction":[{"@type":"CommentAction","name":"Comment","target":["https:\/\/www.aclanester56.com\/velo\/les-lanesteriens-sur-les-epreuves-de-bubry\/#respond"]}]},{"@type":"WebPage","@id":"https:\/\/www.aclanester56.com\/velo\/les-lanesteriens-sur-les-epreuves-de-bubry\/","url":"https:\/\/www.aclanester56.com\/velo\/les-lanesteriens-sur-les-epreuves-de-bubry\/","name":"Les Lanest\u00e9riens sur les \u00e9preuves de Bubry - Avenir Cycliste Lanester 56","isPartOf":{"@id":"https:\/\/www.aclanester56.com\/velo\/#website"},"primaryImageOfPage":{"@id":"https:\/\/www.aclanester56.com\/velo\/les-lanesteriens-sur-les-epreuves-de-bubry\/#primaryimage"},"image":{"@id":"https:\/\/www.aclanester56.com\/velo\/les-lanesteriens-sur-les-epreuves-de-bubry\/#primaryimage"},"thumbnailUrl":"https:\/\/www.aclanester56.com\/velo\/wp-content\/uploads\/2011\/07\/K\u00e9vin-Le-Gal-Y.-LewandjaT-Seveno-Copie.jpg","datePublished":"2011-07-04T22:55:59+00:00","dateModified":"2011-07-08T16:52:54+00:00","inLanguage":"fr-FR","potentialAction":[{"@type":"ReadAction","target":["https:\/\/www.aclanester56.com\/velo\/les-lanesteriens-sur-les-epreuves-de-bubry\/"]}]},{"@type":"ImageObject","inLanguage":"fr-FR","@id":"https:\/\/www.aclanester56.com\/velo\/les-lanesteriens-sur-les-epreuves-de-bubry\/#primaryimage","url":"https:\/\/www.aclanester56.com\/velo\/wp-content\/uploads\/2011\/07\/K\u00e9vin-Le-Gal-Y.-LewandjaT-Seveno-Copie.jpg","contentUrl":"https:\/\/www.aclanester56.com\/velo\/wp-content\/uploads\/2011\/07\/K\u00e9vin-Le-Gal-Y.-LewandjaT-Seveno-Copie.jpg","width":650,"height":300},{"@type":"WebSite","@id":"https:\/\/www.aclanester56.com\/velo\/#website","url":"https:\/\/www.aclanester56.com\/velo\/","name":"Avenir Cycliste Lanester 56","description":"Club cycliste de l&#039;AC LANESTER 56","publisher":{"@id":"https:\/\/www.aclanester56.com\/velo\/#organization"},"potentialAction":[{"@type":"SearchAction","target":{"@type":"EntryPoint","urlTemplate":"https:\/\/www.aclanester56.com\/velo\/?s={search_term_string}"},"query-input":{"@type":"PropertyValueSpecification","valueRequired":true,"valueName":"search_term_string"}}],"inLanguage":"fr-FR"},{"@type":"Organization","@id":"https:\/\/www.aclanester56.com\/velo\/#organization","name":"Avenir Cycliste Lanester 56","url":"https:\/\/www.aclanester56.com\/velo\/","logo":{"@type":"ImageObject","inLanguage":"fr-FR","@id":"https:\/\/www.aclanester56.com\/velo\/#\/schema\/logo\/image\/","url":"https:\/\/www.aclanester56.com\/velo\/wp-content\/uploads\/2013\/04\/logo-ACL.jpg","contentUrl":"https:\/\/www.aclanester56.com\/velo\/wp-content\/uploads\/2013\/04\/logo-ACL.jpg","width":400,"height":334,"caption":"Avenir Cycliste Lanester 56"},"image":{"@id":"https:\/\/www.aclanester56.com\/velo\/#\/schema\/logo\/image\/"},"sameAs":["https:\/\/www.facebook.com\/pages\/AC-Lanester-56\/190286300991242?fref=ts"]},{"@type":"Person","@id":"https:\/\/www.aclanester56.com\/velo\/#\/schema\/person\/ca2a44a5fd969e9dd846c72d3b33bc01","name":"Jean-Christophe","url":"https:\/\/www.aclanester56.com\/velo\/author\/jeanchristophe\/"}]}},"_links":{"self":[{"href":"https:\/\/www.aclanester56.com\/velo\/wp-json\/wp\/v2\/posts\/9128","targetHints":{"allow":["GET"]}}],"collection":[{"href":"https:\/\/www.aclanester56.com\/velo\/wp-json\/wp\/v2\/posts"}],"about":[{"href":"https:\/\/www.aclanester56.com\/velo\/wp-json\/wp\/v2\/types\/post"}],"author":[{"embeddable":true,"href":"https:\/\/www.aclanester56.com\/velo\/wp-json\/wp\/v2\/users\/14"}],"replies":[{"embeddable":true,"href":"https:\/\/www.aclanester56.com\/velo\/wp-json\/wp\/v2\/comments?post=9128"}],"version-history":[{"count":0,"href":"https:\/\/www.aclanester56.com\/velo\/wp-json\/wp\/v2\/posts\/9128\/revisions"}],"wp:featuredmedia":[{"embeddable":true,"href":"https:\/\/www.aclanester56.com\/velo\/wp-json\/wp\/v2\/media\/9129"}],"wp:attachment":[{"href":"https:\/\/www.aclanester56.com\/velo\/wp-json\/wp\/v2\/media?parent=9128"}],"wp:term":[{"taxonomy":"category","embeddable":true,"href":"https:\/\/www.aclanester56.com\/velo\/wp-json\/wp\/v2\/categories?post=9128"},{"taxonomy":"post_tag","embeddable":true,"href":"https:\/\/www.aclanester56.com\/velo\/wp-json\/wp\/v2\/tags?post=9128"}],"curies":[{"name":"wp","href":"https:\/\/api.w.org\/{rel}","templated":true}]}}