{"id":9147,"date":"2011-07-07T06:34:59","date_gmt":"2011-07-07T05:34:59","guid":{"rendered":"http:\/\/www.aclanester56.com\/velo\/?p=9147"},"modified":"2011-07-08T17:52:58","modified_gmt":"2011-07-08T16:52:58","slug":"semi-nocture-dhennebont-vincent-ragot-4eme","status":"publish","type":"post","link":"https:\/\/www.aclanester56.com\/velo\/semi-nocture-dhennebont-vincent-ragot-4eme\/","title":{"rendered":"Semi-nocture d&rsquo;Hennebont : Vincent Ragot 4\u00e8me !"},"content":{"rendered":"<div id=\"attachment_9150\" style=\"width: 410px\" class=\"wp-caption alignleft\"><a href=\"http:\/\/www.aclanester56.com\/velo\/wp-content\/uploads\/2011\/07\/jhon-et-g\u00e9rard-\u00e0-hennebont-800x600.jpg\"><img loading=\"lazy\" decoding=\"async\" aria-describedby=\"caption-attachment-9150\" class=\"size-large wp-image-9150\" title=\"Le Danois John Ebsen, accueilli par G\u00e9rard Le Pommelet, prend une tr\u00e8s belle 13\u00e8me place \u00e0 Hennebont pour sa 2\u00e8me course avec l'AC LANESTER 56 (photo JM Morvan)\" src=\"http:\/\/www.aclanester56.com\/velo\/wp-content\/uploads\/2011\/07\/jhon-et-g\u00e9rard-\u00e0-hennebont-800x600.jpg\" alt=\"\" width=\"400\" height=\"300\" srcset=\"https:\/\/www.aclanester56.com\/velo\/wp-content\/uploads\/2011\/07\/jhon-et-g\u00e9rard-\u00e0-hennebont-800x600.jpg 800w, https:\/\/www.aclanester56.com\/velo\/wp-content\/uploads\/2011\/07\/jhon-et-g\u00e9rard-\u00e0-hennebont-300x225.jpg 300w, https:\/\/www.aclanester56.com\/velo\/wp-content\/uploads\/2011\/07\/jhon-et-g\u00e9rard-\u00e0-hennebont-400x300.jpg 400w\" sizes=\"auto, (max-width: 400px) 100vw, 400px\" \/><\/a><p id=\"caption-attachment-9150\" class=\"wp-caption-text\">Le Danois John Ebsen, accueilli par G\u00e9rard Le Pommelet, prend une tr\u00e8s belle 13\u00e8me place \u00e0 Hennebont pour sa 2\u00e8me course avec l&#39;AC LANESTER 56 (photo JM Morvan)<\/p><\/div>\n<p style=\"text-align: justify;\">Trois Lanest\u00e9riens \u00e9taient au d\u00e9part de l&rsquo;\u00e9preuve semi-nocturne d&rsquo;Hennebont ce mercredi soir. Sur l&rsquo;\u00e9preuve domin\u00e9e par le Polonais Zielinski, Vincent RAGOT\u00a0termine au pied du podium.<\/p>\n<p style=\"text-align: justify;\">&nbsp;<\/p>\n<p style=\"text-align: justify;\">&nbsp;<\/p>\n<p style=\"text-align: justify;\"><!--more--><\/p>\n<p style=\"text-align: justify;\">&nbsp;<\/p>\n<p style=\"text-align: justify;\">&nbsp;<\/p>\n<p style=\"text-align: justify;\"><span style=\"color: #ff6600;\"><strong>Trois Lanest\u00e9riens au d\u00e9part<\/strong><\/span><\/p>\n<p style=\"text-align: justify;\">Au d\u00e9part, Vincent RAGOT, Job EBSEN et Antoine COZ d\u00e9fendent les couleurs de l&rsquo;AC LANESTER 56. Piotr ZIELINSKI (VCP LORIENT) s&rsquo;\u00e9chappe rapidement en solitaire et accentue son avance au fil des tours, malgr\u00e9 les fortes acc\u00e9l\u00e9rations de Florent MALLEGOL (BIC 2000) et surtout de Vincent RAGOT (AC LANESTER 56).<\/p>\n<div id=\"attachment_9159\" style=\"width: 330px\" class=\"wp-caption alignright\"><a href=\"http:\/\/www.aclanester56.com\/velo\/wp-content\/uploads\/2011\/07\/Vincent-Ragot-4.jpg\"><img loading=\"lazy\" decoding=\"async\" aria-describedby=\"caption-attachment-9159\" class=\"size-full wp-image-9159\" title=\"Sur les pav\u00e9s d'Hennebont, le Lanest\u00e9rien Vincent Ragot a tent\u00e9 de rentrer sur l'homme de t\u00eate, malheureusement sans succ\u00e8s (photo Camille Nicol)\" src=\"http:\/\/www.aclanester56.com\/velo\/wp-content\/uploads\/2011\/07\/Vincent-Ragot-4.jpg\" alt=\"\" width=\"320\" height=\"217\" srcset=\"https:\/\/www.aclanester56.com\/velo\/wp-content\/uploads\/2011\/07\/Vincent-Ragot-4.jpg 640w, https:\/\/www.aclanester56.com\/velo\/wp-content\/uploads\/2011\/07\/Vincent-Ragot-4-300x203.jpg 300w, https:\/\/www.aclanester56.com\/velo\/wp-content\/uploads\/2011\/07\/Vincent-Ragot-4-442x300.jpg 442w\" sizes=\"auto, (max-width: 320px) 100vw, 320px\" \/><\/a><p id=\"caption-attachment-9159\" class=\"wp-caption-text\">Sur les pav\u00e9s d&#39;Hennebont, le Lanest\u00e9rien Vincent Ragot a tent\u00e9 de rentrer sur l&#39;homme de t\u00eate, malheureusement sans succ\u00e8s (photo Camille Nicol)<\/p><\/div>\n<p style=\"text-align: justify;\"><span style=\"color: #ff6600;\"><strong>Vincent Ragot 4\u00e8me<\/strong><\/span><\/p>\n<p style=\"text-align: justify;\">Piotr ZIELINSKI l&#8217;emporte donc devant Lionel BERET et Damien DUCHEMIN. Le Lanest\u00e9rien Vincent RAGOT passe de peu \u00e0 c\u00f4t\u00e9 du podium et termine 4\u00e8me, mais a encore d\u00e9montr\u00e9 sa grande condition et continue sur une belle s\u00e9rie.<\/p>\n<p style=\"text-align: justify;\"><span style=\"color: #ff6600;\"><strong>John Ebsen apprend, Antoine Coz pr\u00e9pare l&rsquo;hiver !<\/strong><\/span><\/p>\n<p style=\"text-align: justify;\">De son c\u00f4t\u00e9, le Danois John EBSEN, nouveau venu \u00e0 l&rsquo;AC LANESTER 56, \u00e9tait dans le rythme et prend une belle 13\u00e8me place, m\u00eame s&rsquo;il \u00e9tait peut-\u00eatre un peu juste dans le final. \u00ab\u00a0<em><strong>Il faut lui laisser le temps de s&rsquo;adapter aux courses en Bretagne, il va vite progresser<\/strong><\/em>\u00a0\u00bb pr\u00e9cise Jean-Marc MORVAN, qui a observ\u00e9 \u00e9galement le bon comportement du junior lanest\u00e9rien Antoine COZ.<\/p>\n<p style=\"text-align: justify;\">Le cyclo-crossman reprenait en effet la comp\u00e9tition sur route apr\u00e8s une bonne coupure. Pour une reprise, il s&rsquo;est montr\u00e9 courageux en s&rsquo;attaquant \u00e0 une \u00e9preuve avec les 1\u00e8re cat\u00e9gorie. Assur\u00e9ment, ses efforts vont payer cet hiver !<\/p>\n<div id=\"attachment_9160\" style=\"width: 244px\" class=\"wp-caption alignright\"><a href=\"http:\/\/www.aclanester56.com\/velo\/wp-content\/uploads\/2011\/07\/Antoine-Coz-468x600.jpg\" ><img loading=\"lazy\" decoding=\"async\" aria-describedby=\"caption-attachment-9160\" src=\"http:\/\/www.aclanester56.com\/velo\/wp-content\/uploads\/2011\/07\/Antoine-Coz-468x600.jpg\" alt=\"\" title=\"Le Lanest\u00e9rien Antoine Coz reprenait directement la comp\u00e9tition sur route par le difficile crit\u00e9rium d&#039;Hennebont (photo Camille NICOL)\" width=\"234\" height=\"300\" class=\"size-large wp-image-9160\" srcset=\"https:\/\/www.aclanester56.com\/velo\/wp-content\/uploads\/2011\/07\/Antoine-Coz-468x600.jpg 468w, https:\/\/www.aclanester56.com\/velo\/wp-content\/uploads\/2011\/07\/Antoine-Coz-234x300.jpg 234w, https:\/\/www.aclanester56.com\/velo\/wp-content\/uploads\/2011\/07\/Antoine-Coz.jpg 500w\" sizes=\"auto, (max-width: 234px) 100vw, 234px\" \/><\/a><p id=\"caption-attachment-9160\" class=\"wp-caption-text\">Le Lanest\u00e9rien Antoine Coz reprenait directement la comp\u00e9tition sur route par le difficile crit\u00e9rium d&#039;Hennebont (photo Camille NICOL)<\/p><\/div>\n<p><span style=\"text-decoration: underline;\"><strong>Classement :<\/strong><\/span><br \/>\n1 Piotr Zielinski (VCP Lorient)<br \/>\n2 Lionel B\u00e9ret (Leuc\u00e9mie Espoir Quimper)<br \/>\n3 Damien Duchemin (UV Poitiers)<br \/>\n<span style=\"background-color: #ff6600;\">4 Vincent Ragot (AC Lanester 56)<\/span><br \/>\n5 Simon Gou\u00e9dard (VCP Lorient)<br \/>\n6 Ronan Dequippe (UC Cholet 49)<br \/>\n7 Florent Mallegol (BIC 2000)<br \/>\n8 David Chopin (Hennebont Cyclisme)<br \/>\n9 Neil Canevet (Leuc\u00e9mie Espoir Quimper)<br \/>\n10 J\u00e9r\u00e9my Loric (Hennebont Cyclisme)<br \/>\n<span style=\"background-color: #ff6600;\">13 John Ebsen (AC Lanester 56)<\/span><\/p>\n<p>&nbsp;<\/p>\n","protected":false},"excerpt":{"rendered":"<p>Trois Lanest\u00e9riens \u00e9taient au d\u00e9part de l&rsquo;\u00e9preuve semi-nocturne d&rsquo;Hennebont ce mercredi soir. Sur l&rsquo;\u00e9preuve domin\u00e9e par le Polonais Zielinski, Vincent [&hellip;]<\/p>\n","protected":false},"author":14,"featured_media":9152,"comment_status":"open","ping_status":"closed","sticky":false,"template":"","format":"standard","meta":{"ngg_post_thumbnail":0,"footnotes":""},"categories":[5,14,16,17],"tags":[],"class_list":["post-9147","post","type-post","status-publish","format-standard","has-post-thumbnail","hentry","category-ac-lanester-56","category-actualites-dn","category-resultats","category-resultats-dn"],"yoast_head":"<!-- This site is optimized with the Yoast SEO plugin v27.5 - https:\/\/yoast.com\/product\/yoast-seo-wordpress\/ -->\n<title>Semi-nocture d&#039;Hennebont : Vincent Ragot 4\u00e8me ! - Avenir Cycliste Lanester 56<\/title>\n<meta name=\"robots\" content=\"index, follow, max-snippet:-1, max-image-preview:large, max-video-preview:-1\" \/>\n<link rel=\"canonical\" href=\"https:\/\/www.aclanester56.com\/velo\/semi-nocture-dhennebont-vincent-ragot-4eme\/\" \/>\n<meta property=\"og:locale\" content=\"fr_FR\" \/>\n<meta property=\"og:type\" content=\"article\" \/>\n<meta property=\"og:title\" content=\"Semi-nocture d&#039;Hennebont : Vincent Ragot 4\u00e8me ! - Avenir Cycliste Lanester 56\" \/>\n<meta property=\"og:description\" content=\"Trois Lanest\u00e9riens \u00e9taient au d\u00e9part de l&rsquo;\u00e9preuve semi-nocturne d&rsquo;Hennebont ce mercredi soir. Sur l&rsquo;\u00e9preuve domin\u00e9e par le Polonais Zielinski, Vincent [&hellip;]\" \/>\n<meta property=\"og:url\" content=\"https:\/\/www.aclanester56.com\/velo\/semi-nocture-dhennebont-vincent-ragot-4eme\/\" \/>\n<meta property=\"og:site_name\" content=\"Avenir Cycliste Lanester 56\" \/>\n<meta property=\"article:publisher\" content=\"https:\/\/www.facebook.com\/pages\/AC-Lanester-56\/190286300991242?fref=ts\" \/>\n<meta property=\"article:published_time\" content=\"2011-07-07T05:34:59+00:00\" \/>\n<meta property=\"article:modified_time\" content=\"2011-07-08T16:52:58+00:00\" \/>\n<meta property=\"og:image\" content=\"https:\/\/www.aclanester56.com\/velo\/wp-content\/uploads\/2011\/07\/jhon-et-g\u00e9rard-\u00e0-hennebont-Copie.jpg\" \/>\n\t<meta property=\"og:image:width\" content=\"650\" \/>\n\t<meta property=\"og:image:height\" content=\"301\" \/>\n\t<meta property=\"og:image:type\" content=\"image\/jpeg\" \/>\n<meta name=\"author\" content=\"Jean-Christophe\" \/>\n<meta name=\"twitter:label1\" content=\"\u00c9crit par\" \/>\n\t<meta name=\"twitter:data1\" content=\"Jean-Christophe\" \/>\n\t<meta name=\"twitter:label2\" content=\"Dur\u00e9e de lecture estim\u00e9e\" \/>\n\t<meta name=\"twitter:data2\" content=\"2 minutes\" \/>\n<script type=\"application\/ld+json\" class=\"yoast-schema-graph\">{\"@context\":\"https:\\\/\\\/schema.org\",\"@graph\":[{\"@type\":\"Article\",\"@id\":\"https:\\\/\\\/www.aclanester56.com\\\/velo\\\/semi-nocture-dhennebont-vincent-ragot-4eme\\\/#article\",\"isPartOf\":{\"@id\":\"https:\\\/\\\/www.aclanester56.com\\\/velo\\\/semi-nocture-dhennebont-vincent-ragot-4eme\\\/\"},\"author\":{\"name\":\"Jean-Christophe\",\"@id\":\"https:\\\/\\\/www.aclanester56.com\\\/velo\\\/#\\\/schema\\\/person\\\/ca2a44a5fd969e9dd846c72d3b33bc01\"},\"headline\":\"Semi-nocture d&rsquo;Hennebont : Vincent Ragot 4\u00e8me !\",\"datePublished\":\"2011-07-07T05:34:59+00:00\",\"dateModified\":\"2011-07-08T16:52:58+00:00\",\"mainEntityOfPage\":{\"@id\":\"https:\\\/\\\/www.aclanester56.com\\\/velo\\\/semi-nocture-dhennebont-vincent-ragot-4eme\\\/\"},\"wordCount\":410,\"commentCount\":0,\"publisher\":{\"@id\":\"https:\\\/\\\/www.aclanester56.com\\\/velo\\\/#organization\"},\"image\":{\"@id\":\"https:\\\/\\\/www.aclanester56.com\\\/velo\\\/semi-nocture-dhennebont-vincent-ragot-4eme\\\/#primaryimage\"},\"thumbnailUrl\":\"https:\\\/\\\/www.aclanester56.com\\\/velo\\\/wp-content\\\/uploads\\\/2011\\\/07\\\/jhon-et-g\u00e9rard-\u00e0-hennebont-Copie.jpg\",\"articleSection\":[\"AC LANESTER 56\",\"Actualit\u00e9s DN\",\"R\u00e9sultats\",\"R\u00e9sultats DN\"],\"inLanguage\":\"fr-FR\",\"potentialAction\":[{\"@type\":\"CommentAction\",\"name\":\"Comment\",\"target\":[\"https:\\\/\\\/www.aclanester56.com\\\/velo\\\/semi-nocture-dhennebont-vincent-ragot-4eme\\\/#respond\"]}]},{\"@type\":\"WebPage\",\"@id\":\"https:\\\/\\\/www.aclanester56.com\\\/velo\\\/semi-nocture-dhennebont-vincent-ragot-4eme\\\/\",\"url\":\"https:\\\/\\\/www.aclanester56.com\\\/velo\\\/semi-nocture-dhennebont-vincent-ragot-4eme\\\/\",\"name\":\"Semi-nocture d'Hennebont : Vincent Ragot 4\u00e8me ! - Avenir Cycliste Lanester 56\",\"isPartOf\":{\"@id\":\"https:\\\/\\\/www.aclanester56.com\\\/velo\\\/#website\"},\"primaryImageOfPage\":{\"@id\":\"https:\\\/\\\/www.aclanester56.com\\\/velo\\\/semi-nocture-dhennebont-vincent-ragot-4eme\\\/#primaryimage\"},\"image\":{\"@id\":\"https:\\\/\\\/www.aclanester56.com\\\/velo\\\/semi-nocture-dhennebont-vincent-ragot-4eme\\\/#primaryimage\"},\"thumbnailUrl\":\"https:\\\/\\\/www.aclanester56.com\\\/velo\\\/wp-content\\\/uploads\\\/2011\\\/07\\\/jhon-et-g\u00e9rard-\u00e0-hennebont-Copie.jpg\",\"datePublished\":\"2011-07-07T05:34:59+00:00\",\"dateModified\":\"2011-07-08T16:52:58+00:00\",\"inLanguage\":\"fr-FR\",\"potentialAction\":[{\"@type\":\"ReadAction\",\"target\":[\"https:\\\/\\\/www.aclanester56.com\\\/velo\\\/semi-nocture-dhennebont-vincent-ragot-4eme\\\/\"]}]},{\"@type\":\"ImageObject\",\"inLanguage\":\"fr-FR\",\"@id\":\"https:\\\/\\\/www.aclanester56.com\\\/velo\\\/semi-nocture-dhennebont-vincent-ragot-4eme\\\/#primaryimage\",\"url\":\"https:\\\/\\\/www.aclanester56.com\\\/velo\\\/wp-content\\\/uploads\\\/2011\\\/07\\\/jhon-et-g\u00e9rard-\u00e0-hennebont-Copie.jpg\",\"contentUrl\":\"https:\\\/\\\/www.aclanester56.com\\\/velo\\\/wp-content\\\/uploads\\\/2011\\\/07\\\/jhon-et-g\u00e9rard-\u00e0-hennebont-Copie.jpg\",\"width\":650,\"height\":301},{\"@type\":\"WebSite\",\"@id\":\"https:\\\/\\\/www.aclanester56.com\\\/velo\\\/#website\",\"url\":\"https:\\\/\\\/www.aclanester56.com\\\/velo\\\/\",\"name\":\"Avenir Cycliste Lanester 56\",\"description\":\"Club cycliste de l&#039;AC LANESTER 56\",\"publisher\":{\"@id\":\"https:\\\/\\\/www.aclanester56.com\\\/velo\\\/#organization\"},\"potentialAction\":[{\"@type\":\"SearchAction\",\"target\":{\"@type\":\"EntryPoint\",\"urlTemplate\":\"https:\\\/\\\/www.aclanester56.com\\\/velo\\\/?s={search_term_string}\"},\"query-input\":{\"@type\":\"PropertyValueSpecification\",\"valueRequired\":true,\"valueName\":\"search_term_string\"}}],\"inLanguage\":\"fr-FR\"},{\"@type\":\"Organization\",\"@id\":\"https:\\\/\\\/www.aclanester56.com\\\/velo\\\/#organization\",\"name\":\"Avenir Cycliste Lanester 56\",\"url\":\"https:\\\/\\\/www.aclanester56.com\\\/velo\\\/\",\"logo\":{\"@type\":\"ImageObject\",\"inLanguage\":\"fr-FR\",\"@id\":\"https:\\\/\\\/www.aclanester56.com\\\/velo\\\/#\\\/schema\\\/logo\\\/image\\\/\",\"url\":\"https:\\\/\\\/www.aclanester56.com\\\/velo\\\/wp-content\\\/uploads\\\/2013\\\/04\\\/logo-ACL.jpg\",\"contentUrl\":\"https:\\\/\\\/www.aclanester56.com\\\/velo\\\/wp-content\\\/uploads\\\/2013\\\/04\\\/logo-ACL.jpg\",\"width\":400,\"height\":334,\"caption\":\"Avenir Cycliste Lanester 56\"},\"image\":{\"@id\":\"https:\\\/\\\/www.aclanester56.com\\\/velo\\\/#\\\/schema\\\/logo\\\/image\\\/\"},\"sameAs\":[\"https:\\\/\\\/www.facebook.com\\\/pages\\\/AC-Lanester-56\\\/190286300991242?fref=ts\"]},{\"@type\":\"Person\",\"@id\":\"https:\\\/\\\/www.aclanester56.com\\\/velo\\\/#\\\/schema\\\/person\\\/ca2a44a5fd969e9dd846c72d3b33bc01\",\"name\":\"Jean-Christophe\",\"url\":\"https:\\\/\\\/www.aclanester56.com\\\/velo\\\/author\\\/jeanchristophe\\\/\"}]}<\/script>\n<!-- \/ Yoast SEO plugin. -->","yoast_head_json":{"title":"Semi-nocture d'Hennebont : Vincent Ragot 4\u00e8me ! - Avenir Cycliste Lanester 56","robots":{"index":"index","follow":"follow","max-snippet":"max-snippet:-1","max-image-preview":"max-image-preview:large","max-video-preview":"max-video-preview:-1"},"canonical":"https:\/\/www.aclanester56.com\/velo\/semi-nocture-dhennebont-vincent-ragot-4eme\/","og_locale":"fr_FR","og_type":"article","og_title":"Semi-nocture d'Hennebont : Vincent Ragot 4\u00e8me ! - Avenir Cycliste Lanester 56","og_description":"Trois Lanest\u00e9riens \u00e9taient au d\u00e9part de l&rsquo;\u00e9preuve semi-nocturne d&rsquo;Hennebont ce mercredi soir. Sur l&rsquo;\u00e9preuve domin\u00e9e par le Polonais Zielinski, Vincent [&hellip;]","og_url":"https:\/\/www.aclanester56.com\/velo\/semi-nocture-dhennebont-vincent-ragot-4eme\/","og_site_name":"Avenir Cycliste Lanester 56","article_publisher":"https:\/\/www.facebook.com\/pages\/AC-Lanester-56\/190286300991242?fref=ts","article_published_time":"2011-07-07T05:34:59+00:00","article_modified_time":"2011-07-08T16:52:58+00:00","og_image":[{"width":650,"height":301,"url":"https:\/\/www.aclanester56.com\/velo\/wp-content\/uploads\/2011\/07\/jhon-et-g\u00e9rard-\u00e0-hennebont-Copie.jpg","type":"image\/jpeg"}],"author":"Jean-Christophe","twitter_misc":{"\u00c9crit par":"Jean-Christophe","Dur\u00e9e de lecture estim\u00e9e":"2 minutes"},"schema":{"@context":"https:\/\/schema.org","@graph":[{"@type":"Article","@id":"https:\/\/www.aclanester56.com\/velo\/semi-nocture-dhennebont-vincent-ragot-4eme\/#article","isPartOf":{"@id":"https:\/\/www.aclanester56.com\/velo\/semi-nocture-dhennebont-vincent-ragot-4eme\/"},"author":{"name":"Jean-Christophe","@id":"https:\/\/www.aclanester56.com\/velo\/#\/schema\/person\/ca2a44a5fd969e9dd846c72d3b33bc01"},"headline":"Semi-nocture d&rsquo;Hennebont : Vincent Ragot 4\u00e8me !","datePublished":"2011-07-07T05:34:59+00:00","dateModified":"2011-07-08T16:52:58+00:00","mainEntityOfPage":{"@id":"https:\/\/www.aclanester56.com\/velo\/semi-nocture-dhennebont-vincent-ragot-4eme\/"},"wordCount":410,"commentCount":0,"publisher":{"@id":"https:\/\/www.aclanester56.com\/velo\/#organization"},"image":{"@id":"https:\/\/www.aclanester56.com\/velo\/semi-nocture-dhennebont-vincent-ragot-4eme\/#primaryimage"},"thumbnailUrl":"https:\/\/www.aclanester56.com\/velo\/wp-content\/uploads\/2011\/07\/jhon-et-g\u00e9rard-\u00e0-hennebont-Copie.jpg","articleSection":["AC LANESTER 56","Actualit\u00e9s DN","R\u00e9sultats","R\u00e9sultats DN"],"inLanguage":"fr-FR","potentialAction":[{"@type":"CommentAction","name":"Comment","target":["https:\/\/www.aclanester56.com\/velo\/semi-nocture-dhennebont-vincent-ragot-4eme\/#respond"]}]},{"@type":"WebPage","@id":"https:\/\/www.aclanester56.com\/velo\/semi-nocture-dhennebont-vincent-ragot-4eme\/","url":"https:\/\/www.aclanester56.com\/velo\/semi-nocture-dhennebont-vincent-ragot-4eme\/","name":"Semi-nocture d'Hennebont : Vincent Ragot 4\u00e8me ! - Avenir Cycliste Lanester 56","isPartOf":{"@id":"https:\/\/www.aclanester56.com\/velo\/#website"},"primaryImageOfPage":{"@id":"https:\/\/www.aclanester56.com\/velo\/semi-nocture-dhennebont-vincent-ragot-4eme\/#primaryimage"},"image":{"@id":"https:\/\/www.aclanester56.com\/velo\/semi-nocture-dhennebont-vincent-ragot-4eme\/#primaryimage"},"thumbnailUrl":"https:\/\/www.aclanester56.com\/velo\/wp-content\/uploads\/2011\/07\/jhon-et-g\u00e9rard-\u00e0-hennebont-Copie.jpg","datePublished":"2011-07-07T05:34:59+00:00","dateModified":"2011-07-08T16:52:58+00:00","inLanguage":"fr-FR","potentialAction":[{"@type":"ReadAction","target":["https:\/\/www.aclanester56.com\/velo\/semi-nocture-dhennebont-vincent-ragot-4eme\/"]}]},{"@type":"ImageObject","inLanguage":"fr-FR","@id":"https:\/\/www.aclanester56.com\/velo\/semi-nocture-dhennebont-vincent-ragot-4eme\/#primaryimage","url":"https:\/\/www.aclanester56.com\/velo\/wp-content\/uploads\/2011\/07\/jhon-et-g\u00e9rard-\u00e0-hennebont-Copie.jpg","contentUrl":"https:\/\/www.aclanester56.com\/velo\/wp-content\/uploads\/2011\/07\/jhon-et-g\u00e9rard-\u00e0-hennebont-Copie.jpg","width":650,"height":301},{"@type":"WebSite","@id":"https:\/\/www.aclanester56.com\/velo\/#website","url":"https:\/\/www.aclanester56.com\/velo\/","name":"Avenir Cycliste Lanester 56","description":"Club cycliste de l&#039;AC LANESTER 56","publisher":{"@id":"https:\/\/www.aclanester56.com\/velo\/#organization"},"potentialAction":[{"@type":"SearchAction","target":{"@type":"EntryPoint","urlTemplate":"https:\/\/www.aclanester56.com\/velo\/?s={search_term_string}"},"query-input":{"@type":"PropertyValueSpecification","valueRequired":true,"valueName":"search_term_string"}}],"inLanguage":"fr-FR"},{"@type":"Organization","@id":"https:\/\/www.aclanester56.com\/velo\/#organization","name":"Avenir Cycliste Lanester 56","url":"https:\/\/www.aclanester56.com\/velo\/","logo":{"@type":"ImageObject","inLanguage":"fr-FR","@id":"https:\/\/www.aclanester56.com\/velo\/#\/schema\/logo\/image\/","url":"https:\/\/www.aclanester56.com\/velo\/wp-content\/uploads\/2013\/04\/logo-ACL.jpg","contentUrl":"https:\/\/www.aclanester56.com\/velo\/wp-content\/uploads\/2013\/04\/logo-ACL.jpg","width":400,"height":334,"caption":"Avenir Cycliste Lanester 56"},"image":{"@id":"https:\/\/www.aclanester56.com\/velo\/#\/schema\/logo\/image\/"},"sameAs":["https:\/\/www.facebook.com\/pages\/AC-Lanester-56\/190286300991242?fref=ts"]},{"@type":"Person","@id":"https:\/\/www.aclanester56.com\/velo\/#\/schema\/person\/ca2a44a5fd969e9dd846c72d3b33bc01","name":"Jean-Christophe","url":"https:\/\/www.aclanester56.com\/velo\/author\/jeanchristophe\/"}]}},"_links":{"self":[{"href":"https:\/\/www.aclanester56.com\/velo\/wp-json\/wp\/v2\/posts\/9147","targetHints":{"allow":["GET"]}}],"collection":[{"href":"https:\/\/www.aclanester56.com\/velo\/wp-json\/wp\/v2\/posts"}],"about":[{"href":"https:\/\/www.aclanester56.com\/velo\/wp-json\/wp\/v2\/types\/post"}],"author":[{"embeddable":true,"href":"https:\/\/www.aclanester56.com\/velo\/wp-json\/wp\/v2\/users\/14"}],"replies":[{"embeddable":true,"href":"https:\/\/www.aclanester56.com\/velo\/wp-json\/wp\/v2\/comments?post=9147"}],"version-history":[{"count":0,"href":"https:\/\/www.aclanester56.com\/velo\/wp-json\/wp\/v2\/posts\/9147\/revisions"}],"wp:featuredmedia":[{"embeddable":true,"href":"https:\/\/www.aclanester56.com\/velo\/wp-json\/wp\/v2\/media\/9152"}],"wp:attachment":[{"href":"https:\/\/www.aclanester56.com\/velo\/wp-json\/wp\/v2\/media?parent=9147"}],"wp:term":[{"taxonomy":"category","embeddable":true,"href":"https:\/\/www.aclanester56.com\/velo\/wp-json\/wp\/v2\/categories?post=9147"},{"taxonomy":"post_tag","embeddable":true,"href":"https:\/\/www.aclanester56.com\/velo\/wp-json\/wp\/v2\/tags?post=9147"}],"curies":[{"name":"wp","href":"https:\/\/api.w.org\/{rel}","templated":true}]}}