{"id":9173,"date":"2011-07-08T19:02:04","date_gmt":"2011-07-08T18:02:04","guid":{"rendered":"http:\/\/www.aclanester56.com\/velo\/?p=9173"},"modified":"2011-07-16T16:55:58","modified_gmt":"2011-07-16T15:55:58","slug":"lecole-de-cyclisme-fete-lete","status":"publish","type":"post","link":"https:\/\/www.aclanester56.com\/velo\/lecole-de-cyclisme-fete-lete\/","title":{"rendered":"L&rsquo;\u00e9cole de cyclisme f\u00eate l&rsquo;\u00e9t\u00e9 !"},"content":{"rendered":"<div id=\"attachment_9174\" style=\"width: 312px\" class=\"wp-caption alignleft\"><a href=\"http:\/\/www.aclanester56.com\/velo\/wp-content\/uploads\/2011\/07\/Mus\u00e9e-au-v\u00e9lo.jpg\"><img loading=\"lazy\" decoding=\"async\" aria-describedby=\"caption-attachment-9174\" class=\"size-full wp-image-9174\" title=\"L'\u00e9cole de cycliste a visit\u00e9 le Mus\u00e9e du V\u00e9lo \u00e0 Man\u00e9houarn samedi dernier ! (photo Sonia Ollivier)\" src=\"http:\/\/www.aclanester56.com\/velo\/wp-content\/uploads\/2011\/07\/Mus\u00e9e-au-v\u00e9lo.jpg\" alt=\"\" width=\"302\" height=\"226\" srcset=\"https:\/\/www.aclanester56.com\/velo\/wp-content\/uploads\/2011\/07\/Mus\u00e9e-au-v\u00e9lo.jpg 604w, https:\/\/www.aclanester56.com\/velo\/wp-content\/uploads\/2011\/07\/Mus\u00e9e-au-v\u00e9lo-300x225.jpg 300w, https:\/\/www.aclanester56.com\/velo\/wp-content\/uploads\/2011\/07\/Mus\u00e9e-au-v\u00e9lo-400x300.jpg 400w\" sizes=\"auto, (max-width: 302px) 100vw, 302px\" \/><\/a><p id=\"caption-attachment-9174\" class=\"wp-caption-text\">L&#39;\u00e9cole de cycliste a visit\u00e9 le Mus\u00e9e du V\u00e9lo \u00e0 Man\u00e9houarn samedi dernier ! (photo Sonia Ollivier)<\/p><\/div>\n<p style=\"text-align: justify;\">Alors que la saison se termine presque pour les jeunes coureurs de l&rsquo;\u00e9cole de cyclisme de l&rsquo;AC LANESTER 56, les dirigeants de l&rsquo;\u00e9cole de cyclisme ont organis\u00e9 le week-end dernier une journ\u00e9e pour f\u00eater ce moment en toute convivialit\u00e9 !<\/p>\n<p style=\"text-align: justify;\"><!--more--><\/p>\n<p>&nbsp;<br \/>\n&nbsp;<\/p>\n<p><span style=\"color: #ff6600;\"><strong>Apr\u00e8s-midi culturel, soir\u00e9e festive !<\/strong><\/span><\/p>\n<p style=\"text-align: justify;\">L&rsquo;apr\u00e8s-midi, tous se sont rendus au Mus\u00e9e du V\u00e9lo \u00e0 Plouay o\u00f9 nos futurs champions ont pu admirer les anc\u00eatres des machines qu&rsquo;ils enfourchent chaque semaine ! Ensuite, le rendez-vous \u00e9tait donn\u00e9 pr\u00e8s de l&rsquo;anneau G\u00e9rard Le Maguer o\u00f9 enfants, parents et dirigeants se sont adonn\u00e9s \u00e0 des jeux conviviaux qui ont bien fait rire tout le monde.<\/p>\n<div id=\"attachment_9178\" style=\"width: 312px\" class=\"wp-caption alignright\"><a href=\"http:\/\/www.aclanester56.com\/velo\/wp-content\/uploads\/2011\/07\/repas.jpg\" ><img loading=\"lazy\" decoding=\"async\" aria-describedby=\"caption-attachment-9178\" src=\"http:\/\/www.aclanester56.com\/velo\/wp-content\/uploads\/2011\/07\/repas.jpg\" alt=\"\" title=\"Enfants, parents et dirigeants ont partag\u00e9 ensemble un repas convivial (photo Sonia Ollivier)\" width=\"302\" height=\"226\" class=\"size-full wp-image-9178\" srcset=\"https:\/\/www.aclanester56.com\/velo\/wp-content\/uploads\/2011\/07\/repas.jpg 604w, https:\/\/www.aclanester56.com\/velo\/wp-content\/uploads\/2011\/07\/repas-300x225.jpg 300w, https:\/\/www.aclanester56.com\/velo\/wp-content\/uploads\/2011\/07\/repas-400x300.jpg 400w\" sizes=\"auto, (max-width: 302px) 100vw, 302px\" \/><\/a><p id=\"caption-attachment-9178\" class=\"wp-caption-text\">Enfants, parents et dirigeants ont partag\u00e9 ensemble un repas convivial (photo Sonia Ollivier)<\/p><\/div>\n<p style=\"text-align: justify;\"><span style=\"color: #ff6600;\"><strong>Pour f\u00eater la fin de saison de l&rsquo;\u00e9cole de cyclisme !<\/strong><\/span><\/p>\n<p style=\"text-align: justify;\">Apr\u00e8s avoir partag\u00e9 un agr\u00e9able repas, les plus t\u00e9m\u00e9raires ont pu danser au rythme des morceaux mix\u00e9s par un DJ en herbe !\u00a0\u00ab\u00a0<em><strong>C&rsquo;est une soir\u00e9e que nous organisons tous les ans pour l&rsquo;\u00e9cole de cyclisme, vu que leur saison est pratiquement termin\u00e9e<\/strong><\/em>\u00ab\u00a0, pr\u00e9cise Sonia OLLIVIER, dynamique dirigeante de l&rsquo;AC LANESTER 56, avant d&rsquo;ajouter : \u00ab\u00a0<em><strong> On a tous bien rigol\u00e9 ! <\/strong><\/em>\u00ab\u00a0<\/p>\n<p>&nbsp;<\/p>\n","protected":false},"excerpt":{"rendered":"<p>Alors que la saison se termine presque pour les jeunes coureurs de l&rsquo;\u00e9cole de cyclisme de l&rsquo;AC LANESTER 56, les [&hellip;]<\/p>\n","protected":false},"author":14,"featured_media":9180,"comment_status":"open","ping_status":"closed","sticky":false,"template":"","format":"standard","meta":{"ngg_post_thumbnail":0,"footnotes":""},"categories":[5,24],"tags":[],"class_list":["post-9173","post","type-post","status-publish","format-standard","has-post-thumbnail","hentry","category-ac-lanester-56","category-resultats-ecole-de-cyclisme"],"yoast_head":"<!-- This site is optimized with the Yoast SEO plugin v27.5 - https:\/\/yoast.com\/product\/yoast-seo-wordpress\/ -->\n<title>L&#039;\u00e9cole de cyclisme f\u00eate l&#039;\u00e9t\u00e9 ! - Avenir Cycliste Lanester 56<\/title>\n<meta name=\"robots\" content=\"index, follow, max-snippet:-1, max-image-preview:large, max-video-preview:-1\" \/>\n<link rel=\"canonical\" href=\"https:\/\/www.aclanester56.com\/velo\/lecole-de-cyclisme-fete-lete\/\" \/>\n<meta property=\"og:locale\" content=\"fr_FR\" \/>\n<meta property=\"og:type\" content=\"article\" \/>\n<meta property=\"og:title\" content=\"L&#039;\u00e9cole de cyclisme f\u00eate l&#039;\u00e9t\u00e9 ! - Avenir Cycliste Lanester 56\" \/>\n<meta property=\"og:description\" content=\"Alors que la saison se termine presque pour les jeunes coureurs de l&rsquo;\u00e9cole de cyclisme de l&rsquo;AC LANESTER 56, les [&hellip;]\" \/>\n<meta property=\"og:url\" content=\"https:\/\/www.aclanester56.com\/velo\/lecole-de-cyclisme-fete-lete\/\" \/>\n<meta property=\"og:site_name\" content=\"Avenir Cycliste Lanester 56\" \/>\n<meta property=\"article:publisher\" content=\"https:\/\/www.facebook.com\/pages\/AC-Lanester-56\/190286300991242?fref=ts\" \/>\n<meta property=\"article:published_time\" content=\"2011-07-08T18:02:04+00:00\" \/>\n<meta property=\"article:modified_time\" content=\"2011-07-16T15:55:58+00:00\" \/>\n<meta property=\"og:image\" content=\"https:\/\/www.aclanester56.com\/velo\/wp-content\/uploads\/2011\/07\/Mus\u00e9e-au-v\u00e9lo-Copie.jpg\" \/>\n\t<meta property=\"og:image:width\" content=\"650\" \/>\n\t<meta property=\"og:image:height\" content=\"300\" \/>\n\t<meta property=\"og:image:type\" content=\"image\/jpeg\" \/>\n<meta name=\"author\" content=\"Jean-Christophe\" \/>\n<meta name=\"twitter:label1\" content=\"\u00c9crit par\" \/>\n\t<meta name=\"twitter:data1\" content=\"Jean-Christophe\" \/>\n\t<meta name=\"twitter:label2\" content=\"Dur\u00e9e de lecture estim\u00e9e\" \/>\n\t<meta name=\"twitter:data2\" content=\"1 minute\" \/>\n<script type=\"application\/ld+json\" class=\"yoast-schema-graph\">{\"@context\":\"https:\\\/\\\/schema.org\",\"@graph\":[{\"@type\":\"Article\",\"@id\":\"https:\\\/\\\/www.aclanester56.com\\\/velo\\\/lecole-de-cyclisme-fete-lete\\\/#article\",\"isPartOf\":{\"@id\":\"https:\\\/\\\/www.aclanester56.com\\\/velo\\\/lecole-de-cyclisme-fete-lete\\\/\"},\"author\":{\"name\":\"Jean-Christophe\",\"@id\":\"https:\\\/\\\/www.aclanester56.com\\\/velo\\\/#\\\/schema\\\/person\\\/ca2a44a5fd969e9dd846c72d3b33bc01\"},\"headline\":\"L&rsquo;\u00e9cole de cyclisme f\u00eate l&rsquo;\u00e9t\u00e9 !\",\"datePublished\":\"2011-07-08T18:02:04+00:00\",\"dateModified\":\"2011-07-16T15:55:58+00:00\",\"mainEntityOfPage\":{\"@id\":\"https:\\\/\\\/www.aclanester56.com\\\/velo\\\/lecole-de-cyclisme-fete-lete\\\/\"},\"wordCount\":247,\"commentCount\":0,\"publisher\":{\"@id\":\"https:\\\/\\\/www.aclanester56.com\\\/velo\\\/#organization\"},\"image\":{\"@id\":\"https:\\\/\\\/www.aclanester56.com\\\/velo\\\/lecole-de-cyclisme-fete-lete\\\/#primaryimage\"},\"thumbnailUrl\":\"https:\\\/\\\/www.aclanester56.com\\\/velo\\\/wp-content\\\/uploads\\\/2011\\\/07\\\/Mus\u00e9e-au-v\u00e9lo-Copie.jpg\",\"articleSection\":[\"AC LANESTER 56\",\"R\u00e9sultats Ecole de cyclisme\"],\"inLanguage\":\"fr-FR\",\"potentialAction\":[{\"@type\":\"CommentAction\",\"name\":\"Comment\",\"target\":[\"https:\\\/\\\/www.aclanester56.com\\\/velo\\\/lecole-de-cyclisme-fete-lete\\\/#respond\"]}]},{\"@type\":\"WebPage\",\"@id\":\"https:\\\/\\\/www.aclanester56.com\\\/velo\\\/lecole-de-cyclisme-fete-lete\\\/\",\"url\":\"https:\\\/\\\/www.aclanester56.com\\\/velo\\\/lecole-de-cyclisme-fete-lete\\\/\",\"name\":\"L'\u00e9cole de cyclisme f\u00eate l'\u00e9t\u00e9 ! - Avenir Cycliste Lanester 56\",\"isPartOf\":{\"@id\":\"https:\\\/\\\/www.aclanester56.com\\\/velo\\\/#website\"},\"primaryImageOfPage\":{\"@id\":\"https:\\\/\\\/www.aclanester56.com\\\/velo\\\/lecole-de-cyclisme-fete-lete\\\/#primaryimage\"},\"image\":{\"@id\":\"https:\\\/\\\/www.aclanester56.com\\\/velo\\\/lecole-de-cyclisme-fete-lete\\\/#primaryimage\"},\"thumbnailUrl\":\"https:\\\/\\\/www.aclanester56.com\\\/velo\\\/wp-content\\\/uploads\\\/2011\\\/07\\\/Mus\u00e9e-au-v\u00e9lo-Copie.jpg\",\"datePublished\":\"2011-07-08T18:02:04+00:00\",\"dateModified\":\"2011-07-16T15:55:58+00:00\",\"inLanguage\":\"fr-FR\",\"potentialAction\":[{\"@type\":\"ReadAction\",\"target\":[\"https:\\\/\\\/www.aclanester56.com\\\/velo\\\/lecole-de-cyclisme-fete-lete\\\/\"]}]},{\"@type\":\"ImageObject\",\"inLanguage\":\"fr-FR\",\"@id\":\"https:\\\/\\\/www.aclanester56.com\\\/velo\\\/lecole-de-cyclisme-fete-lete\\\/#primaryimage\",\"url\":\"https:\\\/\\\/www.aclanester56.com\\\/velo\\\/wp-content\\\/uploads\\\/2011\\\/07\\\/Mus\u00e9e-au-v\u00e9lo-Copie.jpg\",\"contentUrl\":\"https:\\\/\\\/www.aclanester56.com\\\/velo\\\/wp-content\\\/uploads\\\/2011\\\/07\\\/Mus\u00e9e-au-v\u00e9lo-Copie.jpg\",\"width\":650,\"height\":300},{\"@type\":\"WebSite\",\"@id\":\"https:\\\/\\\/www.aclanester56.com\\\/velo\\\/#website\",\"url\":\"https:\\\/\\\/www.aclanester56.com\\\/velo\\\/\",\"name\":\"Avenir Cycliste Lanester 56\",\"description\":\"Club cycliste de l&#039;AC LANESTER 56\",\"publisher\":{\"@id\":\"https:\\\/\\\/www.aclanester56.com\\\/velo\\\/#organization\"},\"potentialAction\":[{\"@type\":\"SearchAction\",\"target\":{\"@type\":\"EntryPoint\",\"urlTemplate\":\"https:\\\/\\\/www.aclanester56.com\\\/velo\\\/?s={search_term_string}\"},\"query-input\":{\"@type\":\"PropertyValueSpecification\",\"valueRequired\":true,\"valueName\":\"search_term_string\"}}],\"inLanguage\":\"fr-FR\"},{\"@type\":\"Organization\",\"@id\":\"https:\\\/\\\/www.aclanester56.com\\\/velo\\\/#organization\",\"name\":\"Avenir Cycliste Lanester 56\",\"url\":\"https:\\\/\\\/www.aclanester56.com\\\/velo\\\/\",\"logo\":{\"@type\":\"ImageObject\",\"inLanguage\":\"fr-FR\",\"@id\":\"https:\\\/\\\/www.aclanester56.com\\\/velo\\\/#\\\/schema\\\/logo\\\/image\\\/\",\"url\":\"https:\\\/\\\/www.aclanester56.com\\\/velo\\\/wp-content\\\/uploads\\\/2013\\\/04\\\/logo-ACL.jpg\",\"contentUrl\":\"https:\\\/\\\/www.aclanester56.com\\\/velo\\\/wp-content\\\/uploads\\\/2013\\\/04\\\/logo-ACL.jpg\",\"width\":400,\"height\":334,\"caption\":\"Avenir Cycliste Lanester 56\"},\"image\":{\"@id\":\"https:\\\/\\\/www.aclanester56.com\\\/velo\\\/#\\\/schema\\\/logo\\\/image\\\/\"},\"sameAs\":[\"https:\\\/\\\/www.facebook.com\\\/pages\\\/AC-Lanester-56\\\/190286300991242?fref=ts\"]},{\"@type\":\"Person\",\"@id\":\"https:\\\/\\\/www.aclanester56.com\\\/velo\\\/#\\\/schema\\\/person\\\/ca2a44a5fd969e9dd846c72d3b33bc01\",\"name\":\"Jean-Christophe\",\"url\":\"https:\\\/\\\/www.aclanester56.com\\\/velo\\\/author\\\/jeanchristophe\\\/\"}]}<\/script>\n<!-- \/ Yoast SEO plugin. -->","yoast_head_json":{"title":"L'\u00e9cole de cyclisme f\u00eate l'\u00e9t\u00e9 ! - Avenir Cycliste Lanester 56","robots":{"index":"index","follow":"follow","max-snippet":"max-snippet:-1","max-image-preview":"max-image-preview:large","max-video-preview":"max-video-preview:-1"},"canonical":"https:\/\/www.aclanester56.com\/velo\/lecole-de-cyclisme-fete-lete\/","og_locale":"fr_FR","og_type":"article","og_title":"L'\u00e9cole de cyclisme f\u00eate l'\u00e9t\u00e9 ! - Avenir Cycliste Lanester 56","og_description":"Alors que la saison se termine presque pour les jeunes coureurs de l&rsquo;\u00e9cole de cyclisme de l&rsquo;AC LANESTER 56, les [&hellip;]","og_url":"https:\/\/www.aclanester56.com\/velo\/lecole-de-cyclisme-fete-lete\/","og_site_name":"Avenir Cycliste Lanester 56","article_publisher":"https:\/\/www.facebook.com\/pages\/AC-Lanester-56\/190286300991242?fref=ts","article_published_time":"2011-07-08T18:02:04+00:00","article_modified_time":"2011-07-16T15:55:58+00:00","og_image":[{"width":650,"height":300,"url":"https:\/\/www.aclanester56.com\/velo\/wp-content\/uploads\/2011\/07\/Mus\u00e9e-au-v\u00e9lo-Copie.jpg","type":"image\/jpeg"}],"author":"Jean-Christophe","twitter_misc":{"\u00c9crit par":"Jean-Christophe","Dur\u00e9e de lecture estim\u00e9e":"1 minute"},"schema":{"@context":"https:\/\/schema.org","@graph":[{"@type":"Article","@id":"https:\/\/www.aclanester56.com\/velo\/lecole-de-cyclisme-fete-lete\/#article","isPartOf":{"@id":"https:\/\/www.aclanester56.com\/velo\/lecole-de-cyclisme-fete-lete\/"},"author":{"name":"Jean-Christophe","@id":"https:\/\/www.aclanester56.com\/velo\/#\/schema\/person\/ca2a44a5fd969e9dd846c72d3b33bc01"},"headline":"L&rsquo;\u00e9cole de cyclisme f\u00eate l&rsquo;\u00e9t\u00e9 !","datePublished":"2011-07-08T18:02:04+00:00","dateModified":"2011-07-16T15:55:58+00:00","mainEntityOfPage":{"@id":"https:\/\/www.aclanester56.com\/velo\/lecole-de-cyclisme-fete-lete\/"},"wordCount":247,"commentCount":0,"publisher":{"@id":"https:\/\/www.aclanester56.com\/velo\/#organization"},"image":{"@id":"https:\/\/www.aclanester56.com\/velo\/lecole-de-cyclisme-fete-lete\/#primaryimage"},"thumbnailUrl":"https:\/\/www.aclanester56.com\/velo\/wp-content\/uploads\/2011\/07\/Mus\u00e9e-au-v\u00e9lo-Copie.jpg","articleSection":["AC LANESTER 56","R\u00e9sultats Ecole de cyclisme"],"inLanguage":"fr-FR","potentialAction":[{"@type":"CommentAction","name":"Comment","target":["https:\/\/www.aclanester56.com\/velo\/lecole-de-cyclisme-fete-lete\/#respond"]}]},{"@type":"WebPage","@id":"https:\/\/www.aclanester56.com\/velo\/lecole-de-cyclisme-fete-lete\/","url":"https:\/\/www.aclanester56.com\/velo\/lecole-de-cyclisme-fete-lete\/","name":"L'\u00e9cole de cyclisme f\u00eate l'\u00e9t\u00e9 ! - Avenir Cycliste Lanester 56","isPartOf":{"@id":"https:\/\/www.aclanester56.com\/velo\/#website"},"primaryImageOfPage":{"@id":"https:\/\/www.aclanester56.com\/velo\/lecole-de-cyclisme-fete-lete\/#primaryimage"},"image":{"@id":"https:\/\/www.aclanester56.com\/velo\/lecole-de-cyclisme-fete-lete\/#primaryimage"},"thumbnailUrl":"https:\/\/www.aclanester56.com\/velo\/wp-content\/uploads\/2011\/07\/Mus\u00e9e-au-v\u00e9lo-Copie.jpg","datePublished":"2011-07-08T18:02:04+00:00","dateModified":"2011-07-16T15:55:58+00:00","inLanguage":"fr-FR","potentialAction":[{"@type":"ReadAction","target":["https:\/\/www.aclanester56.com\/velo\/lecole-de-cyclisme-fete-lete\/"]}]},{"@type":"ImageObject","inLanguage":"fr-FR","@id":"https:\/\/www.aclanester56.com\/velo\/lecole-de-cyclisme-fete-lete\/#primaryimage","url":"https:\/\/www.aclanester56.com\/velo\/wp-content\/uploads\/2011\/07\/Mus\u00e9e-au-v\u00e9lo-Copie.jpg","contentUrl":"https:\/\/www.aclanester56.com\/velo\/wp-content\/uploads\/2011\/07\/Mus\u00e9e-au-v\u00e9lo-Copie.jpg","width":650,"height":300},{"@type":"WebSite","@id":"https:\/\/www.aclanester56.com\/velo\/#website","url":"https:\/\/www.aclanester56.com\/velo\/","name":"Avenir Cycliste Lanester 56","description":"Club cycliste de l&#039;AC LANESTER 56","publisher":{"@id":"https:\/\/www.aclanester56.com\/velo\/#organization"},"potentialAction":[{"@type":"SearchAction","target":{"@type":"EntryPoint","urlTemplate":"https:\/\/www.aclanester56.com\/velo\/?s={search_term_string}"},"query-input":{"@type":"PropertyValueSpecification","valueRequired":true,"valueName":"search_term_string"}}],"inLanguage":"fr-FR"},{"@type":"Organization","@id":"https:\/\/www.aclanester56.com\/velo\/#organization","name":"Avenir Cycliste Lanester 56","url":"https:\/\/www.aclanester56.com\/velo\/","logo":{"@type":"ImageObject","inLanguage":"fr-FR","@id":"https:\/\/www.aclanester56.com\/velo\/#\/schema\/logo\/image\/","url":"https:\/\/www.aclanester56.com\/velo\/wp-content\/uploads\/2013\/04\/logo-ACL.jpg","contentUrl":"https:\/\/www.aclanester56.com\/velo\/wp-content\/uploads\/2013\/04\/logo-ACL.jpg","width":400,"height":334,"caption":"Avenir Cycliste Lanester 56"},"image":{"@id":"https:\/\/www.aclanester56.com\/velo\/#\/schema\/logo\/image\/"},"sameAs":["https:\/\/www.facebook.com\/pages\/AC-Lanester-56\/190286300991242?fref=ts"]},{"@type":"Person","@id":"https:\/\/www.aclanester56.com\/velo\/#\/schema\/person\/ca2a44a5fd969e9dd846c72d3b33bc01","name":"Jean-Christophe","url":"https:\/\/www.aclanester56.com\/velo\/author\/jeanchristophe\/"}]}},"_links":{"self":[{"href":"https:\/\/www.aclanester56.com\/velo\/wp-json\/wp\/v2\/posts\/9173","targetHints":{"allow":["GET"]}}],"collection":[{"href":"https:\/\/www.aclanester56.com\/velo\/wp-json\/wp\/v2\/posts"}],"about":[{"href":"https:\/\/www.aclanester56.com\/velo\/wp-json\/wp\/v2\/types\/post"}],"author":[{"embeddable":true,"href":"https:\/\/www.aclanester56.com\/velo\/wp-json\/wp\/v2\/users\/14"}],"replies":[{"embeddable":true,"href":"https:\/\/www.aclanester56.com\/velo\/wp-json\/wp\/v2\/comments?post=9173"}],"version-history":[{"count":0,"href":"https:\/\/www.aclanester56.com\/velo\/wp-json\/wp\/v2\/posts\/9173\/revisions"}],"wp:featuredmedia":[{"embeddable":true,"href":"https:\/\/www.aclanester56.com\/velo\/wp-json\/wp\/v2\/media\/9180"}],"wp:attachment":[{"href":"https:\/\/www.aclanester56.com\/velo\/wp-json\/wp\/v2\/media?parent=9173"}],"wp:term":[{"taxonomy":"category","embeddable":true,"href":"https:\/\/www.aclanester56.com\/velo\/wp-json\/wp\/v2\/categories?post=9173"},{"taxonomy":"post_tag","embeddable":true,"href":"https:\/\/www.aclanester56.com\/velo\/wp-json\/wp\/v2\/tags?post=9173"}],"curies":[{"name":"wp","href":"https:\/\/api.w.org\/{rel}","templated":true}]}}