{"id":9348,"date":"2011-07-28T19:52:27","date_gmt":"2011-07-28T18:52:27","guid":{"rendered":"http:\/\/www.aclanester56.com\/velo\/?p=9348"},"modified":"2011-08-15T22:02:42","modified_gmt":"2011-08-15T21:02:42","slug":"un-gros-programme-dete-pour-warren-barguil","status":"publish","type":"post","link":"https:\/\/www.aclanester56.com\/velo\/un-gros-programme-dete-pour-warren-barguil\/","title":{"rendered":"Un gros programme d&rsquo;\u00e9t\u00e9 pour Warren Barguil !"},"content":{"rendered":"<div id=\"attachment_9349\" style=\"width: 330px\" class=\"wp-caption alignleft\"><a href=\"http:\/\/www.aclanester56.com\/velo\/wp-content\/uploads\/2011\/07\/Warren-Barguil-2.jpg\" ><img loading=\"lazy\" decoding=\"async\" aria-describedby=\"caption-attachment-9349\" src=\"http:\/\/www.aclanester56.com\/velo\/wp-content\/uploads\/2011\/07\/Warren-Barguil-2.jpg\" alt=\"\" title=\"Les semaines qui arrivent ne vont pas \u00eatre de tout repos pour le Lanest\u00e9rien Warren Barguil ! (photo Yves Peyre)\" width=\"320\" height=\"254\" class=\"size-full wp-image-9349\" srcset=\"https:\/\/www.aclanester56.com\/velo\/wp-content\/uploads\/2011\/07\/Warren-Barguil-2.jpg 640w, https:\/\/www.aclanester56.com\/velo\/wp-content\/uploads\/2011\/07\/Warren-Barguil-2-300x238.jpg 300w, https:\/\/www.aclanester56.com\/velo\/wp-content\/uploads\/2011\/07\/Warren-Barguil-2-377x300.jpg 377w\" sizes=\"auto, (max-width: 320px) 100vw, 320px\" \/><\/a><p id=\"caption-attachment-9349\" class=\"wp-caption-text\">Les semaines qui arrivent ne vont pas \u00eatre de tout repos pour le Lanest\u00e9rien Warren Barguil ! (photo Yves Peyre)<\/p><\/div>\n<p style=\"text-align: justify;\">Le Lanest\u00e9rien Warren BARGUIL sera stagiaire dans l&rsquo;\u00e9quipe professionnelle Bretagne-Schuller \u00e0 partir du 1er ao\u00fbt. Cependant, son programme du mois d&rsquo;ao\u00fbt donnera la priorit\u00e9 \u00e0 l&rsquo;\u00e9quipe de France, de Bretagne et de l&rsquo;AC LANESTER 56 !<\/p>\n<p>&nbsp;<\/p>\n<p style=\"text-align: justify;\"><!--more--><\/p>\n<p>&nbsp;<\/p>\n<p style=\"text-align: justify;\"><span style=\"color: #ff6600;\"><strong>Pas de vacances en ao\u00fbt pour Warren !<\/strong><\/span><\/p>\n<p style=\"text-align: justify;\">Du 1er au 6 ao\u00fbt, Warren BARGUIL participera \u00e0 un stage \u00e0 la montagne avec l&rsquo;\u00e9quipe de France. Ensuite, il mettra le cap sur le Tour de l&rsquo;Ain, course par \u00e9tapes professionnelle qui se d\u00e9roulera du 9 au 13 ao\u00fbt et o\u00f9 sont engag\u00e9es des \u00e9quipes du World Tour comme Astana, Rabobank et toutes les \u00e9quipes fran\u00e7aises. Warren devait initialement participer \u00e0 cette \u00e9preuve avec l&rsquo;\u00e9quipe Bretagne-Schuller, mais il portera finalement les couleurs de l&rsquo;\u00e9quipe de France espoirs.<\/p>\n<p style=\"text-align: justify;\"><span style=\"color: #ff6600;\"><strong>Le Tour de l&rsquo;Avenir en septembre ?<\/strong><\/span><\/p>\n<p style=\"text-align: justify;\">Le Lanest\u00e9rien sera ensuite au d\u00e9part du championnat de France espoirs \u00e0 Ussel, le 21 ao\u00fbt, au sein de la s\u00e9lection bretonne. Le week-end suivant, Warren reviendra enfin courir en Bretagne (Grand Prix de Plouay ou Cabri-Tour) avec l&rsquo;AC LANESTER 56 et esp\u00e8re faire partie de l&rsquo;\u00e9quipe de France qui prendra le d\u00e9part du Tour de l&rsquo;Avenir le 5 septembre. En fin de saison, il participera \u00e0 quelques courses avec l&rsquo;\u00e9quipe Bretagne-Schuller. Un sacr\u00e9 programme en perspective !<\/p>\n<p>&nbsp;<\/p>\n","protected":false},"excerpt":{"rendered":"<p>Le Lanest\u00e9rien Warren BARGUIL sera stagiaire dans l&rsquo;\u00e9quipe professionnelle Bretagne-Schuller \u00e0 partir du 1er ao\u00fbt. Cependant, son programme du mois [&hellip;]<\/p>\n","protected":false},"author":14,"featured_media":9352,"comment_status":"open","ping_status":"closed","sticky":false,"template":"","format":"standard","meta":{"ngg_post_thumbnail":0,"footnotes":""},"categories":[5,14,17],"tags":[],"class_list":["post-9348","post","type-post","status-publish","format-standard","has-post-thumbnail","hentry","category-ac-lanester-56","category-actualites-dn","category-resultats-dn"],"yoast_head":"<!-- This site is optimized with the Yoast SEO plugin v27.5 - https:\/\/yoast.com\/product\/yoast-seo-wordpress\/ -->\n<title>Un gros programme d&#039;\u00e9t\u00e9 pour Warren Barguil ! - Avenir Cycliste Lanester 56<\/title>\n<meta name=\"robots\" content=\"index, follow, max-snippet:-1, max-image-preview:large, max-video-preview:-1\" \/>\n<link rel=\"canonical\" href=\"https:\/\/www.aclanester56.com\/velo\/un-gros-programme-dete-pour-warren-barguil\/\" \/>\n<meta property=\"og:locale\" content=\"fr_FR\" \/>\n<meta property=\"og:type\" content=\"article\" \/>\n<meta property=\"og:title\" content=\"Un gros programme d&#039;\u00e9t\u00e9 pour Warren Barguil ! - Avenir Cycliste Lanester 56\" \/>\n<meta property=\"og:description\" content=\"Le Lanest\u00e9rien Warren BARGUIL sera stagiaire dans l&rsquo;\u00e9quipe professionnelle Bretagne-Schuller \u00e0 partir du 1er ao\u00fbt. Cependant, son programme du mois [&hellip;]\" \/>\n<meta property=\"og:url\" content=\"https:\/\/www.aclanester56.com\/velo\/un-gros-programme-dete-pour-warren-barguil\/\" \/>\n<meta property=\"og:site_name\" content=\"Avenir Cycliste Lanester 56\" \/>\n<meta property=\"article:publisher\" content=\"https:\/\/www.facebook.com\/pages\/AC-Lanester-56\/190286300991242?fref=ts\" \/>\n<meta property=\"article:published_time\" content=\"2011-07-28T18:52:27+00:00\" \/>\n<meta property=\"article:modified_time\" content=\"2011-08-15T21:02:42+00:00\" \/>\n<meta property=\"og:image\" content=\"https:\/\/www.aclanester56.com\/velo\/wp-content\/uploads\/2011\/07\/Warren-Barguil-2-Copie.jpg\" \/>\n\t<meta property=\"og:image:width\" content=\"650\" \/>\n\t<meta property=\"og:image:height\" content=\"300\" \/>\n\t<meta property=\"og:image:type\" content=\"image\/jpeg\" \/>\n<meta name=\"author\" content=\"Jean-Christophe\" \/>\n<meta name=\"twitter:label1\" content=\"\u00c9crit par\" \/>\n\t<meta name=\"twitter:data1\" content=\"Jean-Christophe\" \/>\n\t<meta name=\"twitter:label2\" content=\"Dur\u00e9e de lecture estim\u00e9e\" \/>\n\t<meta name=\"twitter:data2\" content=\"1 minute\" \/>\n<script type=\"application\/ld+json\" class=\"yoast-schema-graph\">{\"@context\":\"https:\\\/\\\/schema.org\",\"@graph\":[{\"@type\":\"Article\",\"@id\":\"https:\\\/\\\/www.aclanester56.com\\\/velo\\\/un-gros-programme-dete-pour-warren-barguil\\\/#article\",\"isPartOf\":{\"@id\":\"https:\\\/\\\/www.aclanester56.com\\\/velo\\\/un-gros-programme-dete-pour-warren-barguil\\\/\"},\"author\":{\"name\":\"Jean-Christophe\",\"@id\":\"https:\\\/\\\/www.aclanester56.com\\\/velo\\\/#\\\/schema\\\/person\\\/ca2a44a5fd969e9dd846c72d3b33bc01\"},\"headline\":\"Un gros programme d&rsquo;\u00e9t\u00e9 pour Warren Barguil !\",\"datePublished\":\"2011-07-28T18:52:27+00:00\",\"dateModified\":\"2011-08-15T21:02:42+00:00\",\"mainEntityOfPage\":{\"@id\":\"https:\\\/\\\/www.aclanester56.com\\\/velo\\\/un-gros-programme-dete-pour-warren-barguil\\\/\"},\"wordCount\":250,\"commentCount\":0,\"publisher\":{\"@id\":\"https:\\\/\\\/www.aclanester56.com\\\/velo\\\/#organization\"},\"image\":{\"@id\":\"https:\\\/\\\/www.aclanester56.com\\\/velo\\\/un-gros-programme-dete-pour-warren-barguil\\\/#primaryimage\"},\"thumbnailUrl\":\"https:\\\/\\\/www.aclanester56.com\\\/velo\\\/wp-content\\\/uploads\\\/2011\\\/07\\\/Warren-Barguil-2-Copie.jpg\",\"articleSection\":[\"AC LANESTER 56\",\"Actualit\u00e9s DN\",\"R\u00e9sultats DN\"],\"inLanguage\":\"fr-FR\",\"potentialAction\":[{\"@type\":\"CommentAction\",\"name\":\"Comment\",\"target\":[\"https:\\\/\\\/www.aclanester56.com\\\/velo\\\/un-gros-programme-dete-pour-warren-barguil\\\/#respond\"]}]},{\"@type\":\"WebPage\",\"@id\":\"https:\\\/\\\/www.aclanester56.com\\\/velo\\\/un-gros-programme-dete-pour-warren-barguil\\\/\",\"url\":\"https:\\\/\\\/www.aclanester56.com\\\/velo\\\/un-gros-programme-dete-pour-warren-barguil\\\/\",\"name\":\"Un gros programme d'\u00e9t\u00e9 pour Warren Barguil ! - Avenir Cycliste Lanester 56\",\"isPartOf\":{\"@id\":\"https:\\\/\\\/www.aclanester56.com\\\/velo\\\/#website\"},\"primaryImageOfPage\":{\"@id\":\"https:\\\/\\\/www.aclanester56.com\\\/velo\\\/un-gros-programme-dete-pour-warren-barguil\\\/#primaryimage\"},\"image\":{\"@id\":\"https:\\\/\\\/www.aclanester56.com\\\/velo\\\/un-gros-programme-dete-pour-warren-barguil\\\/#primaryimage\"},\"thumbnailUrl\":\"https:\\\/\\\/www.aclanester56.com\\\/velo\\\/wp-content\\\/uploads\\\/2011\\\/07\\\/Warren-Barguil-2-Copie.jpg\",\"datePublished\":\"2011-07-28T18:52:27+00:00\",\"dateModified\":\"2011-08-15T21:02:42+00:00\",\"inLanguage\":\"fr-FR\",\"potentialAction\":[{\"@type\":\"ReadAction\",\"target\":[\"https:\\\/\\\/www.aclanester56.com\\\/velo\\\/un-gros-programme-dete-pour-warren-barguil\\\/\"]}]},{\"@type\":\"ImageObject\",\"inLanguage\":\"fr-FR\",\"@id\":\"https:\\\/\\\/www.aclanester56.com\\\/velo\\\/un-gros-programme-dete-pour-warren-barguil\\\/#primaryimage\",\"url\":\"https:\\\/\\\/www.aclanester56.com\\\/velo\\\/wp-content\\\/uploads\\\/2011\\\/07\\\/Warren-Barguil-2-Copie.jpg\",\"contentUrl\":\"https:\\\/\\\/www.aclanester56.com\\\/velo\\\/wp-content\\\/uploads\\\/2011\\\/07\\\/Warren-Barguil-2-Copie.jpg\",\"width\":650,\"height\":300},{\"@type\":\"WebSite\",\"@id\":\"https:\\\/\\\/www.aclanester56.com\\\/velo\\\/#website\",\"url\":\"https:\\\/\\\/www.aclanester56.com\\\/velo\\\/\",\"name\":\"Avenir Cycliste Lanester 56\",\"description\":\"Club cycliste de l&#039;AC LANESTER 56\",\"publisher\":{\"@id\":\"https:\\\/\\\/www.aclanester56.com\\\/velo\\\/#organization\"},\"potentialAction\":[{\"@type\":\"SearchAction\",\"target\":{\"@type\":\"EntryPoint\",\"urlTemplate\":\"https:\\\/\\\/www.aclanester56.com\\\/velo\\\/?s={search_term_string}\"},\"query-input\":{\"@type\":\"PropertyValueSpecification\",\"valueRequired\":true,\"valueName\":\"search_term_string\"}}],\"inLanguage\":\"fr-FR\"},{\"@type\":\"Organization\",\"@id\":\"https:\\\/\\\/www.aclanester56.com\\\/velo\\\/#organization\",\"name\":\"Avenir Cycliste Lanester 56\",\"url\":\"https:\\\/\\\/www.aclanester56.com\\\/velo\\\/\",\"logo\":{\"@type\":\"ImageObject\",\"inLanguage\":\"fr-FR\",\"@id\":\"https:\\\/\\\/www.aclanester56.com\\\/velo\\\/#\\\/schema\\\/logo\\\/image\\\/\",\"url\":\"https:\\\/\\\/www.aclanester56.com\\\/velo\\\/wp-content\\\/uploads\\\/2013\\\/04\\\/logo-ACL.jpg\",\"contentUrl\":\"https:\\\/\\\/www.aclanester56.com\\\/velo\\\/wp-content\\\/uploads\\\/2013\\\/04\\\/logo-ACL.jpg\",\"width\":400,\"height\":334,\"caption\":\"Avenir Cycliste Lanester 56\"},\"image\":{\"@id\":\"https:\\\/\\\/www.aclanester56.com\\\/velo\\\/#\\\/schema\\\/logo\\\/image\\\/\"},\"sameAs\":[\"https:\\\/\\\/www.facebook.com\\\/pages\\\/AC-Lanester-56\\\/190286300991242?fref=ts\"]},{\"@type\":\"Person\",\"@id\":\"https:\\\/\\\/www.aclanester56.com\\\/velo\\\/#\\\/schema\\\/person\\\/ca2a44a5fd969e9dd846c72d3b33bc01\",\"name\":\"Jean-Christophe\",\"url\":\"https:\\\/\\\/www.aclanester56.com\\\/velo\\\/author\\\/jeanchristophe\\\/\"}]}<\/script>\n<!-- \/ Yoast SEO plugin. -->","yoast_head_json":{"title":"Un gros programme d'\u00e9t\u00e9 pour Warren Barguil ! - Avenir Cycliste Lanester 56","robots":{"index":"index","follow":"follow","max-snippet":"max-snippet:-1","max-image-preview":"max-image-preview:large","max-video-preview":"max-video-preview:-1"},"canonical":"https:\/\/www.aclanester56.com\/velo\/un-gros-programme-dete-pour-warren-barguil\/","og_locale":"fr_FR","og_type":"article","og_title":"Un gros programme d'\u00e9t\u00e9 pour Warren Barguil ! - Avenir Cycliste Lanester 56","og_description":"Le Lanest\u00e9rien Warren BARGUIL sera stagiaire dans l&rsquo;\u00e9quipe professionnelle Bretagne-Schuller \u00e0 partir du 1er ao\u00fbt. Cependant, son programme du mois [&hellip;]","og_url":"https:\/\/www.aclanester56.com\/velo\/un-gros-programme-dete-pour-warren-barguil\/","og_site_name":"Avenir Cycliste Lanester 56","article_publisher":"https:\/\/www.facebook.com\/pages\/AC-Lanester-56\/190286300991242?fref=ts","article_published_time":"2011-07-28T18:52:27+00:00","article_modified_time":"2011-08-15T21:02:42+00:00","og_image":[{"width":650,"height":300,"url":"https:\/\/www.aclanester56.com\/velo\/wp-content\/uploads\/2011\/07\/Warren-Barguil-2-Copie.jpg","type":"image\/jpeg"}],"author":"Jean-Christophe","twitter_misc":{"\u00c9crit par":"Jean-Christophe","Dur\u00e9e de lecture estim\u00e9e":"1 minute"},"schema":{"@context":"https:\/\/schema.org","@graph":[{"@type":"Article","@id":"https:\/\/www.aclanester56.com\/velo\/un-gros-programme-dete-pour-warren-barguil\/#article","isPartOf":{"@id":"https:\/\/www.aclanester56.com\/velo\/un-gros-programme-dete-pour-warren-barguil\/"},"author":{"name":"Jean-Christophe","@id":"https:\/\/www.aclanester56.com\/velo\/#\/schema\/person\/ca2a44a5fd969e9dd846c72d3b33bc01"},"headline":"Un gros programme d&rsquo;\u00e9t\u00e9 pour Warren Barguil !","datePublished":"2011-07-28T18:52:27+00:00","dateModified":"2011-08-15T21:02:42+00:00","mainEntityOfPage":{"@id":"https:\/\/www.aclanester56.com\/velo\/un-gros-programme-dete-pour-warren-barguil\/"},"wordCount":250,"commentCount":0,"publisher":{"@id":"https:\/\/www.aclanester56.com\/velo\/#organization"},"image":{"@id":"https:\/\/www.aclanester56.com\/velo\/un-gros-programme-dete-pour-warren-barguil\/#primaryimage"},"thumbnailUrl":"https:\/\/www.aclanester56.com\/velo\/wp-content\/uploads\/2011\/07\/Warren-Barguil-2-Copie.jpg","articleSection":["AC LANESTER 56","Actualit\u00e9s DN","R\u00e9sultats DN"],"inLanguage":"fr-FR","potentialAction":[{"@type":"CommentAction","name":"Comment","target":["https:\/\/www.aclanester56.com\/velo\/un-gros-programme-dete-pour-warren-barguil\/#respond"]}]},{"@type":"WebPage","@id":"https:\/\/www.aclanester56.com\/velo\/un-gros-programme-dete-pour-warren-barguil\/","url":"https:\/\/www.aclanester56.com\/velo\/un-gros-programme-dete-pour-warren-barguil\/","name":"Un gros programme d'\u00e9t\u00e9 pour Warren Barguil ! - Avenir Cycliste Lanester 56","isPartOf":{"@id":"https:\/\/www.aclanester56.com\/velo\/#website"},"primaryImageOfPage":{"@id":"https:\/\/www.aclanester56.com\/velo\/un-gros-programme-dete-pour-warren-barguil\/#primaryimage"},"image":{"@id":"https:\/\/www.aclanester56.com\/velo\/un-gros-programme-dete-pour-warren-barguil\/#primaryimage"},"thumbnailUrl":"https:\/\/www.aclanester56.com\/velo\/wp-content\/uploads\/2011\/07\/Warren-Barguil-2-Copie.jpg","datePublished":"2011-07-28T18:52:27+00:00","dateModified":"2011-08-15T21:02:42+00:00","inLanguage":"fr-FR","potentialAction":[{"@type":"ReadAction","target":["https:\/\/www.aclanester56.com\/velo\/un-gros-programme-dete-pour-warren-barguil\/"]}]},{"@type":"ImageObject","inLanguage":"fr-FR","@id":"https:\/\/www.aclanester56.com\/velo\/un-gros-programme-dete-pour-warren-barguil\/#primaryimage","url":"https:\/\/www.aclanester56.com\/velo\/wp-content\/uploads\/2011\/07\/Warren-Barguil-2-Copie.jpg","contentUrl":"https:\/\/www.aclanester56.com\/velo\/wp-content\/uploads\/2011\/07\/Warren-Barguil-2-Copie.jpg","width":650,"height":300},{"@type":"WebSite","@id":"https:\/\/www.aclanester56.com\/velo\/#website","url":"https:\/\/www.aclanester56.com\/velo\/","name":"Avenir Cycliste Lanester 56","description":"Club cycliste de l&#039;AC LANESTER 56","publisher":{"@id":"https:\/\/www.aclanester56.com\/velo\/#organization"},"potentialAction":[{"@type":"SearchAction","target":{"@type":"EntryPoint","urlTemplate":"https:\/\/www.aclanester56.com\/velo\/?s={search_term_string}"},"query-input":{"@type":"PropertyValueSpecification","valueRequired":true,"valueName":"search_term_string"}}],"inLanguage":"fr-FR"},{"@type":"Organization","@id":"https:\/\/www.aclanester56.com\/velo\/#organization","name":"Avenir Cycliste Lanester 56","url":"https:\/\/www.aclanester56.com\/velo\/","logo":{"@type":"ImageObject","inLanguage":"fr-FR","@id":"https:\/\/www.aclanester56.com\/velo\/#\/schema\/logo\/image\/","url":"https:\/\/www.aclanester56.com\/velo\/wp-content\/uploads\/2013\/04\/logo-ACL.jpg","contentUrl":"https:\/\/www.aclanester56.com\/velo\/wp-content\/uploads\/2013\/04\/logo-ACL.jpg","width":400,"height":334,"caption":"Avenir Cycliste Lanester 56"},"image":{"@id":"https:\/\/www.aclanester56.com\/velo\/#\/schema\/logo\/image\/"},"sameAs":["https:\/\/www.facebook.com\/pages\/AC-Lanester-56\/190286300991242?fref=ts"]},{"@type":"Person","@id":"https:\/\/www.aclanester56.com\/velo\/#\/schema\/person\/ca2a44a5fd969e9dd846c72d3b33bc01","name":"Jean-Christophe","url":"https:\/\/www.aclanester56.com\/velo\/author\/jeanchristophe\/"}]}},"_links":{"self":[{"href":"https:\/\/www.aclanester56.com\/velo\/wp-json\/wp\/v2\/posts\/9348","targetHints":{"allow":["GET"]}}],"collection":[{"href":"https:\/\/www.aclanester56.com\/velo\/wp-json\/wp\/v2\/posts"}],"about":[{"href":"https:\/\/www.aclanester56.com\/velo\/wp-json\/wp\/v2\/types\/post"}],"author":[{"embeddable":true,"href":"https:\/\/www.aclanester56.com\/velo\/wp-json\/wp\/v2\/users\/14"}],"replies":[{"embeddable":true,"href":"https:\/\/www.aclanester56.com\/velo\/wp-json\/wp\/v2\/comments?post=9348"}],"version-history":[{"count":0,"href":"https:\/\/www.aclanester56.com\/velo\/wp-json\/wp\/v2\/posts\/9348\/revisions"}],"wp:featuredmedia":[{"embeddable":true,"href":"https:\/\/www.aclanester56.com\/velo\/wp-json\/wp\/v2\/media\/9352"}],"wp:attachment":[{"href":"https:\/\/www.aclanester56.com\/velo\/wp-json\/wp\/v2\/media?parent=9348"}],"wp:term":[{"taxonomy":"category","embeddable":true,"href":"https:\/\/www.aclanester56.com\/velo\/wp-json\/wp\/v2\/categories?post=9348"},{"taxonomy":"post_tag","embeddable":true,"href":"https:\/\/www.aclanester56.com\/velo\/wp-json\/wp\/v2\/tags?post=9348"}],"curies":[{"name":"wp","href":"https:\/\/api.w.org\/{rel}","templated":true}]}}