{"id":9455,"date":"2011-08-24T22:13:40","date_gmt":"2011-08-24T21:13:40","guid":{"rendered":"http:\/\/www.aclanester56.com\/velo\/?p=9455"},"modified":"2011-08-31T21:18:51","modified_gmt":"2011-08-31T20:18:51","slug":"un-circuit-des-2-provinces-2011-tres-difficile","status":"publish","type":"post","link":"https:\/\/www.aclanester56.com\/velo\/un-circuit-des-2-provinces-2011-tres-difficile\/","title":{"rendered":"Un Circuit des 2 Provinces 2011 tr\u00e8s difficile !"},"content":{"rendered":"<div id=\"attachment_9457\" style=\"width: 330px\" class=\"wp-caption alignleft\"><a href=\"http:\/\/www.aclanester56.com\/velo\/wp-content\/uploads\/2011\/08\/Anthony-Mira.jpg\"><img loading=\"lazy\" decoding=\"async\" aria-describedby=\"caption-attachment-9457\" src=\"http:\/\/www.aclanester56.com\/velo\/wp-content\/uploads\/2011\/08\/Anthony-Mira.jpg\" alt=\"\" title=\"Anthony Mira s&#039;est montr\u00e9 aux avants-postes du Circuit des 2 Provinces au Pertre, disput\u00e9 sous un v\u00e9ritable d\u00e9luge (photo F. Lambert - www.sportbreizh.com)\" width=\"320\" height=\"215\" class=\"size-full wp-image-9457\" srcset=\"https:\/\/www.aclanester56.com\/velo\/wp-content\/uploads\/2011\/08\/Anthony-Mira.jpg 640w, https:\/\/www.aclanester56.com\/velo\/wp-content\/uploads\/2011\/08\/Anthony-Mira-300x201.jpg 300w, https:\/\/www.aclanester56.com\/velo\/wp-content\/uploads\/2011\/08\/Anthony-Mira-446x300.jpg 446w\" sizes=\"auto, (max-width: 320px) 100vw, 320px\" \/><\/a><p id=\"caption-attachment-9457\" class=\"wp-caption-text\">Anthony Mira s&#039;est montr\u00e9 aux avants-postes du Circuit des 2 Provinces au Pertre, disput\u00e9 sous un v\u00e9ritable d\u00e9luge (photo F. Lambert - www.sportbreizh.com)<\/p><\/div>\n<p style=\"text-align: justify;\">Trois Lanest\u00e9riens \u00e9taient au d\u00e9part du Circuit des 2 Provinces au Pertre (35), \u00e9preuve renomm\u00e9e qui s&rsquo;est disput\u00e9e cette ann\u00e9e dans des conditions climatiques extr\u00eamement difficiles.<br \/>\n&nbsp;<br \/>\n&nbsp;<br \/>\n<!--more--><br \/>\n&nbsp;<br \/>\n&nbsp;<br \/>\n<strong><span style=\"color: #ff6600;\">Le 63\u00e8me Circuit des 2 Provinces sous le d\u00e9luge<\/span><\/strong><\/p>\n<p style=\"text-align: justify;\">Ludovic POILVET, Anthony MIRA et Vincent GUEGO \u00e9taient au d\u00e9part des 155.2 Km de course. Vincent RAGOT, qui avait mal r\u00e9cup\u00e9r\u00e9 depuis la veille, n&rsquo;a pas pris le d\u00e9part. Le peloton a fait preuve de beaucoup de courage puisque l&rsquo;ensemble de la course s&rsquo;est d\u00e9roul\u00e9e sous un v\u00e9ritable d\u00e9luge. Par moments, des \u00e9clairs ont m\u00eame z\u00e9br\u00e9 le ciel juste au-dessus des coureurs !<\/p>\n<div id=\"attachment_9462\" style=\"width: 330px\" class=\"wp-caption alignright\"><a href=\"http:\/\/www.aclanester56.com\/velo\/wp-content\/uploads\/2011\/08\/Ludovic-Poilvet.jpg\"><img loading=\"lazy\" decoding=\"async\" aria-describedby=\"caption-attachment-9462\" src=\"http:\/\/www.aclanester56.com\/velo\/wp-content\/uploads\/2011\/08\/Ludovic-Poilvet.jpg\" alt=\"\" title=\"Ludovic Poilvet a beaucoup tent\u00e9 en d\u00e9but de course, en vain (photo F. Lambert - www.sportbreizh.com)\" width=\"320\" height=\"215\" class=\"size-full wp-image-9462\" srcset=\"https:\/\/www.aclanester56.com\/velo\/wp-content\/uploads\/2011\/08\/Ludovic-Poilvet.jpg 640w, https:\/\/www.aclanester56.com\/velo\/wp-content\/uploads\/2011\/08\/Ludovic-Poilvet-300x201.jpg 300w, https:\/\/www.aclanester56.com\/velo\/wp-content\/uploads\/2011\/08\/Ludovic-Poilvet-446x300.jpg 446w\" sizes=\"auto, (max-width: 320px) 100vw, 320px\" \/><\/a><p id=\"caption-attachment-9462\" class=\"wp-caption-text\">Ludovic Poilvet a beaucoup tent\u00e9 en d\u00e9but de course, en vain (photo F. Lambert - www.sportbreizh.com)<\/p><\/div>\n<p style=\"text-align: justify;\"><span style=\"color: #ff6600;\"><strong>Poilvet et Mira pr\u00e9sents dans les \u00ab\u00a0coups\u00a0\u00bb<\/strong><\/span><\/p>\n<p style=\"text-align: justify;\">Cela n&rsquo;a pas fait peur \u00e0 Ludovic POILVET, qui a pris part \u00e0 de nombreuses \u00e9chapp\u00e9es en d\u00e9but de course, y laissant beaucoup d&rsquo;\u00e9nergie, mais le peloton est \u00e0 chaque fois revenu. Derri\u00e8re les 7 hommes qui ont finalement r\u00e9ussi \u00e0 trouver l&rsquo;ouverture, Anthony MIRA avait r\u00e9ussi \u00e0 sortir au sein d&rsquo;un petit groupe en contre, mais a \u00e9t\u00e9 revu \u00e0 quelques kilom\u00e8tres de l&rsquo;arriv\u00e9e. Au final, un regroupement avec 80coureurs \u00a0s&rsquo;est effectu\u00e9 derri\u00e8re le groupe d&rsquo;\u00e9chapp\u00e9s qui s&rsquo;est disloqu\u00e9. Anthony MIRA termine 33\u00e8me et Ludovic POILVET 76\u00e8me.<\/p>\n<p style=\"text-align: justify;\"><span style=\"color: #ff6600;\"><strong>La malchance pour Gu\u00e9go<\/strong><\/span><\/p>\n<p style=\"text-align: justify;\">Le troisi\u00e8me Lanest\u00e9rien engag\u00e9 Vincent GUEGO a jou\u00e9 de malchance. Il a en effet \u00e9t\u00e9 contraint \u00e0 l&rsquo;abandon suite \u00e0 un incident m\u00e9canique assez rare : son bidon est tomb\u00e9 sur sa chaine qui s&rsquo;est compl\u00e8tement vrill\u00e9e ! Quitte \u00e0 nous r\u00e9p\u00e9ter, ce fut une journ\u00e9e tr\u00e8s difficile pour l&rsquo;ensemble des coureurs et exprimons un grand bravo \u00e0 nos courageux Lanest\u00e9riens qui y ont particip\u00e9 !<\/p>\n<p>&nbsp;<\/p>\n","protected":false},"excerpt":{"rendered":"<p>Trois Lanest\u00e9riens \u00e9taient au d\u00e9part du Circuit des 2 Provinces au Pertre (35), \u00e9preuve renomm\u00e9e qui s&rsquo;est disput\u00e9e cette ann\u00e9e [&hellip;]<\/p>\n","protected":false},"author":14,"featured_media":9456,"comment_status":"open","ping_status":"closed","sticky":false,"template":"","format":"standard","meta":{"ngg_post_thumbnail":0,"footnotes":""},"categories":[5,14,17],"tags":[],"class_list":["post-9455","post","type-post","status-publish","format-standard","has-post-thumbnail","hentry","category-ac-lanester-56","category-actualites-dn","category-resultats-dn"],"yoast_head":"<!-- This site is optimized with the Yoast SEO plugin v27.5 - https:\/\/yoast.com\/product\/yoast-seo-wordpress\/ -->\n<title>Un Circuit des 2 Provinces 2011 tr\u00e8s difficile ! - Avenir Cycliste Lanester 56<\/title>\n<meta name=\"robots\" content=\"index, follow, max-snippet:-1, max-image-preview:large, max-video-preview:-1\" \/>\n<link rel=\"canonical\" href=\"https:\/\/www.aclanester56.com\/velo\/un-circuit-des-2-provinces-2011-tres-difficile\/\" \/>\n<meta property=\"og:locale\" content=\"fr_FR\" \/>\n<meta property=\"og:type\" content=\"article\" \/>\n<meta property=\"og:title\" content=\"Un Circuit des 2 Provinces 2011 tr\u00e8s difficile ! - Avenir Cycliste Lanester 56\" \/>\n<meta property=\"og:description\" content=\"Trois Lanest\u00e9riens \u00e9taient au d\u00e9part du Circuit des 2 Provinces au Pertre (35), \u00e9preuve renomm\u00e9e qui s&rsquo;est disput\u00e9e cette ann\u00e9e [&hellip;]\" \/>\n<meta property=\"og:url\" content=\"https:\/\/www.aclanester56.com\/velo\/un-circuit-des-2-provinces-2011-tres-difficile\/\" \/>\n<meta property=\"og:site_name\" content=\"Avenir Cycliste Lanester 56\" \/>\n<meta property=\"article:publisher\" content=\"https:\/\/www.facebook.com\/pages\/AC-Lanester-56\/190286300991242?fref=ts\" \/>\n<meta property=\"article:published_time\" content=\"2011-08-24T21:13:40+00:00\" \/>\n<meta property=\"article:modified_time\" content=\"2011-08-31T20:18:51+00:00\" \/>\n<meta property=\"og:image\" content=\"https:\/\/www.aclanester56.com\/velo\/wp-content\/uploads\/2011\/08\/Anthony-Mira-Copie.jpg\" \/>\n\t<meta property=\"og:image:width\" content=\"650\" \/>\n\t<meta property=\"og:image:height\" content=\"300\" \/>\n\t<meta property=\"og:image:type\" content=\"image\/jpeg\" \/>\n<meta name=\"author\" content=\"Jean-Christophe\" \/>\n<meta name=\"twitter:label1\" content=\"\u00c9crit par\" \/>\n\t<meta name=\"twitter:data1\" content=\"Jean-Christophe\" \/>\n\t<meta name=\"twitter:label2\" content=\"Dur\u00e9e de lecture estim\u00e9e\" \/>\n\t<meta name=\"twitter:data2\" content=\"2 minutes\" \/>\n<script type=\"application\/ld+json\" class=\"yoast-schema-graph\">{\"@context\":\"https:\\\/\\\/schema.org\",\"@graph\":[{\"@type\":\"Article\",\"@id\":\"https:\\\/\\\/www.aclanester56.com\\\/velo\\\/un-circuit-des-2-provinces-2011-tres-difficile\\\/#article\",\"isPartOf\":{\"@id\":\"https:\\\/\\\/www.aclanester56.com\\\/velo\\\/un-circuit-des-2-provinces-2011-tres-difficile\\\/\"},\"author\":{\"name\":\"Jean-Christophe\",\"@id\":\"https:\\\/\\\/www.aclanester56.com\\\/velo\\\/#\\\/schema\\\/person\\\/ca2a44a5fd969e9dd846c72d3b33bc01\"},\"headline\":\"Un Circuit des 2 Provinces 2011 tr\u00e8s difficile !\",\"datePublished\":\"2011-08-24T21:13:40+00:00\",\"dateModified\":\"2011-08-31T20:18:51+00:00\",\"mainEntityOfPage\":{\"@id\":\"https:\\\/\\\/www.aclanester56.com\\\/velo\\\/un-circuit-des-2-provinces-2011-tres-difficile\\\/\"},\"wordCount\":358,\"commentCount\":0,\"publisher\":{\"@id\":\"https:\\\/\\\/www.aclanester56.com\\\/velo\\\/#organization\"},\"image\":{\"@id\":\"https:\\\/\\\/www.aclanester56.com\\\/velo\\\/un-circuit-des-2-provinces-2011-tres-difficile\\\/#primaryimage\"},\"thumbnailUrl\":\"https:\\\/\\\/www.aclanester56.com\\\/velo\\\/wp-content\\\/uploads\\\/2011\\\/08\\\/Anthony-Mira-Copie.jpg\",\"articleSection\":[\"AC LANESTER 56\",\"Actualit\u00e9s DN\",\"R\u00e9sultats DN\"],\"inLanguage\":\"fr-FR\",\"potentialAction\":[{\"@type\":\"CommentAction\",\"name\":\"Comment\",\"target\":[\"https:\\\/\\\/www.aclanester56.com\\\/velo\\\/un-circuit-des-2-provinces-2011-tres-difficile\\\/#respond\"]}]},{\"@type\":\"WebPage\",\"@id\":\"https:\\\/\\\/www.aclanester56.com\\\/velo\\\/un-circuit-des-2-provinces-2011-tres-difficile\\\/\",\"url\":\"https:\\\/\\\/www.aclanester56.com\\\/velo\\\/un-circuit-des-2-provinces-2011-tres-difficile\\\/\",\"name\":\"Un Circuit des 2 Provinces 2011 tr\u00e8s difficile ! - Avenir Cycliste Lanester 56\",\"isPartOf\":{\"@id\":\"https:\\\/\\\/www.aclanester56.com\\\/velo\\\/#website\"},\"primaryImageOfPage\":{\"@id\":\"https:\\\/\\\/www.aclanester56.com\\\/velo\\\/un-circuit-des-2-provinces-2011-tres-difficile\\\/#primaryimage\"},\"image\":{\"@id\":\"https:\\\/\\\/www.aclanester56.com\\\/velo\\\/un-circuit-des-2-provinces-2011-tres-difficile\\\/#primaryimage\"},\"thumbnailUrl\":\"https:\\\/\\\/www.aclanester56.com\\\/velo\\\/wp-content\\\/uploads\\\/2011\\\/08\\\/Anthony-Mira-Copie.jpg\",\"datePublished\":\"2011-08-24T21:13:40+00:00\",\"dateModified\":\"2011-08-31T20:18:51+00:00\",\"inLanguage\":\"fr-FR\",\"potentialAction\":[{\"@type\":\"ReadAction\",\"target\":[\"https:\\\/\\\/www.aclanester56.com\\\/velo\\\/un-circuit-des-2-provinces-2011-tres-difficile\\\/\"]}]},{\"@type\":\"ImageObject\",\"inLanguage\":\"fr-FR\",\"@id\":\"https:\\\/\\\/www.aclanester56.com\\\/velo\\\/un-circuit-des-2-provinces-2011-tres-difficile\\\/#primaryimage\",\"url\":\"https:\\\/\\\/www.aclanester56.com\\\/velo\\\/wp-content\\\/uploads\\\/2011\\\/08\\\/Anthony-Mira-Copie.jpg\",\"contentUrl\":\"https:\\\/\\\/www.aclanester56.com\\\/velo\\\/wp-content\\\/uploads\\\/2011\\\/08\\\/Anthony-Mira-Copie.jpg\",\"width\":650,\"height\":300},{\"@type\":\"WebSite\",\"@id\":\"https:\\\/\\\/www.aclanester56.com\\\/velo\\\/#website\",\"url\":\"https:\\\/\\\/www.aclanester56.com\\\/velo\\\/\",\"name\":\"Avenir Cycliste Lanester 56\",\"description\":\"Club cycliste de l&#039;AC LANESTER 56\",\"publisher\":{\"@id\":\"https:\\\/\\\/www.aclanester56.com\\\/velo\\\/#organization\"},\"potentialAction\":[{\"@type\":\"SearchAction\",\"target\":{\"@type\":\"EntryPoint\",\"urlTemplate\":\"https:\\\/\\\/www.aclanester56.com\\\/velo\\\/?s={search_term_string}\"},\"query-input\":{\"@type\":\"PropertyValueSpecification\",\"valueRequired\":true,\"valueName\":\"search_term_string\"}}],\"inLanguage\":\"fr-FR\"},{\"@type\":\"Organization\",\"@id\":\"https:\\\/\\\/www.aclanester56.com\\\/velo\\\/#organization\",\"name\":\"Avenir Cycliste Lanester 56\",\"url\":\"https:\\\/\\\/www.aclanester56.com\\\/velo\\\/\",\"logo\":{\"@type\":\"ImageObject\",\"inLanguage\":\"fr-FR\",\"@id\":\"https:\\\/\\\/www.aclanester56.com\\\/velo\\\/#\\\/schema\\\/logo\\\/image\\\/\",\"url\":\"https:\\\/\\\/www.aclanester56.com\\\/velo\\\/wp-content\\\/uploads\\\/2013\\\/04\\\/logo-ACL.jpg\",\"contentUrl\":\"https:\\\/\\\/www.aclanester56.com\\\/velo\\\/wp-content\\\/uploads\\\/2013\\\/04\\\/logo-ACL.jpg\",\"width\":400,\"height\":334,\"caption\":\"Avenir Cycliste Lanester 56\"},\"image\":{\"@id\":\"https:\\\/\\\/www.aclanester56.com\\\/velo\\\/#\\\/schema\\\/logo\\\/image\\\/\"},\"sameAs\":[\"https:\\\/\\\/www.facebook.com\\\/pages\\\/AC-Lanester-56\\\/190286300991242?fref=ts\"]},{\"@type\":\"Person\",\"@id\":\"https:\\\/\\\/www.aclanester56.com\\\/velo\\\/#\\\/schema\\\/person\\\/ca2a44a5fd969e9dd846c72d3b33bc01\",\"name\":\"Jean-Christophe\",\"url\":\"https:\\\/\\\/www.aclanester56.com\\\/velo\\\/author\\\/jeanchristophe\\\/\"}]}<\/script>\n<!-- \/ Yoast SEO plugin. -->","yoast_head_json":{"title":"Un Circuit des 2 Provinces 2011 tr\u00e8s difficile ! - Avenir Cycliste Lanester 56","robots":{"index":"index","follow":"follow","max-snippet":"max-snippet:-1","max-image-preview":"max-image-preview:large","max-video-preview":"max-video-preview:-1"},"canonical":"https:\/\/www.aclanester56.com\/velo\/un-circuit-des-2-provinces-2011-tres-difficile\/","og_locale":"fr_FR","og_type":"article","og_title":"Un Circuit des 2 Provinces 2011 tr\u00e8s difficile ! - Avenir Cycliste Lanester 56","og_description":"Trois Lanest\u00e9riens \u00e9taient au d\u00e9part du Circuit des 2 Provinces au Pertre (35), \u00e9preuve renomm\u00e9e qui s&rsquo;est disput\u00e9e cette ann\u00e9e [&hellip;]","og_url":"https:\/\/www.aclanester56.com\/velo\/un-circuit-des-2-provinces-2011-tres-difficile\/","og_site_name":"Avenir Cycliste Lanester 56","article_publisher":"https:\/\/www.facebook.com\/pages\/AC-Lanester-56\/190286300991242?fref=ts","article_published_time":"2011-08-24T21:13:40+00:00","article_modified_time":"2011-08-31T20:18:51+00:00","og_image":[{"width":650,"height":300,"url":"https:\/\/www.aclanester56.com\/velo\/wp-content\/uploads\/2011\/08\/Anthony-Mira-Copie.jpg","type":"image\/jpeg"}],"author":"Jean-Christophe","twitter_misc":{"\u00c9crit par":"Jean-Christophe","Dur\u00e9e de lecture estim\u00e9e":"2 minutes"},"schema":{"@context":"https:\/\/schema.org","@graph":[{"@type":"Article","@id":"https:\/\/www.aclanester56.com\/velo\/un-circuit-des-2-provinces-2011-tres-difficile\/#article","isPartOf":{"@id":"https:\/\/www.aclanester56.com\/velo\/un-circuit-des-2-provinces-2011-tres-difficile\/"},"author":{"name":"Jean-Christophe","@id":"https:\/\/www.aclanester56.com\/velo\/#\/schema\/person\/ca2a44a5fd969e9dd846c72d3b33bc01"},"headline":"Un Circuit des 2 Provinces 2011 tr\u00e8s difficile !","datePublished":"2011-08-24T21:13:40+00:00","dateModified":"2011-08-31T20:18:51+00:00","mainEntityOfPage":{"@id":"https:\/\/www.aclanester56.com\/velo\/un-circuit-des-2-provinces-2011-tres-difficile\/"},"wordCount":358,"commentCount":0,"publisher":{"@id":"https:\/\/www.aclanester56.com\/velo\/#organization"},"image":{"@id":"https:\/\/www.aclanester56.com\/velo\/un-circuit-des-2-provinces-2011-tres-difficile\/#primaryimage"},"thumbnailUrl":"https:\/\/www.aclanester56.com\/velo\/wp-content\/uploads\/2011\/08\/Anthony-Mira-Copie.jpg","articleSection":["AC LANESTER 56","Actualit\u00e9s DN","R\u00e9sultats DN"],"inLanguage":"fr-FR","potentialAction":[{"@type":"CommentAction","name":"Comment","target":["https:\/\/www.aclanester56.com\/velo\/un-circuit-des-2-provinces-2011-tres-difficile\/#respond"]}]},{"@type":"WebPage","@id":"https:\/\/www.aclanester56.com\/velo\/un-circuit-des-2-provinces-2011-tres-difficile\/","url":"https:\/\/www.aclanester56.com\/velo\/un-circuit-des-2-provinces-2011-tres-difficile\/","name":"Un Circuit des 2 Provinces 2011 tr\u00e8s difficile ! - Avenir Cycliste Lanester 56","isPartOf":{"@id":"https:\/\/www.aclanester56.com\/velo\/#website"},"primaryImageOfPage":{"@id":"https:\/\/www.aclanester56.com\/velo\/un-circuit-des-2-provinces-2011-tres-difficile\/#primaryimage"},"image":{"@id":"https:\/\/www.aclanester56.com\/velo\/un-circuit-des-2-provinces-2011-tres-difficile\/#primaryimage"},"thumbnailUrl":"https:\/\/www.aclanester56.com\/velo\/wp-content\/uploads\/2011\/08\/Anthony-Mira-Copie.jpg","datePublished":"2011-08-24T21:13:40+00:00","dateModified":"2011-08-31T20:18:51+00:00","inLanguage":"fr-FR","potentialAction":[{"@type":"ReadAction","target":["https:\/\/www.aclanester56.com\/velo\/un-circuit-des-2-provinces-2011-tres-difficile\/"]}]},{"@type":"ImageObject","inLanguage":"fr-FR","@id":"https:\/\/www.aclanester56.com\/velo\/un-circuit-des-2-provinces-2011-tres-difficile\/#primaryimage","url":"https:\/\/www.aclanester56.com\/velo\/wp-content\/uploads\/2011\/08\/Anthony-Mira-Copie.jpg","contentUrl":"https:\/\/www.aclanester56.com\/velo\/wp-content\/uploads\/2011\/08\/Anthony-Mira-Copie.jpg","width":650,"height":300},{"@type":"WebSite","@id":"https:\/\/www.aclanester56.com\/velo\/#website","url":"https:\/\/www.aclanester56.com\/velo\/","name":"Avenir Cycliste Lanester 56","description":"Club cycliste de l&#039;AC LANESTER 56","publisher":{"@id":"https:\/\/www.aclanester56.com\/velo\/#organization"},"potentialAction":[{"@type":"SearchAction","target":{"@type":"EntryPoint","urlTemplate":"https:\/\/www.aclanester56.com\/velo\/?s={search_term_string}"},"query-input":{"@type":"PropertyValueSpecification","valueRequired":true,"valueName":"search_term_string"}}],"inLanguage":"fr-FR"},{"@type":"Organization","@id":"https:\/\/www.aclanester56.com\/velo\/#organization","name":"Avenir Cycliste Lanester 56","url":"https:\/\/www.aclanester56.com\/velo\/","logo":{"@type":"ImageObject","inLanguage":"fr-FR","@id":"https:\/\/www.aclanester56.com\/velo\/#\/schema\/logo\/image\/","url":"https:\/\/www.aclanester56.com\/velo\/wp-content\/uploads\/2013\/04\/logo-ACL.jpg","contentUrl":"https:\/\/www.aclanester56.com\/velo\/wp-content\/uploads\/2013\/04\/logo-ACL.jpg","width":400,"height":334,"caption":"Avenir Cycliste Lanester 56"},"image":{"@id":"https:\/\/www.aclanester56.com\/velo\/#\/schema\/logo\/image\/"},"sameAs":["https:\/\/www.facebook.com\/pages\/AC-Lanester-56\/190286300991242?fref=ts"]},{"@type":"Person","@id":"https:\/\/www.aclanester56.com\/velo\/#\/schema\/person\/ca2a44a5fd969e9dd846c72d3b33bc01","name":"Jean-Christophe","url":"https:\/\/www.aclanester56.com\/velo\/author\/jeanchristophe\/"}]}},"_links":{"self":[{"href":"https:\/\/www.aclanester56.com\/velo\/wp-json\/wp\/v2\/posts\/9455","targetHints":{"allow":["GET"]}}],"collection":[{"href":"https:\/\/www.aclanester56.com\/velo\/wp-json\/wp\/v2\/posts"}],"about":[{"href":"https:\/\/www.aclanester56.com\/velo\/wp-json\/wp\/v2\/types\/post"}],"author":[{"embeddable":true,"href":"https:\/\/www.aclanester56.com\/velo\/wp-json\/wp\/v2\/users\/14"}],"replies":[{"embeddable":true,"href":"https:\/\/www.aclanester56.com\/velo\/wp-json\/wp\/v2\/comments?post=9455"}],"version-history":[{"count":0,"href":"https:\/\/www.aclanester56.com\/velo\/wp-json\/wp\/v2\/posts\/9455\/revisions"}],"wp:featuredmedia":[{"embeddable":true,"href":"https:\/\/www.aclanester56.com\/velo\/wp-json\/wp\/v2\/media\/9456"}],"wp:attachment":[{"href":"https:\/\/www.aclanester56.com\/velo\/wp-json\/wp\/v2\/media?parent=9455"}],"wp:term":[{"taxonomy":"category","embeddable":true,"href":"https:\/\/www.aclanester56.com\/velo\/wp-json\/wp\/v2\/categories?post=9455"},{"taxonomy":"post_tag","embeddable":true,"href":"https:\/\/www.aclanester56.com\/velo\/wp-json\/wp\/v2\/tags?post=9455"}],"curies":[{"name":"wp","href":"https:\/\/api.w.org\/{rel}","templated":true}]}}