{"id":9470,"date":"2011-08-26T06:51:23","date_gmt":"2011-08-26T05:51:23","guid":{"rendered":"http:\/\/www.aclanester56.com\/velo\/?p=9470"},"modified":"2011-08-31T21:18:55","modified_gmt":"2011-08-31T20:18:55","slug":"le-lanesterien-pierre-hole-sur-le-podium-a-queven","status":"publish","type":"post","link":"https:\/\/www.aclanester56.com\/velo\/le-lanesterien-pierre-hole-sur-le-podium-a-queven\/","title":{"rendered":"Le Lanest\u00e9rien Pierre Hol\u00e9 sur le podium \u00e0 Qu\u00e9ven !"},"content":{"rendered":"<div id=\"attachment_9471\" style=\"width: 273px\" class=\"wp-caption alignleft\"><a href=\"http:\/\/www.aclanester56.com\/velo\/wp-content\/uploads\/2011\/08\/Pierre-HOLE-527x600.jpg\"><img loading=\"lazy\" decoding=\"async\" aria-describedby=\"caption-attachment-9471\" class=\"size-large wp-image-9471\" title=\"Le grimpeur Pierre HOLE est devenu sprinteur en enlevant la 3\u00e8me place \u00e0 Qu\u00e9ven ! (photo archives Camille Nicol)\" src=\"http:\/\/www.aclanester56.com\/velo\/wp-content\/uploads\/2011\/08\/Pierre-HOLE-527x600.jpg\" alt=\"\" width=\"263\" height=\"300\" srcset=\"https:\/\/www.aclanester56.com\/velo\/wp-content\/uploads\/2011\/08\/Pierre-HOLE-527x600.jpg 527w, https:\/\/www.aclanester56.com\/velo\/wp-content\/uploads\/2011\/08\/Pierre-HOLE-263x300.jpg 263w, https:\/\/www.aclanester56.com\/velo\/wp-content\/uploads\/2011\/08\/Pierre-HOLE.jpg 563w\" sizes=\"auto, (max-width: 263px) 100vw, 263px\" \/><\/a><p id=\"caption-attachment-9471\" class=\"wp-caption-text\">Le grimpeur Pierre HOLE est devenu sprinteur en enlevant la 3\u00e8me place \u00e0 Qu\u00e9ven ! (photo archives Camille Nicol)<\/p><\/div>\n<p style=\"text-align: justify;\">Un gros groupe de cadets de l&rsquo;AC LANESTER 56 a particip\u00e9 dimanche \u00e0 l&rsquo;\u00e9preuve de Qu\u00e9ven, qu&rsquo;ils ont activement anim\u00e9e !<\/p>\n<p><!--more--><br \/>\n&nbsp;<\/p>\n<p style=\"text-align: justify;\">Les cadets lanest\u00e9riens, au nombre de huit, \u00e9taient repr\u00e9sent\u00e9s par Melvyn LE HEN, K\u00e9vin BARGUIL, Pierre HOLE, Cl\u00e9ment HENRY, Thibault MORVAN, Thibaut SEVENO, Vincent TEIRLYNCK et Yoann SELO.<\/p>\n<p style=\"text-align: justify;\">Malgr\u00e9 un circuit assez difficile, aucune \u00e9chapp\u00e9e n&rsquo;a r\u00e9ussi \u00e0 se d\u00e9velopper. On a souvent vu aux avants-postes Cl\u00e9ment HENRY et Melvyn LE HEN, mais ils n&rsquo;ont rien pu faire face au Bazougeais Pierre LAGREVE, qui s&rsquo;est d\u00e9tach\u00e9 dans le dernier tour. Le Lanest\u00e9rien Pierre HOLE, que l&rsquo;on connaissait pour ses qualit\u00e9s de grimpeur est en train de devenir un coureur complet, puisqu&rsquo;il remporte ais\u00e9ment le sprint du peloton pour la 3\u00e8me place.<\/p>\n<p style=\"text-align: justify;\">Bravo \u00e0 nos cadets qui courent sans complexes et se font plaisir !<\/p>\n<p><span style=\"text-decoration: underline;\"><strong>Classement :<\/strong><\/span><\/p>\n<p>1\u00a0\u00a0LAGREVE\u00a0Pierre\u00a0\u00a0\u00a0\u00a0RL BAZOUGEAISE<br \/>\n2\u00a0\u00a0DARMONT\u00a0MAXIME\u00a0\u00a0\u00a0\u00a0VELO CLUB PORNICHET<br \/>\n<span style=\"background-color: #ff6600;\">3\u00a0\u00a0HOLE\u00a0Pierre\u00a0\u00a0\u00a0\u00a0AC LANESTER 56<\/span><br \/>\n4\u00a0\u00a0HARVIS\u00a0Maxime\u00a0\u00a0\u00a0\u00a0UC AURAY<br \/>\n5\u00a0\u00a0LE CORRE\u00a0Antoine\u00a0\u00a0\u00a0\u00a0SC MALESTROIT<br \/>\n<span style=\"background-color: #ff6600;\">6\u00a0\u00a0LE HEN\u00a0Melvyn\u00a0\u00a0\u00a0\u00a0AC LANESTER 56<\/span><br \/>\n<span style=\"background-color: #ff6600;\">16\u00a0\u00a0BARGUIL\u00a0Kevin\u00a0\u00a0\u00a0\u00a0AC LANESTER 56<\/span><br \/>\n<span style=\"background-color: #ff6600;\">17\u00a0\u00a0MORVAN\u00a0Thibault\u00a0\u00a0\u00a0\u00a0AC LANESTER 56<\/span><br \/>\n<span style=\"background-color: #ff6600;\">20\u00a0HENRY\u00a0Cl\u00e9ment\u00a0\u00a0\u00a0\u00a0AC LANESTER 56<\/span><br \/>\n<span style=\"background-color: #ff6600;\">27\u00a0\u00a0TEIRLYNCK\u00a0Vincent\u00a0\u00a0\u00a0\u00a0AC LANESTER 56<\/span><br \/>\n<span style=\"background-color: #ff6600;\">28\u00a0\u00a0SELO\u00a0Yoann\u00a0\u00a0\u00a0\u00a0AC LANESTER 56<\/span><br \/>\n<span style=\"background-color: #ff6600;\">35\u00a0\u00a0SEVENO\u00a0Thibaut\u00a0\u00a0\u00a0\u00a0AC LANESTER 56<\/span><\/p>\n<p><strong><em>Remerciements \u00e0 J-Marc Morvan.<\/em><\/strong><\/p>\n<p>&nbsp;<\/p>\n","protected":false},"excerpt":{"rendered":"<p>Un gros groupe de cadets de l&rsquo;AC LANESTER 56 a particip\u00e9 dimanche \u00e0 l&rsquo;\u00e9preuve de Qu\u00e9ven, qu&rsquo;ils ont activement anim\u00e9e [&hellip;]<\/p>\n","protected":false},"author":14,"featured_media":9476,"comment_status":"open","ping_status":"closed","sticky":false,"template":"","format":"standard","meta":{"ngg_post_thumbnail":0,"footnotes":""},"categories":[5,16,22],"tags":[],"class_list":["post-9470","post","type-post","status-publish","format-standard","has-post-thumbnail","hentry","category-ac-lanester-56","category-resultats","category-resultats-cadets"],"yoast_head":"<!-- This site is optimized with the Yoast SEO plugin v27.5 - https:\/\/yoast.com\/product\/yoast-seo-wordpress\/ -->\n<title>Le Lanest\u00e9rien Pierre Hol\u00e9 sur le podium \u00e0 Qu\u00e9ven ! - Avenir Cycliste Lanester 56<\/title>\n<meta name=\"robots\" content=\"index, follow, max-snippet:-1, max-image-preview:large, max-video-preview:-1\" \/>\n<link rel=\"canonical\" href=\"https:\/\/www.aclanester56.com\/velo\/le-lanesterien-pierre-hole-sur-le-podium-a-queven\/\" \/>\n<meta property=\"og:locale\" content=\"fr_FR\" \/>\n<meta property=\"og:type\" content=\"article\" \/>\n<meta property=\"og:title\" content=\"Le Lanest\u00e9rien Pierre Hol\u00e9 sur le podium \u00e0 Qu\u00e9ven ! - Avenir Cycliste Lanester 56\" \/>\n<meta property=\"og:description\" content=\"Un gros groupe de cadets de l&rsquo;AC LANESTER 56 a particip\u00e9 dimanche \u00e0 l&rsquo;\u00e9preuve de Qu\u00e9ven, qu&rsquo;ils ont activement anim\u00e9e [&hellip;]\" \/>\n<meta property=\"og:url\" content=\"https:\/\/www.aclanester56.com\/velo\/le-lanesterien-pierre-hole-sur-le-podium-a-queven\/\" \/>\n<meta property=\"og:site_name\" content=\"Avenir Cycliste Lanester 56\" \/>\n<meta property=\"article:publisher\" content=\"https:\/\/www.facebook.com\/pages\/AC-Lanester-56\/190286300991242?fref=ts\" \/>\n<meta property=\"article:published_time\" content=\"2011-08-26T05:51:23+00:00\" \/>\n<meta property=\"article:modified_time\" content=\"2011-08-31T20:18:55+00:00\" \/>\n<meta property=\"og:image\" content=\"https:\/\/www.aclanester56.com\/velo\/wp-content\/uploads\/2011\/08\/Pierre-HOLE-Copie.jpg\" \/>\n\t<meta property=\"og:image:width\" content=\"650\" \/>\n\t<meta property=\"og:image:height\" content=\"300\" \/>\n\t<meta property=\"og:image:type\" content=\"image\/jpeg\" \/>\n<meta name=\"author\" content=\"Jean-Christophe\" \/>\n<meta name=\"twitter:label1\" content=\"\u00c9crit par\" \/>\n\t<meta name=\"twitter:data1\" content=\"Jean-Christophe\" \/>\n\t<meta name=\"twitter:label2\" content=\"Dur\u00e9e de lecture estim\u00e9e\" \/>\n\t<meta name=\"twitter:data2\" content=\"1 minute\" \/>\n<script type=\"application\/ld+json\" class=\"yoast-schema-graph\">{\"@context\":\"https:\\\/\\\/schema.org\",\"@graph\":[{\"@type\":\"Article\",\"@id\":\"https:\\\/\\\/www.aclanester56.com\\\/velo\\\/le-lanesterien-pierre-hole-sur-le-podium-a-queven\\\/#article\",\"isPartOf\":{\"@id\":\"https:\\\/\\\/www.aclanester56.com\\\/velo\\\/le-lanesterien-pierre-hole-sur-le-podium-a-queven\\\/\"},\"author\":{\"name\":\"Jean-Christophe\",\"@id\":\"https:\\\/\\\/www.aclanester56.com\\\/velo\\\/#\\\/schema\\\/person\\\/ca2a44a5fd969e9dd846c72d3b33bc01\"},\"headline\":\"Le Lanest\u00e9rien Pierre Hol\u00e9 sur le podium \u00e0 Qu\u00e9ven !\",\"datePublished\":\"2011-08-26T05:51:23+00:00\",\"dateModified\":\"2011-08-31T20:18:55+00:00\",\"mainEntityOfPage\":{\"@id\":\"https:\\\/\\\/www.aclanester56.com\\\/velo\\\/le-lanesterien-pierre-hole-sur-le-podium-a-queven\\\/\"},\"wordCount\":239,\"commentCount\":0,\"publisher\":{\"@id\":\"https:\\\/\\\/www.aclanester56.com\\\/velo\\\/#organization\"},\"image\":{\"@id\":\"https:\\\/\\\/www.aclanester56.com\\\/velo\\\/le-lanesterien-pierre-hole-sur-le-podium-a-queven\\\/#primaryimage\"},\"thumbnailUrl\":\"https:\\\/\\\/www.aclanester56.com\\\/velo\\\/wp-content\\\/uploads\\\/2011\\\/08\\\/Pierre-HOLE-Copie.jpg\",\"articleSection\":[\"AC LANESTER 56\",\"R\u00e9sultats\",\"R\u00e9sultats Cadets\"],\"inLanguage\":\"fr-FR\",\"potentialAction\":[{\"@type\":\"CommentAction\",\"name\":\"Comment\",\"target\":[\"https:\\\/\\\/www.aclanester56.com\\\/velo\\\/le-lanesterien-pierre-hole-sur-le-podium-a-queven\\\/#respond\"]}]},{\"@type\":\"WebPage\",\"@id\":\"https:\\\/\\\/www.aclanester56.com\\\/velo\\\/le-lanesterien-pierre-hole-sur-le-podium-a-queven\\\/\",\"url\":\"https:\\\/\\\/www.aclanester56.com\\\/velo\\\/le-lanesterien-pierre-hole-sur-le-podium-a-queven\\\/\",\"name\":\"Le Lanest\u00e9rien Pierre Hol\u00e9 sur le podium \u00e0 Qu\u00e9ven ! - Avenir Cycliste Lanester 56\",\"isPartOf\":{\"@id\":\"https:\\\/\\\/www.aclanester56.com\\\/velo\\\/#website\"},\"primaryImageOfPage\":{\"@id\":\"https:\\\/\\\/www.aclanester56.com\\\/velo\\\/le-lanesterien-pierre-hole-sur-le-podium-a-queven\\\/#primaryimage\"},\"image\":{\"@id\":\"https:\\\/\\\/www.aclanester56.com\\\/velo\\\/le-lanesterien-pierre-hole-sur-le-podium-a-queven\\\/#primaryimage\"},\"thumbnailUrl\":\"https:\\\/\\\/www.aclanester56.com\\\/velo\\\/wp-content\\\/uploads\\\/2011\\\/08\\\/Pierre-HOLE-Copie.jpg\",\"datePublished\":\"2011-08-26T05:51:23+00:00\",\"dateModified\":\"2011-08-31T20:18:55+00:00\",\"inLanguage\":\"fr-FR\",\"potentialAction\":[{\"@type\":\"ReadAction\",\"target\":[\"https:\\\/\\\/www.aclanester56.com\\\/velo\\\/le-lanesterien-pierre-hole-sur-le-podium-a-queven\\\/\"]}]},{\"@type\":\"ImageObject\",\"inLanguage\":\"fr-FR\",\"@id\":\"https:\\\/\\\/www.aclanester56.com\\\/velo\\\/le-lanesterien-pierre-hole-sur-le-podium-a-queven\\\/#primaryimage\",\"url\":\"https:\\\/\\\/www.aclanester56.com\\\/velo\\\/wp-content\\\/uploads\\\/2011\\\/08\\\/Pierre-HOLE-Copie.jpg\",\"contentUrl\":\"https:\\\/\\\/www.aclanester56.com\\\/velo\\\/wp-content\\\/uploads\\\/2011\\\/08\\\/Pierre-HOLE-Copie.jpg\",\"width\":650,\"height\":300},{\"@type\":\"WebSite\",\"@id\":\"https:\\\/\\\/www.aclanester56.com\\\/velo\\\/#website\",\"url\":\"https:\\\/\\\/www.aclanester56.com\\\/velo\\\/\",\"name\":\"Avenir Cycliste Lanester 56\",\"description\":\"Club cycliste de l&#039;AC LANESTER 56\",\"publisher\":{\"@id\":\"https:\\\/\\\/www.aclanester56.com\\\/velo\\\/#organization\"},\"potentialAction\":[{\"@type\":\"SearchAction\",\"target\":{\"@type\":\"EntryPoint\",\"urlTemplate\":\"https:\\\/\\\/www.aclanester56.com\\\/velo\\\/?s={search_term_string}\"},\"query-input\":{\"@type\":\"PropertyValueSpecification\",\"valueRequired\":true,\"valueName\":\"search_term_string\"}}],\"inLanguage\":\"fr-FR\"},{\"@type\":\"Organization\",\"@id\":\"https:\\\/\\\/www.aclanester56.com\\\/velo\\\/#organization\",\"name\":\"Avenir Cycliste Lanester 56\",\"url\":\"https:\\\/\\\/www.aclanester56.com\\\/velo\\\/\",\"logo\":{\"@type\":\"ImageObject\",\"inLanguage\":\"fr-FR\",\"@id\":\"https:\\\/\\\/www.aclanester56.com\\\/velo\\\/#\\\/schema\\\/logo\\\/image\\\/\",\"url\":\"https:\\\/\\\/www.aclanester56.com\\\/velo\\\/wp-content\\\/uploads\\\/2013\\\/04\\\/logo-ACL.jpg\",\"contentUrl\":\"https:\\\/\\\/www.aclanester56.com\\\/velo\\\/wp-content\\\/uploads\\\/2013\\\/04\\\/logo-ACL.jpg\",\"width\":400,\"height\":334,\"caption\":\"Avenir Cycliste Lanester 56\"},\"image\":{\"@id\":\"https:\\\/\\\/www.aclanester56.com\\\/velo\\\/#\\\/schema\\\/logo\\\/image\\\/\"},\"sameAs\":[\"https:\\\/\\\/www.facebook.com\\\/pages\\\/AC-Lanester-56\\\/190286300991242?fref=ts\"]},{\"@type\":\"Person\",\"@id\":\"https:\\\/\\\/www.aclanester56.com\\\/velo\\\/#\\\/schema\\\/person\\\/ca2a44a5fd969e9dd846c72d3b33bc01\",\"name\":\"Jean-Christophe\",\"url\":\"https:\\\/\\\/www.aclanester56.com\\\/velo\\\/author\\\/jeanchristophe\\\/\"}]}<\/script>\n<!-- \/ Yoast SEO plugin. -->","yoast_head_json":{"title":"Le Lanest\u00e9rien Pierre Hol\u00e9 sur le podium \u00e0 Qu\u00e9ven ! - Avenir Cycliste Lanester 56","robots":{"index":"index","follow":"follow","max-snippet":"max-snippet:-1","max-image-preview":"max-image-preview:large","max-video-preview":"max-video-preview:-1"},"canonical":"https:\/\/www.aclanester56.com\/velo\/le-lanesterien-pierre-hole-sur-le-podium-a-queven\/","og_locale":"fr_FR","og_type":"article","og_title":"Le Lanest\u00e9rien Pierre Hol\u00e9 sur le podium \u00e0 Qu\u00e9ven ! - Avenir Cycliste Lanester 56","og_description":"Un gros groupe de cadets de l&rsquo;AC LANESTER 56 a particip\u00e9 dimanche \u00e0 l&rsquo;\u00e9preuve de Qu\u00e9ven, qu&rsquo;ils ont activement anim\u00e9e [&hellip;]","og_url":"https:\/\/www.aclanester56.com\/velo\/le-lanesterien-pierre-hole-sur-le-podium-a-queven\/","og_site_name":"Avenir Cycliste Lanester 56","article_publisher":"https:\/\/www.facebook.com\/pages\/AC-Lanester-56\/190286300991242?fref=ts","article_published_time":"2011-08-26T05:51:23+00:00","article_modified_time":"2011-08-31T20:18:55+00:00","og_image":[{"width":650,"height":300,"url":"https:\/\/www.aclanester56.com\/velo\/wp-content\/uploads\/2011\/08\/Pierre-HOLE-Copie.jpg","type":"image\/jpeg"}],"author":"Jean-Christophe","twitter_misc":{"\u00c9crit par":"Jean-Christophe","Dur\u00e9e de lecture estim\u00e9e":"1 minute"},"schema":{"@context":"https:\/\/schema.org","@graph":[{"@type":"Article","@id":"https:\/\/www.aclanester56.com\/velo\/le-lanesterien-pierre-hole-sur-le-podium-a-queven\/#article","isPartOf":{"@id":"https:\/\/www.aclanester56.com\/velo\/le-lanesterien-pierre-hole-sur-le-podium-a-queven\/"},"author":{"name":"Jean-Christophe","@id":"https:\/\/www.aclanester56.com\/velo\/#\/schema\/person\/ca2a44a5fd969e9dd846c72d3b33bc01"},"headline":"Le Lanest\u00e9rien Pierre Hol\u00e9 sur le podium \u00e0 Qu\u00e9ven !","datePublished":"2011-08-26T05:51:23+00:00","dateModified":"2011-08-31T20:18:55+00:00","mainEntityOfPage":{"@id":"https:\/\/www.aclanester56.com\/velo\/le-lanesterien-pierre-hole-sur-le-podium-a-queven\/"},"wordCount":239,"commentCount":0,"publisher":{"@id":"https:\/\/www.aclanester56.com\/velo\/#organization"},"image":{"@id":"https:\/\/www.aclanester56.com\/velo\/le-lanesterien-pierre-hole-sur-le-podium-a-queven\/#primaryimage"},"thumbnailUrl":"https:\/\/www.aclanester56.com\/velo\/wp-content\/uploads\/2011\/08\/Pierre-HOLE-Copie.jpg","articleSection":["AC LANESTER 56","R\u00e9sultats","R\u00e9sultats Cadets"],"inLanguage":"fr-FR","potentialAction":[{"@type":"CommentAction","name":"Comment","target":["https:\/\/www.aclanester56.com\/velo\/le-lanesterien-pierre-hole-sur-le-podium-a-queven\/#respond"]}]},{"@type":"WebPage","@id":"https:\/\/www.aclanester56.com\/velo\/le-lanesterien-pierre-hole-sur-le-podium-a-queven\/","url":"https:\/\/www.aclanester56.com\/velo\/le-lanesterien-pierre-hole-sur-le-podium-a-queven\/","name":"Le Lanest\u00e9rien Pierre Hol\u00e9 sur le podium \u00e0 Qu\u00e9ven ! - Avenir Cycliste Lanester 56","isPartOf":{"@id":"https:\/\/www.aclanester56.com\/velo\/#website"},"primaryImageOfPage":{"@id":"https:\/\/www.aclanester56.com\/velo\/le-lanesterien-pierre-hole-sur-le-podium-a-queven\/#primaryimage"},"image":{"@id":"https:\/\/www.aclanester56.com\/velo\/le-lanesterien-pierre-hole-sur-le-podium-a-queven\/#primaryimage"},"thumbnailUrl":"https:\/\/www.aclanester56.com\/velo\/wp-content\/uploads\/2011\/08\/Pierre-HOLE-Copie.jpg","datePublished":"2011-08-26T05:51:23+00:00","dateModified":"2011-08-31T20:18:55+00:00","inLanguage":"fr-FR","potentialAction":[{"@type":"ReadAction","target":["https:\/\/www.aclanester56.com\/velo\/le-lanesterien-pierre-hole-sur-le-podium-a-queven\/"]}]},{"@type":"ImageObject","inLanguage":"fr-FR","@id":"https:\/\/www.aclanester56.com\/velo\/le-lanesterien-pierre-hole-sur-le-podium-a-queven\/#primaryimage","url":"https:\/\/www.aclanester56.com\/velo\/wp-content\/uploads\/2011\/08\/Pierre-HOLE-Copie.jpg","contentUrl":"https:\/\/www.aclanester56.com\/velo\/wp-content\/uploads\/2011\/08\/Pierre-HOLE-Copie.jpg","width":650,"height":300},{"@type":"WebSite","@id":"https:\/\/www.aclanester56.com\/velo\/#website","url":"https:\/\/www.aclanester56.com\/velo\/","name":"Avenir Cycliste Lanester 56","description":"Club cycliste de l&#039;AC LANESTER 56","publisher":{"@id":"https:\/\/www.aclanester56.com\/velo\/#organization"},"potentialAction":[{"@type":"SearchAction","target":{"@type":"EntryPoint","urlTemplate":"https:\/\/www.aclanester56.com\/velo\/?s={search_term_string}"},"query-input":{"@type":"PropertyValueSpecification","valueRequired":true,"valueName":"search_term_string"}}],"inLanguage":"fr-FR"},{"@type":"Organization","@id":"https:\/\/www.aclanester56.com\/velo\/#organization","name":"Avenir Cycliste Lanester 56","url":"https:\/\/www.aclanester56.com\/velo\/","logo":{"@type":"ImageObject","inLanguage":"fr-FR","@id":"https:\/\/www.aclanester56.com\/velo\/#\/schema\/logo\/image\/","url":"https:\/\/www.aclanester56.com\/velo\/wp-content\/uploads\/2013\/04\/logo-ACL.jpg","contentUrl":"https:\/\/www.aclanester56.com\/velo\/wp-content\/uploads\/2013\/04\/logo-ACL.jpg","width":400,"height":334,"caption":"Avenir Cycliste Lanester 56"},"image":{"@id":"https:\/\/www.aclanester56.com\/velo\/#\/schema\/logo\/image\/"},"sameAs":["https:\/\/www.facebook.com\/pages\/AC-Lanester-56\/190286300991242?fref=ts"]},{"@type":"Person","@id":"https:\/\/www.aclanester56.com\/velo\/#\/schema\/person\/ca2a44a5fd969e9dd846c72d3b33bc01","name":"Jean-Christophe","url":"https:\/\/www.aclanester56.com\/velo\/author\/jeanchristophe\/"}]}},"_links":{"self":[{"href":"https:\/\/www.aclanester56.com\/velo\/wp-json\/wp\/v2\/posts\/9470","targetHints":{"allow":["GET"]}}],"collection":[{"href":"https:\/\/www.aclanester56.com\/velo\/wp-json\/wp\/v2\/posts"}],"about":[{"href":"https:\/\/www.aclanester56.com\/velo\/wp-json\/wp\/v2\/types\/post"}],"author":[{"embeddable":true,"href":"https:\/\/www.aclanester56.com\/velo\/wp-json\/wp\/v2\/users\/14"}],"replies":[{"embeddable":true,"href":"https:\/\/www.aclanester56.com\/velo\/wp-json\/wp\/v2\/comments?post=9470"}],"version-history":[{"count":0,"href":"https:\/\/www.aclanester56.com\/velo\/wp-json\/wp\/v2\/posts\/9470\/revisions"}],"wp:featuredmedia":[{"embeddable":true,"href":"https:\/\/www.aclanester56.com\/velo\/wp-json\/wp\/v2\/media\/9476"}],"wp:attachment":[{"href":"https:\/\/www.aclanester56.com\/velo\/wp-json\/wp\/v2\/media?parent=9470"}],"wp:term":[{"taxonomy":"category","embeddable":true,"href":"https:\/\/www.aclanester56.com\/velo\/wp-json\/wp\/v2\/categories?post=9470"},{"taxonomy":"post_tag","embeddable":true,"href":"https:\/\/www.aclanester56.com\/velo\/wp-json\/wp\/v2\/tags?post=9470"}],"curies":[{"name":"wp","href":"https:\/\/api.w.org\/{rel}","templated":true}]}}