{"id":9488,"date":"2011-08-31T21:18:28","date_gmt":"2011-08-31T20:18:28","guid":{"rendered":"http:\/\/www.aclanester56.com\/velo\/?p=9488"},"modified":"2011-09-04T22:41:15","modified_gmt":"2011-09-04T21:41:15","slug":"bon-comportement-densemble-des-lanesteriens-sur-lagglo-tour-a-st-brieuc-2","status":"publish","type":"post","link":"https:\/\/www.aclanester56.com\/velo\/bon-comportement-densemble-des-lanesteriens-sur-lagglo-tour-a-st-brieuc-2\/","title":{"rendered":"Bon comportement d&rsquo;ensemble des Lanest\u00e9riens sur l&rsquo;Agglo-Tour \u00e0 St Brieuc"},"content":{"rendered":"<div id=\"attachment_9496\" style=\"width: 330px\" class=\"wp-caption alignleft\"><a href=\"http:\/\/www.aclanester56.com\/velo\/wp-content\/uploads\/2011\/08\/AggloTour27et28aout2011.jpg\"><img loading=\"lazy\" decoding=\"async\" aria-describedby=\"caption-attachment-9496\" class=\"size-full wp-image-9496\" title=\"Le Lanest\u00e9rien Christophe Balannec, ici au d\u00e9part de la derni\u00e8re \u00e9tape avec le maillot \u00e0 pois, est le meilleur grimpeur de l'Agglo-Tour 2011 (photo www.sportbreizh.com)\" src=\"http:\/\/www.aclanester56.com\/velo\/wp-content\/uploads\/2011\/08\/AggloTour27et28aout2011.jpg\" alt=\"\" width=\"320\" height=\"213\" srcset=\"https:\/\/www.aclanester56.com\/velo\/wp-content\/uploads\/2011\/08\/AggloTour27et28aout2011.jpg 640w, https:\/\/www.aclanester56.com\/velo\/wp-content\/uploads\/2011\/08\/AggloTour27et28aout2011-300x200.jpg 300w, https:\/\/www.aclanester56.com\/velo\/wp-content\/uploads\/2011\/08\/AggloTour27et28aout2011-449x300.jpg 449w\" sizes=\"auto, (max-width: 320px) 100vw, 320px\" \/><\/a><p id=\"caption-attachment-9496\" class=\"wp-caption-text\">Le Lanest\u00e9rien Christophe Balannec, ici au d\u00e9part de la derni\u00e8re \u00e9tape avec le maillot \u00e0 pois, est le meilleur grimpeur de l&#39;Agglo-Tour 2011 (photo www.sportbreizh.com)<\/p><\/div>\n<p style=\"text-align: justify;\">L&rsquo;\u00e9quipe \u00e9lite de l&rsquo;AC LANESTER 56 participait ce week-end \u00e0 l&rsquo;Agglo-Tour, autour de St Brieuc.<\/p>\n<p>&nbsp;<\/p>\n<p style=\"text-align: justify;\"><!--more--><\/p>\n<p style=\"text-align: justify;\"><span style=\"color: #ff6600;\"><strong>Une belle \u00e9quipe lanest\u00e9rienne !<\/strong><\/span><\/p>\n<p style=\"text-align: justify;\">L&rsquo;\u00e9quipe \u00e9tait compos\u00e9e de Anthony MIRA, Warren BARGUIL, Christophe BALANNEC, Ludovic POILVET, Yann RAULT et\u00a0Vincent RAGOT.\u00a0Les six Lanest\u00e9riens \u00e9taient encadr\u00e9s par Jean-Marc MORVAN, Denis BARGUIL et Guy NIVINOU.<\/p>\n<p style=\"text-align: justify;\"><span style=\"color: #ff6600;\"><strong>Barguil 3\u00e8me sur la 1\u00e8re \u00e9tape<\/strong><\/span><\/p>\n<p style=\"text-align: justify;\">La 1ere \u00e9tape conduisait les coureurs de St Brieuc \u00e0 Langueux pour 136 Km de course, avec 7 tours d&rsquo;un circuit final de 5,4 Km. Christophe BALANNEC se faisait remarquer en remportant le 1er classement grimpeur et en terminant 2e du second grimpeur, ce qui lui permettait d&rsquo;endosser le maillot \u00e0 pois \u00e0 l&rsquo;arriv\u00e9e. Warren BARGUIL, comme d&rsquo;habitude, a souvent \u00e9t\u00e9 \u00e0 l&rsquo;attaque, mais il \u00e9tait tr\u00e8s difficile de s&rsquo;\u00e9chapper sur la partie en ligne. Sur le circuit final tr\u00e8s dur, le peloton explosait et Guillaume Malle (V\u00e9randa Rideau) se montrait irr\u00e9sistible. Warren BARGUIL terminait 3\u00e8me \u00e0 38s du vainqueur. Anthony MIRA, 19e \u00e0 1&rsquo;20\u00a0\u00bb, \u00e9tait le seul espoir 1\u00e8re ann\u00e9e dans le groupe de 35 coureurs qui arrivait pour la 9e place. Ludovic POILVET terminait 27e, dans le m\u00eame groupe qu&rsquo;Anthony, tandis que leurs co\u00e9quipiers arrivaient un peu plus loin.<\/p>\n<div id=\"attachment_9498\" style=\"width: 231px\" class=\"wp-caption alignright\"><a href=\"http:\/\/www.aclanester56.com\/velo\/wp-content\/uploads\/2011\/08\/warren-barguil.jpg\"><img loading=\"lazy\" decoding=\"async\" aria-describedby=\"caption-attachment-9498\" class=\"size-full wp-image-9498\" title=\"A l'attaque sur la 1\u00e8re et la 3\u00e8me \u00e9tape, le Lanest\u00e9rien Warren Barguil termine 6\u00e8me du classement g\u00e9n\u00e9ral (photo Bernard Charmentray)\" src=\"http:\/\/www.aclanester56.com\/velo\/wp-content\/uploads\/2011\/08\/warren-barguil.jpg\" alt=\"\" width=\"221\" height=\"300\" srcset=\"https:\/\/www.aclanester56.com\/velo\/wp-content\/uploads\/2011\/08\/warren-barguil.jpg 442w, https:\/\/www.aclanester56.com\/velo\/wp-content\/uploads\/2011\/08\/warren-barguil-221x300.jpg 221w\" sizes=\"auto, (max-width: 221px) 100vw, 221px\" \/><\/a><p id=\"caption-attachment-9498\" class=\"wp-caption-text\">A l&#39;attaque sur la 1\u00e8re et la 3\u00e8me \u00e9tape, le Lanest\u00e9rien Warren Barguil termine 6\u00e8me du classement g\u00e9n\u00e9ral (photo Bernard Charmentray)<\/p><\/div>\n<p style=\"text-align: justify;\"><span style=\"color: #ff6600;\"><strong>Rault dans le top 20 sur le \u00ab\u00a0chrono\u00a0\u00bb<\/strong><\/span><\/p>\n<p style=\"text-align: justify;\">La 2eme \u00e9tape disput\u00e9e sous la forme d&rsquo;un contre-la-montre individuel sur un circuit plat de 8,7 Km permettait \u00e0 Yann RAULT de r\u00e9aliser une bonne performance en terminant 18\u00e8me \u00e0 20&Prime; du vainqueur Adrian KUREK (Oc\u00e9ane Cycle Poitevin). Warren BARGUIL est 27\u00e8me \u00e0 27&Prime;, tandis que Ludovic POILVET et Anthony MIRA terminaient respectivement 32e et 47e.<\/p>\n<p style=\"text-align: justify;\"><span style=\"color: #ff6600;\"><strong>Le maillot jaune contr\u00f4le la derni\u00e8re \u00e9tape<\/strong><\/span><\/p>\n<p style=\"text-align: justify;\">La 3e \u00e9tape avait lieu \u00e0 Pl\u00e9rin sur un circuit de 9,8 Km avec une c\u00f4te de 2 Km \u00e0 parcourir 10 fois. La tr\u00e8s forte \u00e9quipe V\u00e9randa Rideau a bien contr\u00f4l\u00e9 la course en neutralisant toutes les \u00e9chapp\u00e9es. Yann Rault avait bien essay\u00e9 en\u00a0d\u00e9but de course de prendre les devants, mais c&rsquo;\u00e9tait \u00ab\u00a0mission impossible\u00a0\u00bb ! Cela n&rsquo;a pas emp\u00each\u00e9 le Lanest\u00e9rien Christophe BALANNEC de consolider son maillot \u00e0 pois de meilleur grimpeur en remportant le classement qui avait lieu au 4e tour. Au dernier passage sur la ligne, le peloton se cassait en plusieurs parties ! Warren BARGUIL termine 10\u00e8me ,Vincent RAGOT 44\u00e8me, Christophe BALANNEC 49\u00e8me, Anthony MIRA 51\u00e8me, Yann RAULT 67\u00e8me et Ludovic POILVET 69\u00e8me.<\/p>\n<p style=\"text-align: justify;\"><span style=\"color: #ff6600;\"><strong>Bon comportement des Lanest\u00e9riens face \u00e0 une rude concurrence !<\/strong><\/span><\/p>\n<p style=\"text-align: justify;\">Au classement g\u00e9n\u00e9ral, Guillaume Malle (V\u00e9randa Rideau) s&rsquo;impose. Du c\u00f4t\u00e9 de l&rsquo;AC LANESTER 56, Warren BARGUIL termine 6e, Anthony MIRA 28\u00e8me, Ludovic POILVET 32\u00e8me, Christophe BALANNEC 54\u00e8me, Yann RAULT 68\u00e8me et Vincent RAGOT 84\u00e8me. Christophe BALANNEC termine meilleur grimpeur de l&rsquo;\u00e9preuve. Au classement par \u00e9quipes, l&rsquo;AC LANESTER 56 termine 5\u00e8me sur 20 \u00e9quipes. Il s&rsquo;agit de tr\u00e8s bons r\u00e9sultats pour nos coureurs dans un contexte tr\u00e8s relev\u00e9, puisque pas moins de 10 \u00e9quipes de DN1 \u00e9taient au d\u00e9part.<\/p>\n<p>\u00a0<strong><em>Remerciements \u00e0 J-Marc Morvan.<\/em><\/strong><br \/>\n&nbsp;<\/p>\n","protected":false},"excerpt":{"rendered":"<p>L&rsquo;\u00e9quipe \u00e9lite de l&rsquo;AC LANESTER 56 participait ce week-end \u00e0 l&rsquo;Agglo-Tour, autour de St Brieuc. &nbsp;<\/p>\n","protected":false},"author":14,"featured_media":9500,"comment_status":"open","ping_status":"closed","sticky":false,"template":"","format":"standard","meta":{"ngg_post_thumbnail":0,"footnotes":""},"categories":[5,14,17],"tags":[],"class_list":["post-9488","post","type-post","status-publish","format-standard","has-post-thumbnail","hentry","category-ac-lanester-56","category-actualites-dn","category-resultats-dn"],"yoast_head":"<!-- This site is optimized with the Yoast SEO plugin v27.5 - https:\/\/yoast.com\/product\/yoast-seo-wordpress\/ -->\n<title>Bon comportement d&#039;ensemble des Lanest\u00e9riens sur l&#039;Agglo-Tour \u00e0 St Brieuc - Avenir Cycliste Lanester 56<\/title>\n<meta name=\"robots\" content=\"index, follow, max-snippet:-1, max-image-preview:large, max-video-preview:-1\" \/>\n<link rel=\"canonical\" href=\"https:\/\/www.aclanester56.com\/velo\/bon-comportement-densemble-des-lanesteriens-sur-lagglo-tour-a-st-brieuc-2\/\" \/>\n<meta property=\"og:locale\" content=\"fr_FR\" \/>\n<meta property=\"og:type\" content=\"article\" \/>\n<meta property=\"og:title\" content=\"Bon comportement d&#039;ensemble des Lanest\u00e9riens sur l&#039;Agglo-Tour \u00e0 St Brieuc - Avenir Cycliste Lanester 56\" \/>\n<meta property=\"og:description\" content=\"L&rsquo;\u00e9quipe \u00e9lite de l&rsquo;AC LANESTER 56 participait ce week-end \u00e0 l&rsquo;Agglo-Tour, autour de St Brieuc. &nbsp;\" \/>\n<meta property=\"og:url\" content=\"https:\/\/www.aclanester56.com\/velo\/bon-comportement-densemble-des-lanesteriens-sur-lagglo-tour-a-st-brieuc-2\/\" \/>\n<meta property=\"og:site_name\" content=\"Avenir Cycliste Lanester 56\" \/>\n<meta property=\"article:publisher\" content=\"https:\/\/www.facebook.com\/pages\/AC-Lanester-56\/190286300991242?fref=ts\" \/>\n<meta property=\"article:published_time\" content=\"2011-08-31T20:18:28+00:00\" \/>\n<meta property=\"article:modified_time\" content=\"2011-09-04T21:41:15+00:00\" \/>\n<meta property=\"og:image\" content=\"https:\/\/www.aclanester56.com\/velo\/wp-content\/uploads\/2011\/08\/AggloTour27et28aout2011-Copie.jpg\" \/>\n\t<meta property=\"og:image:width\" content=\"650\" \/>\n\t<meta property=\"og:image:height\" content=\"300\" \/>\n\t<meta property=\"og:image:type\" content=\"image\/jpeg\" \/>\n<meta name=\"author\" content=\"Jean-Christophe\" \/>\n<meta name=\"twitter:label1\" content=\"\u00c9crit par\" \/>\n\t<meta name=\"twitter:data1\" content=\"Jean-Christophe\" \/>\n\t<meta name=\"twitter:label2\" content=\"Dur\u00e9e de lecture estim\u00e9e\" \/>\n\t<meta name=\"twitter:data2\" content=\"3 minutes\" \/>\n<script type=\"application\/ld+json\" class=\"yoast-schema-graph\">{\"@context\":\"https:\\\/\\\/schema.org\",\"@graph\":[{\"@type\":\"Article\",\"@id\":\"https:\\\/\\\/www.aclanester56.com\\\/velo\\\/bon-comportement-densemble-des-lanesteriens-sur-lagglo-tour-a-st-brieuc-2\\\/#article\",\"isPartOf\":{\"@id\":\"https:\\\/\\\/www.aclanester56.com\\\/velo\\\/bon-comportement-densemble-des-lanesteriens-sur-lagglo-tour-a-st-brieuc-2\\\/\"},\"author\":{\"name\":\"Jean-Christophe\",\"@id\":\"https:\\\/\\\/www.aclanester56.com\\\/velo\\\/#\\\/schema\\\/person\\\/ca2a44a5fd969e9dd846c72d3b33bc01\"},\"headline\":\"Bon comportement d&rsquo;ensemble des Lanest\u00e9riens sur l&rsquo;Agglo-Tour \u00e0 St Brieuc\",\"datePublished\":\"2011-08-31T20:18:28+00:00\",\"dateModified\":\"2011-09-04T21:41:15+00:00\",\"mainEntityOfPage\":{\"@id\":\"https:\\\/\\\/www.aclanester56.com\\\/velo\\\/bon-comportement-densemble-des-lanesteriens-sur-lagglo-tour-a-st-brieuc-2\\\/\"},\"wordCount\":565,\"commentCount\":0,\"publisher\":{\"@id\":\"https:\\\/\\\/www.aclanester56.com\\\/velo\\\/#organization\"},\"image\":{\"@id\":\"https:\\\/\\\/www.aclanester56.com\\\/velo\\\/bon-comportement-densemble-des-lanesteriens-sur-lagglo-tour-a-st-brieuc-2\\\/#primaryimage\"},\"thumbnailUrl\":\"https:\\\/\\\/www.aclanester56.com\\\/velo\\\/wp-content\\\/uploads\\\/2011\\\/08\\\/AggloTour27et28aout2011-Copie.jpg\",\"articleSection\":[\"AC LANESTER 56\",\"Actualit\u00e9s DN\",\"R\u00e9sultats DN\"],\"inLanguage\":\"fr-FR\",\"potentialAction\":[{\"@type\":\"CommentAction\",\"name\":\"Comment\",\"target\":[\"https:\\\/\\\/www.aclanester56.com\\\/velo\\\/bon-comportement-densemble-des-lanesteriens-sur-lagglo-tour-a-st-brieuc-2\\\/#respond\"]}]},{\"@type\":\"WebPage\",\"@id\":\"https:\\\/\\\/www.aclanester56.com\\\/velo\\\/bon-comportement-densemble-des-lanesteriens-sur-lagglo-tour-a-st-brieuc-2\\\/\",\"url\":\"https:\\\/\\\/www.aclanester56.com\\\/velo\\\/bon-comportement-densemble-des-lanesteriens-sur-lagglo-tour-a-st-brieuc-2\\\/\",\"name\":\"Bon comportement d'ensemble des Lanest\u00e9riens sur l'Agglo-Tour \u00e0 St Brieuc - Avenir Cycliste Lanester 56\",\"isPartOf\":{\"@id\":\"https:\\\/\\\/www.aclanester56.com\\\/velo\\\/#website\"},\"primaryImageOfPage\":{\"@id\":\"https:\\\/\\\/www.aclanester56.com\\\/velo\\\/bon-comportement-densemble-des-lanesteriens-sur-lagglo-tour-a-st-brieuc-2\\\/#primaryimage\"},\"image\":{\"@id\":\"https:\\\/\\\/www.aclanester56.com\\\/velo\\\/bon-comportement-densemble-des-lanesteriens-sur-lagglo-tour-a-st-brieuc-2\\\/#primaryimage\"},\"thumbnailUrl\":\"https:\\\/\\\/www.aclanester56.com\\\/velo\\\/wp-content\\\/uploads\\\/2011\\\/08\\\/AggloTour27et28aout2011-Copie.jpg\",\"datePublished\":\"2011-08-31T20:18:28+00:00\",\"dateModified\":\"2011-09-04T21:41:15+00:00\",\"inLanguage\":\"fr-FR\",\"potentialAction\":[{\"@type\":\"ReadAction\",\"target\":[\"https:\\\/\\\/www.aclanester56.com\\\/velo\\\/bon-comportement-densemble-des-lanesteriens-sur-lagglo-tour-a-st-brieuc-2\\\/\"]}]},{\"@type\":\"ImageObject\",\"inLanguage\":\"fr-FR\",\"@id\":\"https:\\\/\\\/www.aclanester56.com\\\/velo\\\/bon-comportement-densemble-des-lanesteriens-sur-lagglo-tour-a-st-brieuc-2\\\/#primaryimage\",\"url\":\"https:\\\/\\\/www.aclanester56.com\\\/velo\\\/wp-content\\\/uploads\\\/2011\\\/08\\\/AggloTour27et28aout2011-Copie.jpg\",\"contentUrl\":\"https:\\\/\\\/www.aclanester56.com\\\/velo\\\/wp-content\\\/uploads\\\/2011\\\/08\\\/AggloTour27et28aout2011-Copie.jpg\",\"width\":650,\"height\":300},{\"@type\":\"WebSite\",\"@id\":\"https:\\\/\\\/www.aclanester56.com\\\/velo\\\/#website\",\"url\":\"https:\\\/\\\/www.aclanester56.com\\\/velo\\\/\",\"name\":\"Avenir Cycliste Lanester 56\",\"description\":\"Club cycliste de l&#039;AC LANESTER 56\",\"publisher\":{\"@id\":\"https:\\\/\\\/www.aclanester56.com\\\/velo\\\/#organization\"},\"potentialAction\":[{\"@type\":\"SearchAction\",\"target\":{\"@type\":\"EntryPoint\",\"urlTemplate\":\"https:\\\/\\\/www.aclanester56.com\\\/velo\\\/?s={search_term_string}\"},\"query-input\":{\"@type\":\"PropertyValueSpecification\",\"valueRequired\":true,\"valueName\":\"search_term_string\"}}],\"inLanguage\":\"fr-FR\"},{\"@type\":\"Organization\",\"@id\":\"https:\\\/\\\/www.aclanester56.com\\\/velo\\\/#organization\",\"name\":\"Avenir Cycliste Lanester 56\",\"url\":\"https:\\\/\\\/www.aclanester56.com\\\/velo\\\/\",\"logo\":{\"@type\":\"ImageObject\",\"inLanguage\":\"fr-FR\",\"@id\":\"https:\\\/\\\/www.aclanester56.com\\\/velo\\\/#\\\/schema\\\/logo\\\/image\\\/\",\"url\":\"https:\\\/\\\/www.aclanester56.com\\\/velo\\\/wp-content\\\/uploads\\\/2013\\\/04\\\/logo-ACL.jpg\",\"contentUrl\":\"https:\\\/\\\/www.aclanester56.com\\\/velo\\\/wp-content\\\/uploads\\\/2013\\\/04\\\/logo-ACL.jpg\",\"width\":400,\"height\":334,\"caption\":\"Avenir Cycliste Lanester 56\"},\"image\":{\"@id\":\"https:\\\/\\\/www.aclanester56.com\\\/velo\\\/#\\\/schema\\\/logo\\\/image\\\/\"},\"sameAs\":[\"https:\\\/\\\/www.facebook.com\\\/pages\\\/AC-Lanester-56\\\/190286300991242?fref=ts\"]},{\"@type\":\"Person\",\"@id\":\"https:\\\/\\\/www.aclanester56.com\\\/velo\\\/#\\\/schema\\\/person\\\/ca2a44a5fd969e9dd846c72d3b33bc01\",\"name\":\"Jean-Christophe\",\"url\":\"https:\\\/\\\/www.aclanester56.com\\\/velo\\\/author\\\/jeanchristophe\\\/\"}]}<\/script>\n<!-- \/ Yoast SEO plugin. -->","yoast_head_json":{"title":"Bon comportement d'ensemble des Lanest\u00e9riens sur l'Agglo-Tour \u00e0 St Brieuc - Avenir Cycliste Lanester 56","robots":{"index":"index","follow":"follow","max-snippet":"max-snippet:-1","max-image-preview":"max-image-preview:large","max-video-preview":"max-video-preview:-1"},"canonical":"https:\/\/www.aclanester56.com\/velo\/bon-comportement-densemble-des-lanesteriens-sur-lagglo-tour-a-st-brieuc-2\/","og_locale":"fr_FR","og_type":"article","og_title":"Bon comportement d'ensemble des Lanest\u00e9riens sur l'Agglo-Tour \u00e0 St Brieuc - Avenir Cycliste Lanester 56","og_description":"L&rsquo;\u00e9quipe \u00e9lite de l&rsquo;AC LANESTER 56 participait ce week-end \u00e0 l&rsquo;Agglo-Tour, autour de St Brieuc. &nbsp;","og_url":"https:\/\/www.aclanester56.com\/velo\/bon-comportement-densemble-des-lanesteriens-sur-lagglo-tour-a-st-brieuc-2\/","og_site_name":"Avenir Cycliste Lanester 56","article_publisher":"https:\/\/www.facebook.com\/pages\/AC-Lanester-56\/190286300991242?fref=ts","article_published_time":"2011-08-31T20:18:28+00:00","article_modified_time":"2011-09-04T21:41:15+00:00","og_image":[{"width":650,"height":300,"url":"https:\/\/www.aclanester56.com\/velo\/wp-content\/uploads\/2011\/08\/AggloTour27et28aout2011-Copie.jpg","type":"image\/jpeg"}],"author":"Jean-Christophe","twitter_misc":{"\u00c9crit par":"Jean-Christophe","Dur\u00e9e de lecture estim\u00e9e":"3 minutes"},"schema":{"@context":"https:\/\/schema.org","@graph":[{"@type":"Article","@id":"https:\/\/www.aclanester56.com\/velo\/bon-comportement-densemble-des-lanesteriens-sur-lagglo-tour-a-st-brieuc-2\/#article","isPartOf":{"@id":"https:\/\/www.aclanester56.com\/velo\/bon-comportement-densemble-des-lanesteriens-sur-lagglo-tour-a-st-brieuc-2\/"},"author":{"name":"Jean-Christophe","@id":"https:\/\/www.aclanester56.com\/velo\/#\/schema\/person\/ca2a44a5fd969e9dd846c72d3b33bc01"},"headline":"Bon comportement d&rsquo;ensemble des Lanest\u00e9riens sur l&rsquo;Agglo-Tour \u00e0 St Brieuc","datePublished":"2011-08-31T20:18:28+00:00","dateModified":"2011-09-04T21:41:15+00:00","mainEntityOfPage":{"@id":"https:\/\/www.aclanester56.com\/velo\/bon-comportement-densemble-des-lanesteriens-sur-lagglo-tour-a-st-brieuc-2\/"},"wordCount":565,"commentCount":0,"publisher":{"@id":"https:\/\/www.aclanester56.com\/velo\/#organization"},"image":{"@id":"https:\/\/www.aclanester56.com\/velo\/bon-comportement-densemble-des-lanesteriens-sur-lagglo-tour-a-st-brieuc-2\/#primaryimage"},"thumbnailUrl":"https:\/\/www.aclanester56.com\/velo\/wp-content\/uploads\/2011\/08\/AggloTour27et28aout2011-Copie.jpg","articleSection":["AC LANESTER 56","Actualit\u00e9s DN","R\u00e9sultats DN"],"inLanguage":"fr-FR","potentialAction":[{"@type":"CommentAction","name":"Comment","target":["https:\/\/www.aclanester56.com\/velo\/bon-comportement-densemble-des-lanesteriens-sur-lagglo-tour-a-st-brieuc-2\/#respond"]}]},{"@type":"WebPage","@id":"https:\/\/www.aclanester56.com\/velo\/bon-comportement-densemble-des-lanesteriens-sur-lagglo-tour-a-st-brieuc-2\/","url":"https:\/\/www.aclanester56.com\/velo\/bon-comportement-densemble-des-lanesteriens-sur-lagglo-tour-a-st-brieuc-2\/","name":"Bon comportement d'ensemble des Lanest\u00e9riens sur l'Agglo-Tour \u00e0 St Brieuc - Avenir Cycliste Lanester 56","isPartOf":{"@id":"https:\/\/www.aclanester56.com\/velo\/#website"},"primaryImageOfPage":{"@id":"https:\/\/www.aclanester56.com\/velo\/bon-comportement-densemble-des-lanesteriens-sur-lagglo-tour-a-st-brieuc-2\/#primaryimage"},"image":{"@id":"https:\/\/www.aclanester56.com\/velo\/bon-comportement-densemble-des-lanesteriens-sur-lagglo-tour-a-st-brieuc-2\/#primaryimage"},"thumbnailUrl":"https:\/\/www.aclanester56.com\/velo\/wp-content\/uploads\/2011\/08\/AggloTour27et28aout2011-Copie.jpg","datePublished":"2011-08-31T20:18:28+00:00","dateModified":"2011-09-04T21:41:15+00:00","inLanguage":"fr-FR","potentialAction":[{"@type":"ReadAction","target":["https:\/\/www.aclanester56.com\/velo\/bon-comportement-densemble-des-lanesteriens-sur-lagglo-tour-a-st-brieuc-2\/"]}]},{"@type":"ImageObject","inLanguage":"fr-FR","@id":"https:\/\/www.aclanester56.com\/velo\/bon-comportement-densemble-des-lanesteriens-sur-lagglo-tour-a-st-brieuc-2\/#primaryimage","url":"https:\/\/www.aclanester56.com\/velo\/wp-content\/uploads\/2011\/08\/AggloTour27et28aout2011-Copie.jpg","contentUrl":"https:\/\/www.aclanester56.com\/velo\/wp-content\/uploads\/2011\/08\/AggloTour27et28aout2011-Copie.jpg","width":650,"height":300},{"@type":"WebSite","@id":"https:\/\/www.aclanester56.com\/velo\/#website","url":"https:\/\/www.aclanester56.com\/velo\/","name":"Avenir Cycliste Lanester 56","description":"Club cycliste de l&#039;AC LANESTER 56","publisher":{"@id":"https:\/\/www.aclanester56.com\/velo\/#organization"},"potentialAction":[{"@type":"SearchAction","target":{"@type":"EntryPoint","urlTemplate":"https:\/\/www.aclanester56.com\/velo\/?s={search_term_string}"},"query-input":{"@type":"PropertyValueSpecification","valueRequired":true,"valueName":"search_term_string"}}],"inLanguage":"fr-FR"},{"@type":"Organization","@id":"https:\/\/www.aclanester56.com\/velo\/#organization","name":"Avenir Cycliste Lanester 56","url":"https:\/\/www.aclanester56.com\/velo\/","logo":{"@type":"ImageObject","inLanguage":"fr-FR","@id":"https:\/\/www.aclanester56.com\/velo\/#\/schema\/logo\/image\/","url":"https:\/\/www.aclanester56.com\/velo\/wp-content\/uploads\/2013\/04\/logo-ACL.jpg","contentUrl":"https:\/\/www.aclanester56.com\/velo\/wp-content\/uploads\/2013\/04\/logo-ACL.jpg","width":400,"height":334,"caption":"Avenir Cycliste Lanester 56"},"image":{"@id":"https:\/\/www.aclanester56.com\/velo\/#\/schema\/logo\/image\/"},"sameAs":["https:\/\/www.facebook.com\/pages\/AC-Lanester-56\/190286300991242?fref=ts"]},{"@type":"Person","@id":"https:\/\/www.aclanester56.com\/velo\/#\/schema\/person\/ca2a44a5fd969e9dd846c72d3b33bc01","name":"Jean-Christophe","url":"https:\/\/www.aclanester56.com\/velo\/author\/jeanchristophe\/"}]}},"_links":{"self":[{"href":"https:\/\/www.aclanester56.com\/velo\/wp-json\/wp\/v2\/posts\/9488","targetHints":{"allow":["GET"]}}],"collection":[{"href":"https:\/\/www.aclanester56.com\/velo\/wp-json\/wp\/v2\/posts"}],"about":[{"href":"https:\/\/www.aclanester56.com\/velo\/wp-json\/wp\/v2\/types\/post"}],"author":[{"embeddable":true,"href":"https:\/\/www.aclanester56.com\/velo\/wp-json\/wp\/v2\/users\/14"}],"replies":[{"embeddable":true,"href":"https:\/\/www.aclanester56.com\/velo\/wp-json\/wp\/v2\/comments?post=9488"}],"version-history":[{"count":0,"href":"https:\/\/www.aclanester56.com\/velo\/wp-json\/wp\/v2\/posts\/9488\/revisions"}],"wp:featuredmedia":[{"embeddable":true,"href":"https:\/\/www.aclanester56.com\/velo\/wp-json\/wp\/v2\/media\/9500"}],"wp:attachment":[{"href":"https:\/\/www.aclanester56.com\/velo\/wp-json\/wp\/v2\/media?parent=9488"}],"wp:term":[{"taxonomy":"category","embeddable":true,"href":"https:\/\/www.aclanester56.com\/velo\/wp-json\/wp\/v2\/categories?post=9488"},{"taxonomy":"post_tag","embeddable":true,"href":"https:\/\/www.aclanester56.com\/velo\/wp-json\/wp\/v2\/tags?post=9488"}],"curies":[{"name":"wp","href":"https:\/\/api.w.org\/{rel}","templated":true}]}}