{"id":9506,"date":"2011-09-01T22:54:07","date_gmt":"2011-09-01T21:54:07","guid":{"rendered":"http:\/\/www.aclanester56.com\/velo\/?p=9506"},"modified":"2011-09-04T22:41:19","modified_gmt":"2011-09-04T21:41:19","slug":"resultats-du-week-end-victoire-de-pierre-hole-a-scaer","status":"publish","type":"post","link":"https:\/\/www.aclanester56.com\/velo\/resultats-du-week-end-victoire-de-pierre-hole-a-scaer\/","title":{"rendered":"R\u00e9sultats du week-end : Victoire de Pierre Hol\u00e9 \u00e0 Sca\u00ebr !"},"content":{"rendered":"<div id=\"attachment_9507\" style=\"width: 210px\" class=\"wp-caption alignleft\"><a href=\"http:\/\/www.aclanester56.com\/velo\/wp-content\/uploads\/2011\/09\/Scaer-Pierre-Hol\u00e9-400x600.jpg\"><img loading=\"lazy\" decoding=\"async\" aria-describedby=\"caption-attachment-9507\" class=\"size-large wp-image-9507\" title=\"Le Lanest\u00e9rien Pierre Hol\u00e9 remporte l'\u00e9preuve cadets de Scaer en costaud (photo B. Tallec sportbreizh.com)\" src=\"http:\/\/www.aclanester56.com\/velo\/wp-content\/uploads\/2011\/09\/Scaer-Pierre-Hol\u00e9-400x600.jpg\" alt=\"\" width=\"200\" height=\"300\" srcset=\"https:\/\/www.aclanester56.com\/velo\/wp-content\/uploads\/2011\/09\/Scaer-Pierre-Hol\u00e9-400x600.jpg 400w, https:\/\/www.aclanester56.com\/velo\/wp-content\/uploads\/2011\/09\/Scaer-Pierre-Hol\u00e9-200x300.jpg 200w, https:\/\/www.aclanester56.com\/velo\/wp-content\/uploads\/2011\/09\/Scaer-Pierre-Hol\u00e9.jpg 427w\" sizes=\"auto, (max-width: 200px) 100vw, 200px\" \/><\/a><p id=\"caption-attachment-9507\" class=\"wp-caption-text\">Le Lanest\u00e9rien Pierre Hol\u00e9 remporte l&#39;\u00e9preuve cadets de Scaer en costaud (photo B. Tallec sportbreizh.com)<\/p><\/div>\n<p style=\"text-align: justify;\">De nouveaux podiums le week-end dernier pour les jeunes Lanest\u00e9riens qui confirment leurs progr\u00e8s depuis le d\u00e9but de saison ! Pierre HOLE remporte une superbe victoire en cadets sur le difficile circuit de Sca\u00ebr, juste devant ses co\u00e9quipiers qui compl\u00e8tent un superbe tir group\u00e9 !<\/p>\n<p style=\"text-align: justify;\">A Josselin, le junior Rodolphe HENRY confirme son excellente forme du moment en prenant un tr\u00e8s bel accessit. Enfin, Ma\u00ebl NIVINOU et Vincent RAGOT montent chacun coup sur coup sur la 3\u00e8me marche du podium respectivement \u00e0 Tr\u00e9gunc et \u00e0 Sca\u00ebr !<\/p>\n<p>&nbsp;<\/p>\n<p style=\"text-align: justify;\"><!--more--><\/p>\n<p style=\"text-align: center;\"><span style=\"color: #ff6600;\"><strong>***** \u00a0 \u00a0 Cadets \u00a0 \u00a0 *****<\/strong><\/span><\/p>\n<p><span style=\"text-decoration: underline;\"><strong>Sca\u00ebr :<\/strong><\/span><\/p>\n<p><span style=\"background-color: #ff6600;\">1 Hole Pierre Ac Lanester 56<\/span><br \/>\n2 Morice Alex V\u00e9loce Vannes<br \/>\n3 Kerneis Nicolas VS Sca\u00ebr<br \/>\n<span style=\"background-color: #ff6600;\">4 Henry Cl\u00e9ment AC Lanester 56\u00a0<\/span><br \/>\n5 Jegat Maxime AC Pays Baud<br \/>\n<span style=\"background-color: #ff6600;\">6 Primas Nicolas Ac Lanester 56\u00a0\u00a0\u00a0\u00a0\u00a0\u00a0 \u00a0<\/span><br \/>\n<span style=\"background-color: #ff6600;\">7 Morvan Thibault Ac Lanester 56\u00a0\u00a0\u00a0\u00a0\u00a0\u00a0 \u00a0<\/span><br \/>\n<span style=\"background-color: #ff6600;\">12 Melvyn Le Hen AC Lanester 56<\/span><\/p>\n<p><div id=\"attachment_9512\" style=\"width: 210px\" class=\"wp-caption alignright\"><a href=\"http:\/\/www.aclanester56.com\/velo\/wp-content\/uploads\/2011\/09\/Kevin_Lebreton_et_Rodoplhe_Henry-600x600.jpg\"><img loading=\"lazy\" decoding=\"async\" aria-describedby=\"caption-attachment-9512\" src=\"http:\/\/www.aclanester56.com\/velo\/wp-content\/uploads\/2011\/09\/Kevin_Lebreton_et_Rodoplhe_Henry-600x600.jpg\" alt=\"\" title=\"Rodolphe Henry prend une excellente 2\u00e8me place \u00e0 Josselin (www.sportbreizh.com)\" width=\"200\" height=\"200\" class=\"size-large wp-image-9512\" srcset=\"https:\/\/www.aclanester56.com\/velo\/wp-content\/uploads\/2011\/09\/Kevin_Lebreton_et_Rodoplhe_Henry-600x600.jpg 600w, https:\/\/www.aclanester56.com\/velo\/wp-content\/uploads\/2011\/09\/Kevin_Lebreton_et_Rodoplhe_Henry-150x150.jpg 150w, https:\/\/www.aclanester56.com\/velo\/wp-content\/uploads\/2011\/09\/Kevin_Lebreton_et_Rodoplhe_Henry-300x300.jpg 300w, https:\/\/www.aclanester56.com\/velo\/wp-content\/uploads\/2011\/09\/Kevin_Lebreton_et_Rodoplhe_Henry.jpg 640w\" sizes=\"auto, (max-width: 200px) 100vw, 200px\" \/><\/a><p id=\"caption-attachment-9512\" class=\"wp-caption-text\">Rodolphe Henry prend une excellente 2\u00e8me place \u00e0 Josselin (www.sportbreizh.com)<\/p><\/div><br \/>\n&nbsp;<br \/>\n&nbsp;<\/p>\n<p style=\"text-align: center;\"><span style=\"color: #ff6600;\"><strong>***** \u00a0 \u00a0 3\u00e8me Cat \u00a0 \u00a0 *****<\/strong><\/span><\/p>\n<p><span style=\"text-decoration: underline;\"><strong>Josselin :<\/strong><\/span><\/p>\n<p>1 K\u00e9vin Lebreton (US Pontch\u00e2teau)<br \/>\n<span style=\"background-color: #ff6600;\">2 Rodolphe Henry (AC Lanester 56)<\/span><br \/>\n3 Romain Desreumaux (V\u00e9loce Vannetais Cyclisme)<br \/>\n4 Olivier Deroche (Redon OC)<br \/>\n5 R\u00e9my Thilloy (VS Sca\u00ebr)<br \/>\n&nbsp;<br \/>\n&nbsp;<\/p>\n<p><div id=\"attachment_9514\" style=\"width: 330px\" class=\"wp-caption alignleft\"><a href=\"http:\/\/www.aclanester56.com\/velo\/wp-content\/uploads\/2011\/09\/Mael-Nivinou-Plouay-2.jpg\"><img loading=\"lazy\" decoding=\"async\" aria-describedby=\"caption-attachment-9514\" src=\"http:\/\/www.aclanester56.com\/velo\/wp-content\/uploads\/2011\/09\/Mael-Nivinou-Plouay-2.jpg\" alt=\"\" title=\"Mael Nivinou a fait la course en t\u00eate sur le Grand Prix de Plouay amateurs, conclu \u00e0 la 11\u00e8me place, avant de terminer 3\u00e8me \u00e0 Tr\u00e9gunc lundi (photo F. Lambert www.sportbreizh.com)\" width=\"320\" height=\"215\" class=\"size-full wp-image-9514\" srcset=\"https:\/\/www.aclanester56.com\/velo\/wp-content\/uploads\/2011\/09\/Mael-Nivinou-Plouay-2.jpg 640w, https:\/\/www.aclanester56.com\/velo\/wp-content\/uploads\/2011\/09\/Mael-Nivinou-Plouay-2-300x201.jpg 300w, https:\/\/www.aclanester56.com\/velo\/wp-content\/uploads\/2011\/09\/Mael-Nivinou-Plouay-2-446x300.jpg 446w\" sizes=\"auto, (max-width: 320px) 100vw, 320px\" \/><\/a><p id=\"caption-attachment-9514\" class=\"wp-caption-text\">Mael Nivinou a fait la course en t\u00eate sur le Grand Prix de Plouay amateurs, conclu \u00e0 la 11\u00e8me place, avant de terminer 3\u00e8me \u00e0 Tr\u00e9gunc lundi (photo F. Lambert www.sportbreizh.com)<\/p><\/div><br \/>\n&nbsp;<\/p>\n<p style=\"text-align: center;\"><span style=\"color: #ff6600;\"><strong>***** \u00a0 \u00a0 1\u00e8re, 2\u00e8me, 3\u00e8me Cat \u00a0 \u00a0 *****<\/strong><\/span><\/p>\n<p>&nbsp;<br \/>\n&nbsp;<\/p>\n<p><span style=\"text-decoration: underline;\"><strong>Grand Prix de Plouay amateurs :<\/strong><\/span><\/p>\n<p>1 GUYOT Yann CSA DES LOGES 2:56:27<br \/>\n2 CORNU J\u00e9r\u00e9my VENDEE U PAYS DE LA LOIR \u00e0 8&Prime;<br \/>\n3 MC LAUGHLIN James TEAM UK YOUTH HENNEBONT CYCLISME<br \/>\n4 LE LAVANDIER Mathieu SOJASUN ESPOIR ACNC \u00e0 11&Prime;<br \/>\n5 DAVID Yoann COTES D`ARMOR CYCL. \u00e0 52&Prime;<br \/>\n<span style=\"background-color: #ff6600;\">11 NIVINOU Ma\u00ebl AC LANESTER 56<\/span><br \/>\n<span style=\"background-color: #ff6600;\">16 GUEGO Vincent AC LANESTER 56\u00a0<\/span><br \/>\n<span style=\"background-color: #ff6600;\">34 LE BUREL Yann AC LANESTER 56\u00a0<\/span><br \/>\n<span style=\"background-color: #ff6600;\">45 GUILLOU Romain AC LANESTER 56\u00a0<\/span><\/p>\n<p><div id=\"attachment_9520\" style=\"width: 310px\" class=\"wp-caption alignright\"><a href=\"http:\/\/www.aclanester56.com\/velo\/wp-content\/uploads\/2011\/09\/Vincent-Ragot-Scaer.jpg\"><img loading=\"lazy\" decoding=\"async\" aria-describedby=\"caption-attachment-9520\" src=\"http:\/\/www.aclanester56.com\/velo\/wp-content\/uploads\/2011\/09\/Vincent-Ragot-Scaer.jpg\" alt=\"\" title=\"Vincent Ragot n&#039;a rien pu faire \u00e0 Sca\u00ebr face aux fr\u00e8res David ! (photo www.bretagne-cyclisme.com)\" width=\"300\" height=\"201\" class=\"size-full wp-image-9520\" srcset=\"https:\/\/www.aclanester56.com\/velo\/wp-content\/uploads\/2011\/09\/Vincent-Ragot-Scaer.jpg 600w, https:\/\/www.aclanester56.com\/velo\/wp-content\/uploads\/2011\/09\/Vincent-Ragot-Scaer-300x201.jpg 300w, https:\/\/www.aclanester56.com\/velo\/wp-content\/uploads\/2011\/09\/Vincent-Ragot-Scaer-447x300.jpg 447w\" sizes=\"auto, (max-width: 300px) 100vw, 300px\" \/><\/a><p id=\"caption-attachment-9520\" class=\"wp-caption-text\">Vincent Ragot n&#039;a rien pu faire \u00e0 Sca\u00ebr face aux fr\u00e8res David ! (photo www.bretagne-cyclisme.com)<\/p><\/div><br \/>\n<span style=\"text-decoration: underline;\"><strong>St Philibert Tr\u00e9gunc (Troph\u00e9e Aven Moros) :<\/strong><\/span><br \/>\n1 Luc Blanchon (Argenteuil Val de Seine 95)<br \/>\n2 Fabrice Seigneur (Sojasun Espoir ACNC)<br \/>\n<span style=\"background-color: #ff6600;\">3 Ma\u00ebl Nivinou (AC Lanester 56)<\/span><br \/>\n4 Antoine Loreau (VCP Lorient)<br \/>\n5 Micha\u00ebl Cuming (Twenty 3C Orbea)<\/p>\n<p><span style=\"text-decoration: underline;\"><strong>Sca\u00ebr (Troph\u00e9e Aven Moros) :<\/strong><\/span><br \/>\n1 DAVID Nicolas Vend\u00e9e U<br \/>\n2 DAVID Yoann C\u00f4tes d&rsquo;Armor cyclisme<br \/>\n<span style=\"background-color: #ff6600;\">3 RAGOT Vincent AC Lanester 56<\/span><br \/>\n4 LE CALVE Gr\u00e9goire Hennebont Cyclisme<br \/>\n5 SCHMIT Fabien UC Nantes Atlantique<br \/>\n<span style=\"background-color: #ff6600;\">9 BALANNEC Christophe AC Lanester 56<\/span><br \/>\n<span style=\"background-color: #ff6600;\"> 15 POILVET Ludovic AC Lanester 56<\/span><br \/>\n<span style=\"background-color: #ff6600;\"> 19 NIVINOU Ma\u00ebl AC Lanester 56<\/span><\/p>\n<p>&nbsp;<\/p>\n","protected":false},"excerpt":{"rendered":"<p>De nouveaux podiums le week-end dernier pour les jeunes Lanest\u00e9riens qui confirment leurs progr\u00e8s depuis le d\u00e9but de saison ! [&hellip;]<\/p>\n","protected":false},"author":14,"featured_media":9526,"comment_status":"open","ping_status":"closed","sticky":false,"template":"","format":"standard","meta":{"ngg_post_thumbnail":0,"footnotes":""},"categories":[5,14,16,22,17,21],"tags":[],"class_list":["post-9506","post","type-post","status-publish","format-standard","has-post-thumbnail","hentry","category-ac-lanester-56","category-actualites-dn","category-resultats","category-resultats-cadets","category-resultats-dn","category-resultats-juniors"],"yoast_head":"<!-- This site is optimized with the Yoast SEO plugin v27.5 - https:\/\/yoast.com\/product\/yoast-seo-wordpress\/ -->\n<title>R\u00e9sultats du week-end : Victoire de Pierre Hol\u00e9 \u00e0 Sca\u00ebr ! - Avenir Cycliste Lanester 56<\/title>\n<meta name=\"robots\" content=\"index, follow, max-snippet:-1, max-image-preview:large, max-video-preview:-1\" \/>\n<link rel=\"canonical\" href=\"https:\/\/www.aclanester56.com\/velo\/resultats-du-week-end-victoire-de-pierre-hole-a-scaer\/\" \/>\n<meta property=\"og:locale\" content=\"fr_FR\" \/>\n<meta property=\"og:type\" content=\"article\" \/>\n<meta property=\"og:title\" content=\"R\u00e9sultats du week-end : Victoire de Pierre Hol\u00e9 \u00e0 Sca\u00ebr ! - Avenir Cycliste Lanester 56\" \/>\n<meta property=\"og:description\" content=\"De nouveaux podiums le week-end dernier pour les jeunes Lanest\u00e9riens qui confirment leurs progr\u00e8s depuis le d\u00e9but de saison ! [&hellip;]\" \/>\n<meta property=\"og:url\" content=\"https:\/\/www.aclanester56.com\/velo\/resultats-du-week-end-victoire-de-pierre-hole-a-scaer\/\" \/>\n<meta property=\"og:site_name\" content=\"Avenir Cycliste Lanester 56\" \/>\n<meta property=\"article:publisher\" content=\"https:\/\/www.facebook.com\/pages\/AC-Lanester-56\/190286300991242?fref=ts\" \/>\n<meta property=\"article:published_time\" content=\"2011-09-01T21:54:07+00:00\" \/>\n<meta property=\"article:modified_time\" content=\"2011-09-04T21:41:19+00:00\" \/>\n<meta property=\"og:image\" content=\"https:\/\/www.aclanester56.com\/velo\/wp-content\/uploads\/2011\/09\/Scaer-Pierre-Hol\u00e9-Copie.jpg\" \/>\n\t<meta property=\"og:image:width\" content=\"650\" \/>\n\t<meta property=\"og:image:height\" content=\"300\" \/>\n\t<meta property=\"og:image:type\" content=\"image\/jpeg\" \/>\n<meta name=\"author\" content=\"Jean-Christophe\" \/>\n<meta name=\"twitter:label1\" content=\"\u00c9crit par\" \/>\n\t<meta name=\"twitter:data1\" content=\"Jean-Christophe\" \/>\n\t<meta name=\"twitter:label2\" content=\"Dur\u00e9e de lecture estim\u00e9e\" \/>\n\t<meta name=\"twitter:data2\" content=\"2 minutes\" \/>\n<script type=\"application\/ld+json\" class=\"yoast-schema-graph\">{\"@context\":\"https:\\\/\\\/schema.org\",\"@graph\":[{\"@type\":\"Article\",\"@id\":\"https:\\\/\\\/www.aclanester56.com\\\/velo\\\/resultats-du-week-end-victoire-de-pierre-hole-a-scaer\\\/#article\",\"isPartOf\":{\"@id\":\"https:\\\/\\\/www.aclanester56.com\\\/velo\\\/resultats-du-week-end-victoire-de-pierre-hole-a-scaer\\\/\"},\"author\":{\"name\":\"Jean-Christophe\",\"@id\":\"https:\\\/\\\/www.aclanester56.com\\\/velo\\\/#\\\/schema\\\/person\\\/ca2a44a5fd969e9dd846c72d3b33bc01\"},\"headline\":\"R\u00e9sultats du week-end : Victoire de Pierre Hol\u00e9 \u00e0 Sca\u00ebr !\",\"datePublished\":\"2011-09-01T21:54:07+00:00\",\"dateModified\":\"2011-09-04T21:41:19+00:00\",\"mainEntityOfPage\":{\"@id\":\"https:\\\/\\\/www.aclanester56.com\\\/velo\\\/resultats-du-week-end-victoire-de-pierre-hole-a-scaer\\\/\"},\"wordCount\":433,\"commentCount\":0,\"publisher\":{\"@id\":\"https:\\\/\\\/www.aclanester56.com\\\/velo\\\/#organization\"},\"image\":{\"@id\":\"https:\\\/\\\/www.aclanester56.com\\\/velo\\\/resultats-du-week-end-victoire-de-pierre-hole-a-scaer\\\/#primaryimage\"},\"thumbnailUrl\":\"https:\\\/\\\/www.aclanester56.com\\\/velo\\\/wp-content\\\/uploads\\\/2011\\\/09\\\/Scaer-Pierre-Hol\u00e9-Copie.jpg\",\"articleSection\":[\"AC LANESTER 56\",\"Actualit\u00e9s DN\",\"R\u00e9sultats\",\"R\u00e9sultats Cadets\",\"R\u00e9sultats DN\",\"R\u00e9sultats Juniors\"],\"inLanguage\":\"fr-FR\",\"potentialAction\":[{\"@type\":\"CommentAction\",\"name\":\"Comment\",\"target\":[\"https:\\\/\\\/www.aclanester56.com\\\/velo\\\/resultats-du-week-end-victoire-de-pierre-hole-a-scaer\\\/#respond\"]}]},{\"@type\":\"WebPage\",\"@id\":\"https:\\\/\\\/www.aclanester56.com\\\/velo\\\/resultats-du-week-end-victoire-de-pierre-hole-a-scaer\\\/\",\"url\":\"https:\\\/\\\/www.aclanester56.com\\\/velo\\\/resultats-du-week-end-victoire-de-pierre-hole-a-scaer\\\/\",\"name\":\"R\u00e9sultats du week-end : Victoire de Pierre Hol\u00e9 \u00e0 Sca\u00ebr ! - Avenir Cycliste Lanester 56\",\"isPartOf\":{\"@id\":\"https:\\\/\\\/www.aclanester56.com\\\/velo\\\/#website\"},\"primaryImageOfPage\":{\"@id\":\"https:\\\/\\\/www.aclanester56.com\\\/velo\\\/resultats-du-week-end-victoire-de-pierre-hole-a-scaer\\\/#primaryimage\"},\"image\":{\"@id\":\"https:\\\/\\\/www.aclanester56.com\\\/velo\\\/resultats-du-week-end-victoire-de-pierre-hole-a-scaer\\\/#primaryimage\"},\"thumbnailUrl\":\"https:\\\/\\\/www.aclanester56.com\\\/velo\\\/wp-content\\\/uploads\\\/2011\\\/09\\\/Scaer-Pierre-Hol\u00e9-Copie.jpg\",\"datePublished\":\"2011-09-01T21:54:07+00:00\",\"dateModified\":\"2011-09-04T21:41:19+00:00\",\"inLanguage\":\"fr-FR\",\"potentialAction\":[{\"@type\":\"ReadAction\",\"target\":[\"https:\\\/\\\/www.aclanester56.com\\\/velo\\\/resultats-du-week-end-victoire-de-pierre-hole-a-scaer\\\/\"]}]},{\"@type\":\"ImageObject\",\"inLanguage\":\"fr-FR\",\"@id\":\"https:\\\/\\\/www.aclanester56.com\\\/velo\\\/resultats-du-week-end-victoire-de-pierre-hole-a-scaer\\\/#primaryimage\",\"url\":\"https:\\\/\\\/www.aclanester56.com\\\/velo\\\/wp-content\\\/uploads\\\/2011\\\/09\\\/Scaer-Pierre-Hol\u00e9-Copie.jpg\",\"contentUrl\":\"https:\\\/\\\/www.aclanester56.com\\\/velo\\\/wp-content\\\/uploads\\\/2011\\\/09\\\/Scaer-Pierre-Hol\u00e9-Copie.jpg\",\"width\":650,\"height\":300},{\"@type\":\"WebSite\",\"@id\":\"https:\\\/\\\/www.aclanester56.com\\\/velo\\\/#website\",\"url\":\"https:\\\/\\\/www.aclanester56.com\\\/velo\\\/\",\"name\":\"Avenir Cycliste Lanester 56\",\"description\":\"Club cycliste de l&#039;AC LANESTER 56\",\"publisher\":{\"@id\":\"https:\\\/\\\/www.aclanester56.com\\\/velo\\\/#organization\"},\"potentialAction\":[{\"@type\":\"SearchAction\",\"target\":{\"@type\":\"EntryPoint\",\"urlTemplate\":\"https:\\\/\\\/www.aclanester56.com\\\/velo\\\/?s={search_term_string}\"},\"query-input\":{\"@type\":\"PropertyValueSpecification\",\"valueRequired\":true,\"valueName\":\"search_term_string\"}}],\"inLanguage\":\"fr-FR\"},{\"@type\":\"Organization\",\"@id\":\"https:\\\/\\\/www.aclanester56.com\\\/velo\\\/#organization\",\"name\":\"Avenir Cycliste Lanester 56\",\"url\":\"https:\\\/\\\/www.aclanester56.com\\\/velo\\\/\",\"logo\":{\"@type\":\"ImageObject\",\"inLanguage\":\"fr-FR\",\"@id\":\"https:\\\/\\\/www.aclanester56.com\\\/velo\\\/#\\\/schema\\\/logo\\\/image\\\/\",\"url\":\"https:\\\/\\\/www.aclanester56.com\\\/velo\\\/wp-content\\\/uploads\\\/2013\\\/04\\\/logo-ACL.jpg\",\"contentUrl\":\"https:\\\/\\\/www.aclanester56.com\\\/velo\\\/wp-content\\\/uploads\\\/2013\\\/04\\\/logo-ACL.jpg\",\"width\":400,\"height\":334,\"caption\":\"Avenir Cycliste Lanester 56\"},\"image\":{\"@id\":\"https:\\\/\\\/www.aclanester56.com\\\/velo\\\/#\\\/schema\\\/logo\\\/image\\\/\"},\"sameAs\":[\"https:\\\/\\\/www.facebook.com\\\/pages\\\/AC-Lanester-56\\\/190286300991242?fref=ts\"]},{\"@type\":\"Person\",\"@id\":\"https:\\\/\\\/www.aclanester56.com\\\/velo\\\/#\\\/schema\\\/person\\\/ca2a44a5fd969e9dd846c72d3b33bc01\",\"name\":\"Jean-Christophe\",\"url\":\"https:\\\/\\\/www.aclanester56.com\\\/velo\\\/author\\\/jeanchristophe\\\/\"}]}<\/script>\n<!-- \/ Yoast SEO plugin. -->","yoast_head_json":{"title":"R\u00e9sultats du week-end : Victoire de Pierre Hol\u00e9 \u00e0 Sca\u00ebr ! - Avenir Cycliste Lanester 56","robots":{"index":"index","follow":"follow","max-snippet":"max-snippet:-1","max-image-preview":"max-image-preview:large","max-video-preview":"max-video-preview:-1"},"canonical":"https:\/\/www.aclanester56.com\/velo\/resultats-du-week-end-victoire-de-pierre-hole-a-scaer\/","og_locale":"fr_FR","og_type":"article","og_title":"R\u00e9sultats du week-end : Victoire de Pierre Hol\u00e9 \u00e0 Sca\u00ebr ! - Avenir Cycliste Lanester 56","og_description":"De nouveaux podiums le week-end dernier pour les jeunes Lanest\u00e9riens qui confirment leurs progr\u00e8s depuis le d\u00e9but de saison ! [&hellip;]","og_url":"https:\/\/www.aclanester56.com\/velo\/resultats-du-week-end-victoire-de-pierre-hole-a-scaer\/","og_site_name":"Avenir Cycliste Lanester 56","article_publisher":"https:\/\/www.facebook.com\/pages\/AC-Lanester-56\/190286300991242?fref=ts","article_published_time":"2011-09-01T21:54:07+00:00","article_modified_time":"2011-09-04T21:41:19+00:00","og_image":[{"width":650,"height":300,"url":"https:\/\/www.aclanester56.com\/velo\/wp-content\/uploads\/2011\/09\/Scaer-Pierre-Hol\u00e9-Copie.jpg","type":"image\/jpeg"}],"author":"Jean-Christophe","twitter_misc":{"\u00c9crit par":"Jean-Christophe","Dur\u00e9e de lecture estim\u00e9e":"2 minutes"},"schema":{"@context":"https:\/\/schema.org","@graph":[{"@type":"Article","@id":"https:\/\/www.aclanester56.com\/velo\/resultats-du-week-end-victoire-de-pierre-hole-a-scaer\/#article","isPartOf":{"@id":"https:\/\/www.aclanester56.com\/velo\/resultats-du-week-end-victoire-de-pierre-hole-a-scaer\/"},"author":{"name":"Jean-Christophe","@id":"https:\/\/www.aclanester56.com\/velo\/#\/schema\/person\/ca2a44a5fd969e9dd846c72d3b33bc01"},"headline":"R\u00e9sultats du week-end : Victoire de Pierre Hol\u00e9 \u00e0 Sca\u00ebr !","datePublished":"2011-09-01T21:54:07+00:00","dateModified":"2011-09-04T21:41:19+00:00","mainEntityOfPage":{"@id":"https:\/\/www.aclanester56.com\/velo\/resultats-du-week-end-victoire-de-pierre-hole-a-scaer\/"},"wordCount":433,"commentCount":0,"publisher":{"@id":"https:\/\/www.aclanester56.com\/velo\/#organization"},"image":{"@id":"https:\/\/www.aclanester56.com\/velo\/resultats-du-week-end-victoire-de-pierre-hole-a-scaer\/#primaryimage"},"thumbnailUrl":"https:\/\/www.aclanester56.com\/velo\/wp-content\/uploads\/2011\/09\/Scaer-Pierre-Hol\u00e9-Copie.jpg","articleSection":["AC LANESTER 56","Actualit\u00e9s DN","R\u00e9sultats","R\u00e9sultats Cadets","R\u00e9sultats DN","R\u00e9sultats Juniors"],"inLanguage":"fr-FR","potentialAction":[{"@type":"CommentAction","name":"Comment","target":["https:\/\/www.aclanester56.com\/velo\/resultats-du-week-end-victoire-de-pierre-hole-a-scaer\/#respond"]}]},{"@type":"WebPage","@id":"https:\/\/www.aclanester56.com\/velo\/resultats-du-week-end-victoire-de-pierre-hole-a-scaer\/","url":"https:\/\/www.aclanester56.com\/velo\/resultats-du-week-end-victoire-de-pierre-hole-a-scaer\/","name":"R\u00e9sultats du week-end : Victoire de Pierre Hol\u00e9 \u00e0 Sca\u00ebr ! - Avenir Cycliste Lanester 56","isPartOf":{"@id":"https:\/\/www.aclanester56.com\/velo\/#website"},"primaryImageOfPage":{"@id":"https:\/\/www.aclanester56.com\/velo\/resultats-du-week-end-victoire-de-pierre-hole-a-scaer\/#primaryimage"},"image":{"@id":"https:\/\/www.aclanester56.com\/velo\/resultats-du-week-end-victoire-de-pierre-hole-a-scaer\/#primaryimage"},"thumbnailUrl":"https:\/\/www.aclanester56.com\/velo\/wp-content\/uploads\/2011\/09\/Scaer-Pierre-Hol\u00e9-Copie.jpg","datePublished":"2011-09-01T21:54:07+00:00","dateModified":"2011-09-04T21:41:19+00:00","inLanguage":"fr-FR","potentialAction":[{"@type":"ReadAction","target":["https:\/\/www.aclanester56.com\/velo\/resultats-du-week-end-victoire-de-pierre-hole-a-scaer\/"]}]},{"@type":"ImageObject","inLanguage":"fr-FR","@id":"https:\/\/www.aclanester56.com\/velo\/resultats-du-week-end-victoire-de-pierre-hole-a-scaer\/#primaryimage","url":"https:\/\/www.aclanester56.com\/velo\/wp-content\/uploads\/2011\/09\/Scaer-Pierre-Hol\u00e9-Copie.jpg","contentUrl":"https:\/\/www.aclanester56.com\/velo\/wp-content\/uploads\/2011\/09\/Scaer-Pierre-Hol\u00e9-Copie.jpg","width":650,"height":300},{"@type":"WebSite","@id":"https:\/\/www.aclanester56.com\/velo\/#website","url":"https:\/\/www.aclanester56.com\/velo\/","name":"Avenir Cycliste Lanester 56","description":"Club cycliste de l&#039;AC LANESTER 56","publisher":{"@id":"https:\/\/www.aclanester56.com\/velo\/#organization"},"potentialAction":[{"@type":"SearchAction","target":{"@type":"EntryPoint","urlTemplate":"https:\/\/www.aclanester56.com\/velo\/?s={search_term_string}"},"query-input":{"@type":"PropertyValueSpecification","valueRequired":true,"valueName":"search_term_string"}}],"inLanguage":"fr-FR"},{"@type":"Organization","@id":"https:\/\/www.aclanester56.com\/velo\/#organization","name":"Avenir Cycliste Lanester 56","url":"https:\/\/www.aclanester56.com\/velo\/","logo":{"@type":"ImageObject","inLanguage":"fr-FR","@id":"https:\/\/www.aclanester56.com\/velo\/#\/schema\/logo\/image\/","url":"https:\/\/www.aclanester56.com\/velo\/wp-content\/uploads\/2013\/04\/logo-ACL.jpg","contentUrl":"https:\/\/www.aclanester56.com\/velo\/wp-content\/uploads\/2013\/04\/logo-ACL.jpg","width":400,"height":334,"caption":"Avenir Cycliste Lanester 56"},"image":{"@id":"https:\/\/www.aclanester56.com\/velo\/#\/schema\/logo\/image\/"},"sameAs":["https:\/\/www.facebook.com\/pages\/AC-Lanester-56\/190286300991242?fref=ts"]},{"@type":"Person","@id":"https:\/\/www.aclanester56.com\/velo\/#\/schema\/person\/ca2a44a5fd969e9dd846c72d3b33bc01","name":"Jean-Christophe","url":"https:\/\/www.aclanester56.com\/velo\/author\/jeanchristophe\/"}]}},"_links":{"self":[{"href":"https:\/\/www.aclanester56.com\/velo\/wp-json\/wp\/v2\/posts\/9506","targetHints":{"allow":["GET"]}}],"collection":[{"href":"https:\/\/www.aclanester56.com\/velo\/wp-json\/wp\/v2\/posts"}],"about":[{"href":"https:\/\/www.aclanester56.com\/velo\/wp-json\/wp\/v2\/types\/post"}],"author":[{"embeddable":true,"href":"https:\/\/www.aclanester56.com\/velo\/wp-json\/wp\/v2\/users\/14"}],"replies":[{"embeddable":true,"href":"https:\/\/www.aclanester56.com\/velo\/wp-json\/wp\/v2\/comments?post=9506"}],"version-history":[{"count":0,"href":"https:\/\/www.aclanester56.com\/velo\/wp-json\/wp\/v2\/posts\/9506\/revisions"}],"wp:featuredmedia":[{"embeddable":true,"href":"https:\/\/www.aclanester56.com\/velo\/wp-json\/wp\/v2\/media\/9526"}],"wp:attachment":[{"href":"https:\/\/www.aclanester56.com\/velo\/wp-json\/wp\/v2\/media?parent=9506"}],"wp:term":[{"taxonomy":"category","embeddable":true,"href":"https:\/\/www.aclanester56.com\/velo\/wp-json\/wp\/v2\/categories?post=9506"},{"taxonomy":"post_tag","embeddable":true,"href":"https:\/\/www.aclanester56.com\/velo\/wp-json\/wp\/v2\/tags?post=9506"}],"curies":[{"name":"wp","href":"https:\/\/api.w.org\/{rel}","templated":true}]}}