{"id":9540,"date":"2011-09-04T22:27:35","date_gmt":"2011-09-04T21:27:35","guid":{"rendered":"http:\/\/www.aclanester56.com\/velo\/?p=9540"},"modified":"2011-09-12T21:53:32","modified_gmt":"2011-09-12T20:53:32","slug":"guillaume-coquen-remporte-la-3eme-manche-de-la-coupe-deurope-de-descente-vtt-marathon","status":"publish","type":"post","link":"https:\/\/www.aclanester56.com\/velo\/guillaume-coquen-remporte-la-3eme-manche-de-la-coupe-deurope-de-descente-vtt-marathon\/","title":{"rendered":"Guillaume Coquen remporte la 3\u00e8me manche de la Coupe d&rsquo;Europe de descente VTT Marathon !"},"content":{"rendered":"<div id=\"attachment_9546\" style=\"width: 370px\" class=\"wp-caption alignleft\"><a href=\"http:\/\/www.aclanester56.com\/velo\/wp-content\/uploads\/2011\/09\/Guillaume-Coquen-Are-Su\u00e8de.jpg\"><img loading=\"lazy\" decoding=\"async\" aria-describedby=\"caption-attachment-9546\" src=\"http:\/\/www.aclanester56.com\/velo\/wp-content\/uploads\/2011\/09\/Guillaume-Coquen-Are-Su\u00e8de.jpg\" alt=\"\" title=\"Champion d&#039;Europe juniors en titre en descente marathon, Guillaume Coquen portait son maillot europ\u00e9en sur le magnifique circuit d&#039;\u00c4re en Su\u00e8de o\u00f9 il l&#039;a brillamment emport\u00e9 ! (photo Gilbert Coquen)\" width=\"360\" height=\"240\" class=\"size-full wp-image-9546\" srcset=\"https:\/\/www.aclanester56.com\/velo\/wp-content\/uploads\/2011\/09\/Guillaume-Coquen-Are-Su\u00e8de.jpg 720w, https:\/\/www.aclanester56.com\/velo\/wp-content\/uploads\/2011\/09\/Guillaume-Coquen-Are-Su\u00e8de-300x200.jpg 300w, https:\/\/www.aclanester56.com\/velo\/wp-content\/uploads\/2011\/09\/Guillaume-Coquen-Are-Su\u00e8de-450x300.jpg 450w\" sizes=\"auto, (max-width: 360px) 100vw, 360px\" \/><\/a><p id=\"caption-attachment-9546\" class=\"wp-caption-text\">Champion d&#039;Europe juniors en titre en descente marathon, Guillaume Coquen portait son maillot europ\u00e9en sur le magnifique circuit d&#039;\u00c4re en Su\u00e8de o\u00f9 il l&#039;a brillamment emport\u00e9 ! (photo Gilbert Coquen)<\/p><\/div>\n<p style=\"text-align: justify;\">Le Lanest\u00e9rien Guillaume COQUEN, champion d&rsquo;Europe junior en titre de descente VTT Marathon, a remport\u00e9 le week-end dernier la 3\u00e8me manche de la Coupe d&rsquo;Europe, disput\u00e9e \u00e0 \u00c4re en Su\u00e8de !<\/p>\n<p>&nbsp;<\/p>\n<p style=\"text-align: justify;\"><!--more--><\/p>\n<p>&nbsp;<br \/>\n&nbsp;<\/p>\n<p style=\"text-align: justify;\"><span style=\"color: #ff6600;\"><strong>Guillaume Coquen brille en Su\u00e8de !<\/strong><\/span><\/p>\n<p style=\"text-align: justify;\">Sur le circuit su\u00e9dois tr\u00e8s physique, le jeune Lanest\u00e9rien, qui brille depuis le d\u00e9but de saison sur la route avec l&rsquo;AC LANESTER 56, a fait parler ses qualit\u00e9s athl\u00e9tiques en remportant cette 3\u00e8me manche de la MaxiAvalanche dans la cat\u00e9gorie des juniors, et surtout en prenant une tr\u00e8s belle 11\u00e8me place au classement scratch toutes cat\u00e9gories confondues !<\/p>\n<div id=\"attachment_9551\" style=\"width: 370px\" class=\"wp-caption alignright\"><a href=\"http:\/\/www.aclanester56.com\/velo\/wp-content\/uploads\/2011\/09\/Podium-juniors.jpg\"><img loading=\"lazy\" decoding=\"async\" aria-describedby=\"caption-attachment-9551\" src=\"http:\/\/www.aclanester56.com\/velo\/wp-content\/uploads\/2011\/09\/Podium-juniors.jpg\" alt=\"\" title=\"En remportant l&#039;avant-derni\u00e8re manche de la Coupe d&#039;Europe en Su\u00e8de, Guillaume Coquen est bien parti pour conserver son titre europ\u00e9en \u00e0 Flims en Suisse en octobre prochain ! (photo Gilbert Coquen)\" width=\"360\" height=\"240\" class=\"size-full wp-image-9551\" srcset=\"https:\/\/www.aclanester56.com\/velo\/wp-content\/uploads\/2011\/09\/Podium-juniors.jpg 720w, https:\/\/www.aclanester56.com\/velo\/wp-content\/uploads\/2011\/09\/Podium-juniors-300x200.jpg 300w, https:\/\/www.aclanester56.com\/velo\/wp-content\/uploads\/2011\/09\/Podium-juniors-450x300.jpg 450w\" sizes=\"auto, (max-width: 360px) 100vw, 360px\" \/><\/a><p id=\"caption-attachment-9551\" class=\"wp-caption-text\">En remportant l&#039;avant-derni\u00e8re manche de la Coupe d&#039;Europe en Su\u00e8de, Guillaume Coquen est bien parti pour conserver son titre europ\u00e9en \u00e0 Flims en Suisse en octobre prochain ! (photo Gilbert Coquen)<\/p><\/div>\n<p style=\"text-align: justify;\"><span style=\"color: #ff6600;\"><strong>Un nouveau titre europ\u00e9en se profile pour Guillaume !<\/strong><\/span><\/p>\n<p style=\"text-align: justify;\">Au classement g\u00e9n\u00e9ral, avant la derni\u00e8re \u00e9preuve qui se d\u00e9roulera \u00e0 Flims en Suisse les 15 et 16 octobre, Guillaume domine ais\u00e9ment sa cat\u00e9gorie. Pour la petite histoire, son petit fr\u00e8re Adrien l&rsquo;a \u00e9galement emport\u00e9 \u00e0 \u00c4re dans la cat\u00e9gorie des cadets ! La sympathique famille Coquen, qui avait fait le d\u00e9placement avec le Team Culture V\u00e9lo de Quimper, a marqu\u00e9 les esprits en Su\u00e8de !<\/p>\n<p style=\"text-align: justify;\"><span style=\"color: #ff6600;\"><strong>La descente marathon en vid\u00e9o !<\/strong><\/span><\/p>\n<p style=\"text-align: justify;\">Pour ceux qui ne connaissent pas cette discipline tr\u00e8s spectaculaire, nous leur proposons de d\u00e9couvrir ci-dessous une vid\u00e9o embarqu\u00e9e sur le casque d&rsquo;un des participants de l&rsquo;\u00e9preuve d&rsquo;\u00c4re qui a film\u00e9 toute sa descente, et dans laquelle on aper\u00e7oit d&rsquo;ailleurs longuement Guillaume !<\/p>\n<p style=\"text-align: justify;\"><em><strong>Remerciements \u00e0 Gilbert Coquen.<\/strong><\/em><\/p>\n<p style=\"text-align: center;\"><iframe loading=\"lazy\" width=\"560\" height=\"345\" src=\"http:\/\/www.youtube.com\/embed\/NqsWxeVGxdQ\" frameborder=\"0\" allowfullscreen><\/iframe><\/p>\n","protected":false},"excerpt":{"rendered":"<p>Le Lanest\u00e9rien Guillaume COQUEN, champion d&rsquo;Europe junior en titre de descente VTT Marathon, a remport\u00e9 le week-end dernier la 3\u00e8me [&hellip;]<\/p>\n","protected":false},"author":14,"featured_media":9555,"comment_status":"open","ping_status":"closed","sticky":false,"template":"","format":"standard","meta":{"ngg_post_thumbnail":0,"footnotes":""},"categories":[5,21],"tags":[],"class_list":["post-9540","post","type-post","status-publish","format-standard","has-post-thumbnail","hentry","category-ac-lanester-56","category-resultats-juniors"],"yoast_head":"<!-- This site is optimized with the Yoast SEO plugin v27.5 - https:\/\/yoast.com\/product\/yoast-seo-wordpress\/ -->\n<title>Guillaume Coquen remporte la 3\u00e8me manche de la Coupe d&#039;Europe de descente VTT Marathon ! - Avenir Cycliste Lanester 56<\/title>\n<meta name=\"robots\" content=\"index, follow, max-snippet:-1, max-image-preview:large, max-video-preview:-1\" \/>\n<link rel=\"canonical\" href=\"https:\/\/www.aclanester56.com\/velo\/guillaume-coquen-remporte-la-3eme-manche-de-la-coupe-deurope-de-descente-vtt-marathon\/\" \/>\n<meta property=\"og:locale\" content=\"fr_FR\" \/>\n<meta property=\"og:type\" content=\"article\" \/>\n<meta property=\"og:title\" content=\"Guillaume Coquen remporte la 3\u00e8me manche de la Coupe d&#039;Europe de descente VTT Marathon ! - Avenir Cycliste Lanester 56\" \/>\n<meta property=\"og:description\" content=\"Le Lanest\u00e9rien Guillaume COQUEN, champion d&rsquo;Europe junior en titre de descente VTT Marathon, a remport\u00e9 le week-end dernier la 3\u00e8me [&hellip;]\" \/>\n<meta property=\"og:url\" content=\"https:\/\/www.aclanester56.com\/velo\/guillaume-coquen-remporte-la-3eme-manche-de-la-coupe-deurope-de-descente-vtt-marathon\/\" \/>\n<meta property=\"og:site_name\" content=\"Avenir Cycliste Lanester 56\" \/>\n<meta property=\"article:publisher\" content=\"https:\/\/www.facebook.com\/pages\/AC-Lanester-56\/190286300991242?fref=ts\" \/>\n<meta property=\"article:published_time\" content=\"2011-09-04T21:27:35+00:00\" \/>\n<meta property=\"article:modified_time\" content=\"2011-09-12T20:53:32+00:00\" \/>\n<meta property=\"og:image\" content=\"https:\/\/www.aclanester56.com\/velo\/wp-content\/uploads\/2011\/09\/Guillaume-Coquen-Are-Su\u00e8de-Copie.jpg\" \/>\n\t<meta property=\"og:image:width\" content=\"650\" \/>\n\t<meta property=\"og:image:height\" content=\"300\" \/>\n\t<meta property=\"og:image:type\" content=\"image\/jpeg\" \/>\n<meta name=\"author\" content=\"Jean-Christophe\" \/>\n<meta name=\"twitter:label1\" content=\"\u00c9crit par\" \/>\n\t<meta name=\"twitter:data1\" content=\"Jean-Christophe\" \/>\n\t<meta name=\"twitter:label2\" content=\"Dur\u00e9e de lecture estim\u00e9e\" \/>\n\t<meta name=\"twitter:data2\" content=\"2 minutes\" \/>\n<script type=\"application\/ld+json\" class=\"yoast-schema-graph\">{\"@context\":\"https:\\\/\\\/schema.org\",\"@graph\":[{\"@type\":\"Article\",\"@id\":\"https:\\\/\\\/www.aclanester56.com\\\/velo\\\/guillaume-coquen-remporte-la-3eme-manche-de-la-coupe-deurope-de-descente-vtt-marathon\\\/#article\",\"isPartOf\":{\"@id\":\"https:\\\/\\\/www.aclanester56.com\\\/velo\\\/guillaume-coquen-remporte-la-3eme-manche-de-la-coupe-deurope-de-descente-vtt-marathon\\\/\"},\"author\":{\"name\":\"Jean-Christophe\",\"@id\":\"https:\\\/\\\/www.aclanester56.com\\\/velo\\\/#\\\/schema\\\/person\\\/ca2a44a5fd969e9dd846c72d3b33bc01\"},\"headline\":\"Guillaume Coquen remporte la 3\u00e8me manche de la Coupe d&rsquo;Europe de descente VTT Marathon !\",\"datePublished\":\"2011-09-04T21:27:35+00:00\",\"dateModified\":\"2011-09-12T20:53:32+00:00\",\"mainEntityOfPage\":{\"@id\":\"https:\\\/\\\/www.aclanester56.com\\\/velo\\\/guillaume-coquen-remporte-la-3eme-manche-de-la-coupe-deurope-de-descente-vtt-marathon\\\/\"},\"wordCount\":342,\"commentCount\":0,\"publisher\":{\"@id\":\"https:\\\/\\\/www.aclanester56.com\\\/velo\\\/#organization\"},\"image\":{\"@id\":\"https:\\\/\\\/www.aclanester56.com\\\/velo\\\/guillaume-coquen-remporte-la-3eme-manche-de-la-coupe-deurope-de-descente-vtt-marathon\\\/#primaryimage\"},\"thumbnailUrl\":\"https:\\\/\\\/www.aclanester56.com\\\/velo\\\/wp-content\\\/uploads\\\/2011\\\/09\\\/Guillaume-Coquen-Are-Su\u00e8de-Copie.jpg\",\"articleSection\":[\"AC LANESTER 56\",\"R\u00e9sultats Juniors\"],\"inLanguage\":\"fr-FR\",\"potentialAction\":[{\"@type\":\"CommentAction\",\"name\":\"Comment\",\"target\":[\"https:\\\/\\\/www.aclanester56.com\\\/velo\\\/guillaume-coquen-remporte-la-3eme-manche-de-la-coupe-deurope-de-descente-vtt-marathon\\\/#respond\"]}]},{\"@type\":\"WebPage\",\"@id\":\"https:\\\/\\\/www.aclanester56.com\\\/velo\\\/guillaume-coquen-remporte-la-3eme-manche-de-la-coupe-deurope-de-descente-vtt-marathon\\\/\",\"url\":\"https:\\\/\\\/www.aclanester56.com\\\/velo\\\/guillaume-coquen-remporte-la-3eme-manche-de-la-coupe-deurope-de-descente-vtt-marathon\\\/\",\"name\":\"Guillaume Coquen remporte la 3\u00e8me manche de la Coupe d'Europe de descente VTT Marathon ! - Avenir Cycliste Lanester 56\",\"isPartOf\":{\"@id\":\"https:\\\/\\\/www.aclanester56.com\\\/velo\\\/#website\"},\"primaryImageOfPage\":{\"@id\":\"https:\\\/\\\/www.aclanester56.com\\\/velo\\\/guillaume-coquen-remporte-la-3eme-manche-de-la-coupe-deurope-de-descente-vtt-marathon\\\/#primaryimage\"},\"image\":{\"@id\":\"https:\\\/\\\/www.aclanester56.com\\\/velo\\\/guillaume-coquen-remporte-la-3eme-manche-de-la-coupe-deurope-de-descente-vtt-marathon\\\/#primaryimage\"},\"thumbnailUrl\":\"https:\\\/\\\/www.aclanester56.com\\\/velo\\\/wp-content\\\/uploads\\\/2011\\\/09\\\/Guillaume-Coquen-Are-Su\u00e8de-Copie.jpg\",\"datePublished\":\"2011-09-04T21:27:35+00:00\",\"dateModified\":\"2011-09-12T20:53:32+00:00\",\"inLanguage\":\"fr-FR\",\"potentialAction\":[{\"@type\":\"ReadAction\",\"target\":[\"https:\\\/\\\/www.aclanester56.com\\\/velo\\\/guillaume-coquen-remporte-la-3eme-manche-de-la-coupe-deurope-de-descente-vtt-marathon\\\/\"]}]},{\"@type\":\"ImageObject\",\"inLanguage\":\"fr-FR\",\"@id\":\"https:\\\/\\\/www.aclanester56.com\\\/velo\\\/guillaume-coquen-remporte-la-3eme-manche-de-la-coupe-deurope-de-descente-vtt-marathon\\\/#primaryimage\",\"url\":\"https:\\\/\\\/www.aclanester56.com\\\/velo\\\/wp-content\\\/uploads\\\/2011\\\/09\\\/Guillaume-Coquen-Are-Su\u00e8de-Copie.jpg\",\"contentUrl\":\"https:\\\/\\\/www.aclanester56.com\\\/velo\\\/wp-content\\\/uploads\\\/2011\\\/09\\\/Guillaume-Coquen-Are-Su\u00e8de-Copie.jpg\",\"width\":650,\"height\":300},{\"@type\":\"WebSite\",\"@id\":\"https:\\\/\\\/www.aclanester56.com\\\/velo\\\/#website\",\"url\":\"https:\\\/\\\/www.aclanester56.com\\\/velo\\\/\",\"name\":\"Avenir Cycliste Lanester 56\",\"description\":\"Club cycliste de l&#039;AC LANESTER 56\",\"publisher\":{\"@id\":\"https:\\\/\\\/www.aclanester56.com\\\/velo\\\/#organization\"},\"potentialAction\":[{\"@type\":\"SearchAction\",\"target\":{\"@type\":\"EntryPoint\",\"urlTemplate\":\"https:\\\/\\\/www.aclanester56.com\\\/velo\\\/?s={search_term_string}\"},\"query-input\":{\"@type\":\"PropertyValueSpecification\",\"valueRequired\":true,\"valueName\":\"search_term_string\"}}],\"inLanguage\":\"fr-FR\"},{\"@type\":\"Organization\",\"@id\":\"https:\\\/\\\/www.aclanester56.com\\\/velo\\\/#organization\",\"name\":\"Avenir Cycliste Lanester 56\",\"url\":\"https:\\\/\\\/www.aclanester56.com\\\/velo\\\/\",\"logo\":{\"@type\":\"ImageObject\",\"inLanguage\":\"fr-FR\",\"@id\":\"https:\\\/\\\/www.aclanester56.com\\\/velo\\\/#\\\/schema\\\/logo\\\/image\\\/\",\"url\":\"https:\\\/\\\/www.aclanester56.com\\\/velo\\\/wp-content\\\/uploads\\\/2013\\\/04\\\/logo-ACL.jpg\",\"contentUrl\":\"https:\\\/\\\/www.aclanester56.com\\\/velo\\\/wp-content\\\/uploads\\\/2013\\\/04\\\/logo-ACL.jpg\",\"width\":400,\"height\":334,\"caption\":\"Avenir Cycliste Lanester 56\"},\"image\":{\"@id\":\"https:\\\/\\\/www.aclanester56.com\\\/velo\\\/#\\\/schema\\\/logo\\\/image\\\/\"},\"sameAs\":[\"https:\\\/\\\/www.facebook.com\\\/pages\\\/AC-Lanester-56\\\/190286300991242?fref=ts\"]},{\"@type\":\"Person\",\"@id\":\"https:\\\/\\\/www.aclanester56.com\\\/velo\\\/#\\\/schema\\\/person\\\/ca2a44a5fd969e9dd846c72d3b33bc01\",\"name\":\"Jean-Christophe\",\"url\":\"https:\\\/\\\/www.aclanester56.com\\\/velo\\\/author\\\/jeanchristophe\\\/\"}]}<\/script>\n<!-- \/ Yoast SEO plugin. -->","yoast_head_json":{"title":"Guillaume Coquen remporte la 3\u00e8me manche de la Coupe d'Europe de descente VTT Marathon ! - Avenir Cycliste Lanester 56","robots":{"index":"index","follow":"follow","max-snippet":"max-snippet:-1","max-image-preview":"max-image-preview:large","max-video-preview":"max-video-preview:-1"},"canonical":"https:\/\/www.aclanester56.com\/velo\/guillaume-coquen-remporte-la-3eme-manche-de-la-coupe-deurope-de-descente-vtt-marathon\/","og_locale":"fr_FR","og_type":"article","og_title":"Guillaume Coquen remporte la 3\u00e8me manche de la Coupe d'Europe de descente VTT Marathon ! - Avenir Cycliste Lanester 56","og_description":"Le Lanest\u00e9rien Guillaume COQUEN, champion d&rsquo;Europe junior en titre de descente VTT Marathon, a remport\u00e9 le week-end dernier la 3\u00e8me [&hellip;]","og_url":"https:\/\/www.aclanester56.com\/velo\/guillaume-coquen-remporte-la-3eme-manche-de-la-coupe-deurope-de-descente-vtt-marathon\/","og_site_name":"Avenir Cycliste Lanester 56","article_publisher":"https:\/\/www.facebook.com\/pages\/AC-Lanester-56\/190286300991242?fref=ts","article_published_time":"2011-09-04T21:27:35+00:00","article_modified_time":"2011-09-12T20:53:32+00:00","og_image":[{"width":650,"height":300,"url":"https:\/\/www.aclanester56.com\/velo\/wp-content\/uploads\/2011\/09\/Guillaume-Coquen-Are-Su\u00e8de-Copie.jpg","type":"image\/jpeg"}],"author":"Jean-Christophe","twitter_misc":{"\u00c9crit par":"Jean-Christophe","Dur\u00e9e de lecture estim\u00e9e":"2 minutes"},"schema":{"@context":"https:\/\/schema.org","@graph":[{"@type":"Article","@id":"https:\/\/www.aclanester56.com\/velo\/guillaume-coquen-remporte-la-3eme-manche-de-la-coupe-deurope-de-descente-vtt-marathon\/#article","isPartOf":{"@id":"https:\/\/www.aclanester56.com\/velo\/guillaume-coquen-remporte-la-3eme-manche-de-la-coupe-deurope-de-descente-vtt-marathon\/"},"author":{"name":"Jean-Christophe","@id":"https:\/\/www.aclanester56.com\/velo\/#\/schema\/person\/ca2a44a5fd969e9dd846c72d3b33bc01"},"headline":"Guillaume Coquen remporte la 3\u00e8me manche de la Coupe d&rsquo;Europe de descente VTT Marathon !","datePublished":"2011-09-04T21:27:35+00:00","dateModified":"2011-09-12T20:53:32+00:00","mainEntityOfPage":{"@id":"https:\/\/www.aclanester56.com\/velo\/guillaume-coquen-remporte-la-3eme-manche-de-la-coupe-deurope-de-descente-vtt-marathon\/"},"wordCount":342,"commentCount":0,"publisher":{"@id":"https:\/\/www.aclanester56.com\/velo\/#organization"},"image":{"@id":"https:\/\/www.aclanester56.com\/velo\/guillaume-coquen-remporte-la-3eme-manche-de-la-coupe-deurope-de-descente-vtt-marathon\/#primaryimage"},"thumbnailUrl":"https:\/\/www.aclanester56.com\/velo\/wp-content\/uploads\/2011\/09\/Guillaume-Coquen-Are-Su\u00e8de-Copie.jpg","articleSection":["AC LANESTER 56","R\u00e9sultats Juniors"],"inLanguage":"fr-FR","potentialAction":[{"@type":"CommentAction","name":"Comment","target":["https:\/\/www.aclanester56.com\/velo\/guillaume-coquen-remporte-la-3eme-manche-de-la-coupe-deurope-de-descente-vtt-marathon\/#respond"]}]},{"@type":"WebPage","@id":"https:\/\/www.aclanester56.com\/velo\/guillaume-coquen-remporte-la-3eme-manche-de-la-coupe-deurope-de-descente-vtt-marathon\/","url":"https:\/\/www.aclanester56.com\/velo\/guillaume-coquen-remporte-la-3eme-manche-de-la-coupe-deurope-de-descente-vtt-marathon\/","name":"Guillaume Coquen remporte la 3\u00e8me manche de la Coupe d'Europe de descente VTT Marathon ! - Avenir Cycliste Lanester 56","isPartOf":{"@id":"https:\/\/www.aclanester56.com\/velo\/#website"},"primaryImageOfPage":{"@id":"https:\/\/www.aclanester56.com\/velo\/guillaume-coquen-remporte-la-3eme-manche-de-la-coupe-deurope-de-descente-vtt-marathon\/#primaryimage"},"image":{"@id":"https:\/\/www.aclanester56.com\/velo\/guillaume-coquen-remporte-la-3eme-manche-de-la-coupe-deurope-de-descente-vtt-marathon\/#primaryimage"},"thumbnailUrl":"https:\/\/www.aclanester56.com\/velo\/wp-content\/uploads\/2011\/09\/Guillaume-Coquen-Are-Su\u00e8de-Copie.jpg","datePublished":"2011-09-04T21:27:35+00:00","dateModified":"2011-09-12T20:53:32+00:00","inLanguage":"fr-FR","potentialAction":[{"@type":"ReadAction","target":["https:\/\/www.aclanester56.com\/velo\/guillaume-coquen-remporte-la-3eme-manche-de-la-coupe-deurope-de-descente-vtt-marathon\/"]}]},{"@type":"ImageObject","inLanguage":"fr-FR","@id":"https:\/\/www.aclanester56.com\/velo\/guillaume-coquen-remporte-la-3eme-manche-de-la-coupe-deurope-de-descente-vtt-marathon\/#primaryimage","url":"https:\/\/www.aclanester56.com\/velo\/wp-content\/uploads\/2011\/09\/Guillaume-Coquen-Are-Su\u00e8de-Copie.jpg","contentUrl":"https:\/\/www.aclanester56.com\/velo\/wp-content\/uploads\/2011\/09\/Guillaume-Coquen-Are-Su\u00e8de-Copie.jpg","width":650,"height":300},{"@type":"WebSite","@id":"https:\/\/www.aclanester56.com\/velo\/#website","url":"https:\/\/www.aclanester56.com\/velo\/","name":"Avenir Cycliste Lanester 56","description":"Club cycliste de l&#039;AC LANESTER 56","publisher":{"@id":"https:\/\/www.aclanester56.com\/velo\/#organization"},"potentialAction":[{"@type":"SearchAction","target":{"@type":"EntryPoint","urlTemplate":"https:\/\/www.aclanester56.com\/velo\/?s={search_term_string}"},"query-input":{"@type":"PropertyValueSpecification","valueRequired":true,"valueName":"search_term_string"}}],"inLanguage":"fr-FR"},{"@type":"Organization","@id":"https:\/\/www.aclanester56.com\/velo\/#organization","name":"Avenir Cycliste Lanester 56","url":"https:\/\/www.aclanester56.com\/velo\/","logo":{"@type":"ImageObject","inLanguage":"fr-FR","@id":"https:\/\/www.aclanester56.com\/velo\/#\/schema\/logo\/image\/","url":"https:\/\/www.aclanester56.com\/velo\/wp-content\/uploads\/2013\/04\/logo-ACL.jpg","contentUrl":"https:\/\/www.aclanester56.com\/velo\/wp-content\/uploads\/2013\/04\/logo-ACL.jpg","width":400,"height":334,"caption":"Avenir Cycliste Lanester 56"},"image":{"@id":"https:\/\/www.aclanester56.com\/velo\/#\/schema\/logo\/image\/"},"sameAs":["https:\/\/www.facebook.com\/pages\/AC-Lanester-56\/190286300991242?fref=ts"]},{"@type":"Person","@id":"https:\/\/www.aclanester56.com\/velo\/#\/schema\/person\/ca2a44a5fd969e9dd846c72d3b33bc01","name":"Jean-Christophe","url":"https:\/\/www.aclanester56.com\/velo\/author\/jeanchristophe\/"}]}},"_links":{"self":[{"href":"https:\/\/www.aclanester56.com\/velo\/wp-json\/wp\/v2\/posts\/9540","targetHints":{"allow":["GET"]}}],"collection":[{"href":"https:\/\/www.aclanester56.com\/velo\/wp-json\/wp\/v2\/posts"}],"about":[{"href":"https:\/\/www.aclanester56.com\/velo\/wp-json\/wp\/v2\/types\/post"}],"author":[{"embeddable":true,"href":"https:\/\/www.aclanester56.com\/velo\/wp-json\/wp\/v2\/users\/14"}],"replies":[{"embeddable":true,"href":"https:\/\/www.aclanester56.com\/velo\/wp-json\/wp\/v2\/comments?post=9540"}],"version-history":[{"count":0,"href":"https:\/\/www.aclanester56.com\/velo\/wp-json\/wp\/v2\/posts\/9540\/revisions"}],"wp:featuredmedia":[{"embeddable":true,"href":"https:\/\/www.aclanester56.com\/velo\/wp-json\/wp\/v2\/media\/9555"}],"wp:attachment":[{"href":"https:\/\/www.aclanester56.com\/velo\/wp-json\/wp\/v2\/media?parent=9540"}],"wp:term":[{"taxonomy":"category","embeddable":true,"href":"https:\/\/www.aclanester56.com\/velo\/wp-json\/wp\/v2\/categories?post=9540"},{"taxonomy":"post_tag","embeddable":true,"href":"https:\/\/www.aclanester56.com\/velo\/wp-json\/wp\/v2\/tags?post=9540"}],"curies":[{"name":"wp","href":"https:\/\/api.w.org\/{rel}","templated":true}]}}