{"id":9613,"date":"2011-09-12T21:53:08","date_gmt":"2011-09-12T20:53:08","guid":{"rendered":"http:\/\/www.aclanester56.com\/velo\/?p=9613"},"modified":"2011-09-16T18:12:53","modified_gmt":"2011-09-16T17:12:53","slug":"resultats-du-week-end-15","status":"publish","type":"post","link":"https:\/\/www.aclanester56.com\/velo\/resultats-du-week-end-15\/","title":{"rendered":"R\u00e9sultats du week-end"},"content":{"rendered":"<div id=\"attachment_9614\" style=\"width: 215px\" class=\"wp-caption alignleft\"><a href=\"http:\/\/www.aclanester56.com\/velo\/wp-content\/uploads\/2011\/09\/Ronde-du-Pays-de-Dinan-Poilvet.jpg\"><img loading=\"lazy\" decoding=\"async\" aria-describedby=\"caption-attachment-9614\" src=\"http:\/\/www.aclanester56.com\/velo\/wp-content\/uploads\/2011\/09\/Ronde-du-Pays-de-Dinan-Poilvet.jpg\" alt=\"\" title=\"Ludovic Poilvet termine 2\u00e8me de la Ronde du Pays de Dinan, pris dans la tenaille des fr\u00e8res Le Breton (photo www.bretagne-cyclisme.com)\" width=\"205\" height=\"300\" class=\"size-full wp-image-9614\" srcset=\"https:\/\/www.aclanester56.com\/velo\/wp-content\/uploads\/2011\/09\/Ronde-du-Pays-de-Dinan-Poilvet.jpg 411w, https:\/\/www.aclanester56.com\/velo\/wp-content\/uploads\/2011\/09\/Ronde-du-Pays-de-Dinan-Poilvet-205x300.jpg 205w\" sizes=\"auto, (max-width: 205px) 100vw, 205px\" \/><\/a><p id=\"caption-attachment-9614\" class=\"wp-caption-text\">Ludovic Poilvet termine 2\u00e8me de la Ronde du Pays de Dinan, pris dans la tenaille des fr\u00e8res Le Breton (photo www.bretagne-cyclisme.com)<\/p><\/div>\n<p style=\"text-align: justify;\">La fin de saison approche pour les jeunes Lanest\u00e9riens&#8230; Ce week-end, Ludovic POILVET termine 2\u00e8me de la Ronde du Pays de Dinan au Hingl\u00e9, remportant du m\u00eame coup le challenge de la CODI (Communaut\u00e9 de Communes de Dinan) !<\/p>\n<p><!--more--><\/p>\n<p style=\"text-align: center;\"><span style=\"color: #ff6600;\"><strong>***** \u00a0 \u00a0 Pupilles \u00a0 \u00a0 *****<\/strong><\/span><\/p>\n<p><span style=\"text-decoration: underline;\"><strong>Allaire :<\/strong><\/span><br \/>\n1\u00a0Cushway\u00a0Charles\u00a0UCP Josselin<br \/>\n2\u00a0Dupuis\u00a0Valentin\u00a0VC Pl\u00e9lanais<br \/>\n3\u00a0Tomassacci\u00a0Romain\u00a0UC Alr\u00e9enne<br \/>\n4\u00a0Tregouet\u00a0Louison\u00a0SC Malestroit<br \/>\n5\u00a0Cotto\u00a0Pierre\u00a0VC Pl\u00e9lanais<br \/>\n<span style=\"background-color: #ff6600;\">13\u00a0Bonno\u00a0Paul\u00a0AC Lanester 56<\/span><\/p>\n<p style=\"text-align: center;\"><span style=\"color: #ff6600;\"><strong>***** \u00a0 \u00a0 Minimes \u00a0 \u00a0 *****<\/strong><\/span><\/p>\n<p><span style=\"text-decoration: underline;\"><strong>Allaire :<\/strong><\/span><br \/>\n1\u00a0Leclaire\u00a0Bryan\u00a0US Pontchateau<br \/>\n2\u00a0Gaudin \u00a0K\u00e9vin \u00a0REDON OC<br \/>\n3\u00a0Lucas\u00a0Emilien\u00a0REDON OC<br \/>\n4\u00a0Simon\u00a0Antoine\u00a0US LA GACILLY<br \/>\n5\u00a0Pessel\u00a0Vincent\u00a0UC Alr\u00e9enne<br \/>\n<span style=\"background-color: #ff6600;\">11\u00a0Desbois\u00a0Benjamin\u00a0AC Lanester 56<\/span><\/p>\n<p style=\"text-align: center;\"><span style=\"color: #ff6600;\"><strong>***** \u00a0 \u00a0 Cadets \u00a0 \u00a0 *****<\/strong><\/span><\/p>\n<p><span style=\"text-decoration: underline;\"><strong>Lorient Lanveur :<\/strong><\/span><br \/>\n1 Alex Morice V\u00e9loce Vannetais Cyclisme<br \/>\n2 Antoine Prod&rsquo;homme CC Moncontour<br \/>\n3 Julien Cordroch UCP Plouay<br \/>\n<span style=\"background-color: #ff6600;\">4 Nicolas Primas AC Lanester 56<\/span><br \/>\n5 Maxime J\u00e9gat ACP Baud<br \/>\n<span style=\"background-color: #ff6600;\">7 Melvyn le hen AC Lanester 56<\/span><br \/>\n<span style=\"background-color: #ff6600;\">13 Cl\u00e9ment Henry AC Lanester 56<\/span><br \/>\n<span style=\"background-color: #ff6600;\">14 Kevin Barguil AC Lanester 56<\/span><br \/>\n<span style=\"background-color: #ff6600;\">15 Vincent Teirlynck AC Lanester 56<\/span><\/p>\n<p style=\"text-align: center;\"><span style=\"color: #ff6600;\"><strong>***** \u00a0 \u00a0 3\u00e8me Cat et Juniors \u00a0 \u00a0 *****<\/strong><\/span><\/p>\n<p><span style=\"text-decoration: underline;\"><strong>R\u00e9d\u00e9n\u00e9 :<\/strong><\/span><br \/>\n1\u00a0LE GALL\u00a0JORDAN\u00a0VC LANGUIDIC\u00a0JUNIOR<br \/>\n2\u00a0LE DU\u00a0Herv\u00e9\u00a0EC QUEVENOISE\u00a0PCpen (D1)<br \/>\n3\u00a0VIGOUROUX\u00a0Yann\u00a0UC QUIMPERLOISE\u00a03\u00e8me Cat<br \/>\n4\u00a0LARGENTON\u00a0ERWANN\u00a0UC QUIMPERLOISE\u00a03\u00e8me<br \/>\n5\u00a0LE NAUTROU\u00a0Nicolas\u00a0VC CHATEAULINOIS\u00a03\u00e8me Cat<br \/>\n<span style=\"background-color: #ff6600;\">11\u00a0COQUEN\u00a0Guillaume\u00a0AC LANESTER 56\u00a0Junior<\/span><\/p>\n<p style=\"text-align: center;\"><span style=\"color: #ff6600;\"><strong>***** \u00a0 \u00a0 1\u00e8re, 2\u00e8me et 3\u00e8me Cat et Juniors \u00a0 \u00a0 *****<\/strong><\/span><\/p>\n<p><span style=\"text-decoration: underline;\"><strong>Le Hingl\u00e9 (Ronde du Pays de Dinan &#8211; Souvenir Thomas Puche) :<\/strong><\/span><br \/>\n1 LEBRETON Romain GUIDON CHALETTOIS 1\u00e8re<br \/>\n<span style=\"background-color: #ff6600;\">2 POILVET Ludovic AC LANESTER 56 1\u00e8re<\/span><br \/>\n3 LEBRETON M\u00e9ven GUIDON CHALETTOIS 1\u00e8re<br \/>\n4 LE MONTAGNER BENJAMIN COTES D`ARMOR CYCL. 1\u00e8re<br \/>\n5 DIGUET CHRISTOPHE LAVAL CYCLISME 53 1\u00e8re<br \/>\n<span style=\"background-color: #ff6600;\">12 RAGOT Vincent AC LANESTER 56 1\u00e8re<\/span><br \/>\n<span style=\"background-color: #ff6600;\">22 GUEGO Vincent AC LANESTER 56 1\u00e8re<\/span><\/p>\n<p>&nbsp;<\/p>\n<p><span style=\"text-decoration: underline;\"><strong>\u00a0Classement final du challenge Communaut\u00e9 des Communes du Pays de Dinan :<\/strong><\/span><br \/>\n<span style=\"background-color: #ff6600;\">1 POILVET \u00a0Ludovic AC Lanester 56<\/span><br \/>\n2\u00a0BERET Lionel\u00a0 Leuc\u00e9mie Espoir<br \/>\n3\u00a0LE MONTAGNER Benjamin\u00a0Cotes d&rsquo;armor<br \/>\n<span style=\"background-color: #ff6600;\">4\u00a0RAGOT Vincent\u00a0AC Lanester 56<\/span><br \/>\n5\u00a0DIGUET Christophe Laval Cyclisme 53<br \/>\n<span style=\"background-color: #ff6600;\">11\u00a0GUEGO Vincent\u00a0AC Lanester 56<\/span><\/p>\n<p><span style=\"text-decoration: underline;\"><strong>Bannalec (Troph\u00e9e Aven Moros) :<\/strong><\/span><br \/>\n1 Piotr Zielinski (VCP Lorient)<br \/>\n2 Steven Martin (Sojasun Espoir ACNC)<br \/>\n3 St\u00e9fan Ravaleu (UC Briochine)<br \/>\n4 Meven Lebreton (Guidon Chalettois)<br \/>\n5 Antoine Loreau (VCP Lorient)<br \/>\n<span style=\"background-color: #ff6600;\">9 Christophe Balannec (AC Lanester 56)\u00a0<\/span><br \/>\n<span style=\"background-color: #ff6600;\">12 Anthony Mira (AC Lanester 56)\u00a0<\/span><br \/>\n<span style=\"background-color: #ff6600;\">14 Ma\u00ebl Nivinou (AC Lanester 56)\u00a0<\/span><\/p>\n<p>&nbsp;<\/p>\n","protected":false},"excerpt":{"rendered":"<p>La fin de saison approche pour les jeunes Lanest\u00e9riens&#8230; Ce week-end, Ludovic POILVET termine 2\u00e8me de la Ronde du Pays [&hellip;]<\/p>\n","protected":false},"author":14,"featured_media":9618,"comment_status":"open","ping_status":"closed","sticky":false,"template":"","format":"standard","meta":{"ngg_post_thumbnail":0,"footnotes":""},"categories":[5,14,18,22,17,24],"tags":[],"class_list":["post-9613","post","type-post","status-publish","format-standard","has-post-thumbnail","hentry","category-ac-lanester-56","category-actualites-dn","category-resultats-3eme-categorie","category-resultats-cadets","category-resultats-dn","category-resultats-ecole-de-cyclisme"],"yoast_head":"<!-- This site is optimized with the Yoast SEO plugin v27.5 - https:\/\/yoast.com\/product\/yoast-seo-wordpress\/ -->\n<title>R\u00e9sultats du week-end - Avenir Cycliste Lanester 56<\/title>\n<meta name=\"robots\" content=\"index, follow, max-snippet:-1, max-image-preview:large, max-video-preview:-1\" \/>\n<link rel=\"canonical\" href=\"https:\/\/www.aclanester56.com\/velo\/resultats-du-week-end-15\/\" \/>\n<meta property=\"og:locale\" content=\"fr_FR\" \/>\n<meta property=\"og:type\" content=\"article\" \/>\n<meta property=\"og:title\" content=\"R\u00e9sultats du week-end - Avenir Cycliste Lanester 56\" \/>\n<meta property=\"og:description\" content=\"La fin de saison approche pour les jeunes Lanest\u00e9riens&#8230; Ce week-end, Ludovic POILVET termine 2\u00e8me de la Ronde du Pays [&hellip;]\" \/>\n<meta property=\"og:url\" content=\"https:\/\/www.aclanester56.com\/velo\/resultats-du-week-end-15\/\" \/>\n<meta property=\"og:site_name\" content=\"Avenir Cycliste Lanester 56\" \/>\n<meta property=\"article:publisher\" content=\"https:\/\/www.facebook.com\/pages\/AC-Lanester-56\/190286300991242?fref=ts\" \/>\n<meta property=\"article:published_time\" content=\"2011-09-12T20:53:08+00:00\" \/>\n<meta property=\"article:modified_time\" content=\"2011-09-16T17:12:53+00:00\" \/>\n<meta property=\"og:image\" content=\"https:\/\/www.aclanester56.com\/velo\/wp-content\/uploads\/2011\/09\/Ronde-du-Pays-de-Dinan-Poilvet-Copie.jpg\" \/>\n\t<meta property=\"og:image:width\" content=\"650\" \/>\n\t<meta property=\"og:image:height\" content=\"300\" \/>\n\t<meta property=\"og:image:type\" content=\"image\/jpeg\" \/>\n<meta name=\"author\" content=\"Jean-Christophe\" \/>\n<meta name=\"twitter:label1\" content=\"\u00c9crit par\" \/>\n\t<meta name=\"twitter:data1\" content=\"Jean-Christophe\" \/>\n\t<meta name=\"twitter:label2\" content=\"Dur\u00e9e de lecture estim\u00e9e\" \/>\n\t<meta name=\"twitter:data2\" content=\"2 minutes\" \/>\n<script type=\"application\/ld+json\" class=\"yoast-schema-graph\">{\"@context\":\"https:\\\/\\\/schema.org\",\"@graph\":[{\"@type\":\"Article\",\"@id\":\"https:\\\/\\\/www.aclanester56.com\\\/velo\\\/resultats-du-week-end-15\\\/#article\",\"isPartOf\":{\"@id\":\"https:\\\/\\\/www.aclanester56.com\\\/velo\\\/resultats-du-week-end-15\\\/\"},\"author\":{\"name\":\"Jean-Christophe\",\"@id\":\"https:\\\/\\\/www.aclanester56.com\\\/velo\\\/#\\\/schema\\\/person\\\/ca2a44a5fd969e9dd846c72d3b33bc01\"},\"headline\":\"R\u00e9sultats du week-end\",\"datePublished\":\"2011-09-12T20:53:08+00:00\",\"dateModified\":\"2011-09-16T17:12:53+00:00\",\"mainEntityOfPage\":{\"@id\":\"https:\\\/\\\/www.aclanester56.com\\\/velo\\\/resultats-du-week-end-15\\\/\"},\"wordCount\":357,\"commentCount\":0,\"publisher\":{\"@id\":\"https:\\\/\\\/www.aclanester56.com\\\/velo\\\/#organization\"},\"image\":{\"@id\":\"https:\\\/\\\/www.aclanester56.com\\\/velo\\\/resultats-du-week-end-15\\\/#primaryimage\"},\"thumbnailUrl\":\"https:\\\/\\\/www.aclanester56.com\\\/velo\\\/wp-content\\\/uploads\\\/2011\\\/09\\\/Ronde-du-Pays-de-Dinan-Poilvet-Copie.jpg\",\"articleSection\":[\"AC LANESTER 56\",\"Actualit\u00e9s DN\",\"R\u00e9sultats 3eme cat\u00e9gorie\",\"R\u00e9sultats Cadets\",\"R\u00e9sultats DN\",\"R\u00e9sultats Ecole de cyclisme\"],\"inLanguage\":\"fr-FR\",\"potentialAction\":[{\"@type\":\"CommentAction\",\"name\":\"Comment\",\"target\":[\"https:\\\/\\\/www.aclanester56.com\\\/velo\\\/resultats-du-week-end-15\\\/#respond\"]}]},{\"@type\":\"WebPage\",\"@id\":\"https:\\\/\\\/www.aclanester56.com\\\/velo\\\/resultats-du-week-end-15\\\/\",\"url\":\"https:\\\/\\\/www.aclanester56.com\\\/velo\\\/resultats-du-week-end-15\\\/\",\"name\":\"R\u00e9sultats du week-end - Avenir Cycliste Lanester 56\",\"isPartOf\":{\"@id\":\"https:\\\/\\\/www.aclanester56.com\\\/velo\\\/#website\"},\"primaryImageOfPage\":{\"@id\":\"https:\\\/\\\/www.aclanester56.com\\\/velo\\\/resultats-du-week-end-15\\\/#primaryimage\"},\"image\":{\"@id\":\"https:\\\/\\\/www.aclanester56.com\\\/velo\\\/resultats-du-week-end-15\\\/#primaryimage\"},\"thumbnailUrl\":\"https:\\\/\\\/www.aclanester56.com\\\/velo\\\/wp-content\\\/uploads\\\/2011\\\/09\\\/Ronde-du-Pays-de-Dinan-Poilvet-Copie.jpg\",\"datePublished\":\"2011-09-12T20:53:08+00:00\",\"dateModified\":\"2011-09-16T17:12:53+00:00\",\"inLanguage\":\"fr-FR\",\"potentialAction\":[{\"@type\":\"ReadAction\",\"target\":[\"https:\\\/\\\/www.aclanester56.com\\\/velo\\\/resultats-du-week-end-15\\\/\"]}]},{\"@type\":\"ImageObject\",\"inLanguage\":\"fr-FR\",\"@id\":\"https:\\\/\\\/www.aclanester56.com\\\/velo\\\/resultats-du-week-end-15\\\/#primaryimage\",\"url\":\"https:\\\/\\\/www.aclanester56.com\\\/velo\\\/wp-content\\\/uploads\\\/2011\\\/09\\\/Ronde-du-Pays-de-Dinan-Poilvet-Copie.jpg\",\"contentUrl\":\"https:\\\/\\\/www.aclanester56.com\\\/velo\\\/wp-content\\\/uploads\\\/2011\\\/09\\\/Ronde-du-Pays-de-Dinan-Poilvet-Copie.jpg\",\"width\":650,\"height\":300},{\"@type\":\"WebSite\",\"@id\":\"https:\\\/\\\/www.aclanester56.com\\\/velo\\\/#website\",\"url\":\"https:\\\/\\\/www.aclanester56.com\\\/velo\\\/\",\"name\":\"Avenir Cycliste Lanester 56\",\"description\":\"Club cycliste de l&#039;AC LANESTER 56\",\"publisher\":{\"@id\":\"https:\\\/\\\/www.aclanester56.com\\\/velo\\\/#organization\"},\"potentialAction\":[{\"@type\":\"SearchAction\",\"target\":{\"@type\":\"EntryPoint\",\"urlTemplate\":\"https:\\\/\\\/www.aclanester56.com\\\/velo\\\/?s={search_term_string}\"},\"query-input\":{\"@type\":\"PropertyValueSpecification\",\"valueRequired\":true,\"valueName\":\"search_term_string\"}}],\"inLanguage\":\"fr-FR\"},{\"@type\":\"Organization\",\"@id\":\"https:\\\/\\\/www.aclanester56.com\\\/velo\\\/#organization\",\"name\":\"Avenir Cycliste Lanester 56\",\"url\":\"https:\\\/\\\/www.aclanester56.com\\\/velo\\\/\",\"logo\":{\"@type\":\"ImageObject\",\"inLanguage\":\"fr-FR\",\"@id\":\"https:\\\/\\\/www.aclanester56.com\\\/velo\\\/#\\\/schema\\\/logo\\\/image\\\/\",\"url\":\"https:\\\/\\\/www.aclanester56.com\\\/velo\\\/wp-content\\\/uploads\\\/2013\\\/04\\\/logo-ACL.jpg\",\"contentUrl\":\"https:\\\/\\\/www.aclanester56.com\\\/velo\\\/wp-content\\\/uploads\\\/2013\\\/04\\\/logo-ACL.jpg\",\"width\":400,\"height\":334,\"caption\":\"Avenir Cycliste Lanester 56\"},\"image\":{\"@id\":\"https:\\\/\\\/www.aclanester56.com\\\/velo\\\/#\\\/schema\\\/logo\\\/image\\\/\"},\"sameAs\":[\"https:\\\/\\\/www.facebook.com\\\/pages\\\/AC-Lanester-56\\\/190286300991242?fref=ts\"]},{\"@type\":\"Person\",\"@id\":\"https:\\\/\\\/www.aclanester56.com\\\/velo\\\/#\\\/schema\\\/person\\\/ca2a44a5fd969e9dd846c72d3b33bc01\",\"name\":\"Jean-Christophe\",\"url\":\"https:\\\/\\\/www.aclanester56.com\\\/velo\\\/author\\\/jeanchristophe\\\/\"}]}<\/script>\n<!-- \/ Yoast SEO plugin. -->","yoast_head_json":{"title":"R\u00e9sultats du week-end - Avenir Cycliste Lanester 56","robots":{"index":"index","follow":"follow","max-snippet":"max-snippet:-1","max-image-preview":"max-image-preview:large","max-video-preview":"max-video-preview:-1"},"canonical":"https:\/\/www.aclanester56.com\/velo\/resultats-du-week-end-15\/","og_locale":"fr_FR","og_type":"article","og_title":"R\u00e9sultats du week-end - Avenir Cycliste Lanester 56","og_description":"La fin de saison approche pour les jeunes Lanest\u00e9riens&#8230; Ce week-end, Ludovic POILVET termine 2\u00e8me de la Ronde du Pays [&hellip;]","og_url":"https:\/\/www.aclanester56.com\/velo\/resultats-du-week-end-15\/","og_site_name":"Avenir Cycliste Lanester 56","article_publisher":"https:\/\/www.facebook.com\/pages\/AC-Lanester-56\/190286300991242?fref=ts","article_published_time":"2011-09-12T20:53:08+00:00","article_modified_time":"2011-09-16T17:12:53+00:00","og_image":[{"width":650,"height":300,"url":"https:\/\/www.aclanester56.com\/velo\/wp-content\/uploads\/2011\/09\/Ronde-du-Pays-de-Dinan-Poilvet-Copie.jpg","type":"image\/jpeg"}],"author":"Jean-Christophe","twitter_misc":{"\u00c9crit par":"Jean-Christophe","Dur\u00e9e de lecture estim\u00e9e":"2 minutes"},"schema":{"@context":"https:\/\/schema.org","@graph":[{"@type":"Article","@id":"https:\/\/www.aclanester56.com\/velo\/resultats-du-week-end-15\/#article","isPartOf":{"@id":"https:\/\/www.aclanester56.com\/velo\/resultats-du-week-end-15\/"},"author":{"name":"Jean-Christophe","@id":"https:\/\/www.aclanester56.com\/velo\/#\/schema\/person\/ca2a44a5fd969e9dd846c72d3b33bc01"},"headline":"R\u00e9sultats du week-end","datePublished":"2011-09-12T20:53:08+00:00","dateModified":"2011-09-16T17:12:53+00:00","mainEntityOfPage":{"@id":"https:\/\/www.aclanester56.com\/velo\/resultats-du-week-end-15\/"},"wordCount":357,"commentCount":0,"publisher":{"@id":"https:\/\/www.aclanester56.com\/velo\/#organization"},"image":{"@id":"https:\/\/www.aclanester56.com\/velo\/resultats-du-week-end-15\/#primaryimage"},"thumbnailUrl":"https:\/\/www.aclanester56.com\/velo\/wp-content\/uploads\/2011\/09\/Ronde-du-Pays-de-Dinan-Poilvet-Copie.jpg","articleSection":["AC LANESTER 56","Actualit\u00e9s DN","R\u00e9sultats 3eme cat\u00e9gorie","R\u00e9sultats Cadets","R\u00e9sultats DN","R\u00e9sultats Ecole de cyclisme"],"inLanguage":"fr-FR","potentialAction":[{"@type":"CommentAction","name":"Comment","target":["https:\/\/www.aclanester56.com\/velo\/resultats-du-week-end-15\/#respond"]}]},{"@type":"WebPage","@id":"https:\/\/www.aclanester56.com\/velo\/resultats-du-week-end-15\/","url":"https:\/\/www.aclanester56.com\/velo\/resultats-du-week-end-15\/","name":"R\u00e9sultats du week-end - Avenir Cycliste Lanester 56","isPartOf":{"@id":"https:\/\/www.aclanester56.com\/velo\/#website"},"primaryImageOfPage":{"@id":"https:\/\/www.aclanester56.com\/velo\/resultats-du-week-end-15\/#primaryimage"},"image":{"@id":"https:\/\/www.aclanester56.com\/velo\/resultats-du-week-end-15\/#primaryimage"},"thumbnailUrl":"https:\/\/www.aclanester56.com\/velo\/wp-content\/uploads\/2011\/09\/Ronde-du-Pays-de-Dinan-Poilvet-Copie.jpg","datePublished":"2011-09-12T20:53:08+00:00","dateModified":"2011-09-16T17:12:53+00:00","inLanguage":"fr-FR","potentialAction":[{"@type":"ReadAction","target":["https:\/\/www.aclanester56.com\/velo\/resultats-du-week-end-15\/"]}]},{"@type":"ImageObject","inLanguage":"fr-FR","@id":"https:\/\/www.aclanester56.com\/velo\/resultats-du-week-end-15\/#primaryimage","url":"https:\/\/www.aclanester56.com\/velo\/wp-content\/uploads\/2011\/09\/Ronde-du-Pays-de-Dinan-Poilvet-Copie.jpg","contentUrl":"https:\/\/www.aclanester56.com\/velo\/wp-content\/uploads\/2011\/09\/Ronde-du-Pays-de-Dinan-Poilvet-Copie.jpg","width":650,"height":300},{"@type":"WebSite","@id":"https:\/\/www.aclanester56.com\/velo\/#website","url":"https:\/\/www.aclanester56.com\/velo\/","name":"Avenir Cycliste Lanester 56","description":"Club cycliste de l&#039;AC LANESTER 56","publisher":{"@id":"https:\/\/www.aclanester56.com\/velo\/#organization"},"potentialAction":[{"@type":"SearchAction","target":{"@type":"EntryPoint","urlTemplate":"https:\/\/www.aclanester56.com\/velo\/?s={search_term_string}"},"query-input":{"@type":"PropertyValueSpecification","valueRequired":true,"valueName":"search_term_string"}}],"inLanguage":"fr-FR"},{"@type":"Organization","@id":"https:\/\/www.aclanester56.com\/velo\/#organization","name":"Avenir Cycliste Lanester 56","url":"https:\/\/www.aclanester56.com\/velo\/","logo":{"@type":"ImageObject","inLanguage":"fr-FR","@id":"https:\/\/www.aclanester56.com\/velo\/#\/schema\/logo\/image\/","url":"https:\/\/www.aclanester56.com\/velo\/wp-content\/uploads\/2013\/04\/logo-ACL.jpg","contentUrl":"https:\/\/www.aclanester56.com\/velo\/wp-content\/uploads\/2013\/04\/logo-ACL.jpg","width":400,"height":334,"caption":"Avenir Cycliste Lanester 56"},"image":{"@id":"https:\/\/www.aclanester56.com\/velo\/#\/schema\/logo\/image\/"},"sameAs":["https:\/\/www.facebook.com\/pages\/AC-Lanester-56\/190286300991242?fref=ts"]},{"@type":"Person","@id":"https:\/\/www.aclanester56.com\/velo\/#\/schema\/person\/ca2a44a5fd969e9dd846c72d3b33bc01","name":"Jean-Christophe","url":"https:\/\/www.aclanester56.com\/velo\/author\/jeanchristophe\/"}]}},"_links":{"self":[{"href":"https:\/\/www.aclanester56.com\/velo\/wp-json\/wp\/v2\/posts\/9613","targetHints":{"allow":["GET"]}}],"collection":[{"href":"https:\/\/www.aclanester56.com\/velo\/wp-json\/wp\/v2\/posts"}],"about":[{"href":"https:\/\/www.aclanester56.com\/velo\/wp-json\/wp\/v2\/types\/post"}],"author":[{"embeddable":true,"href":"https:\/\/www.aclanester56.com\/velo\/wp-json\/wp\/v2\/users\/14"}],"replies":[{"embeddable":true,"href":"https:\/\/www.aclanester56.com\/velo\/wp-json\/wp\/v2\/comments?post=9613"}],"version-history":[{"count":0,"href":"https:\/\/www.aclanester56.com\/velo\/wp-json\/wp\/v2\/posts\/9613\/revisions"}],"wp:featuredmedia":[{"embeddable":true,"href":"https:\/\/www.aclanester56.com\/velo\/wp-json\/wp\/v2\/media\/9618"}],"wp:attachment":[{"href":"https:\/\/www.aclanester56.com\/velo\/wp-json\/wp\/v2\/media?parent=9613"}],"wp:term":[{"taxonomy":"category","embeddable":true,"href":"https:\/\/www.aclanester56.com\/velo\/wp-json\/wp\/v2\/categories?post=9613"},{"taxonomy":"post_tag","embeddable":true,"href":"https:\/\/www.aclanester56.com\/velo\/wp-json\/wp\/v2\/tags?post=9613"}],"curies":[{"name":"wp","href":"https:\/\/api.w.org\/{rel}","templated":true}]}}