{"id":9640,"date":"2011-09-16T19:08:46","date_gmt":"2011-09-16T18:08:46","guid":{"rendered":"http:\/\/www.aclanester56.com\/velo\/?p=9640"},"modified":"2011-09-21T21:00:44","modified_gmt":"2011-09-21T20:00:44","slug":"reprise-des-entrainements-pour-lecole-de-cyclisme","status":"publish","type":"post","link":"https:\/\/www.aclanester56.com\/velo\/reprise-des-entrainements-pour-lecole-de-cyclisme\/","title":{"rendered":"Reprise des entra\u00eenements pour l&rsquo;Ecole de Cyclisme !"},"content":{"rendered":"<div id=\"attachment_9643\" style=\"width: 312px\" class=\"wp-caption alignleft\"><a href=\"http:\/\/www.aclanester56.com\/velo\/wp-content\/uploads\/2011\/09\/Enzo-3.jpg\"><img loading=\"lazy\" decoding=\"async\" aria-describedby=\"caption-attachment-9643\" src=\"http:\/\/www.aclanester56.com\/velo\/wp-content\/uploads\/2011\/09\/Enzo-3.jpg\" alt=\"\" title=\"Les enfants ont repris les exercices d&#039;adresse et les sprints, en toute s\u00e9curit\u00e9 sur l&#039;anneau cycliste G\u00e9rard Le Maguer ! (photo Sonia Ollivier)\" width=\"302\" height=\"226\" class=\"size-full wp-image-9643\" srcset=\"https:\/\/www.aclanester56.com\/velo\/wp-content\/uploads\/2011\/09\/Enzo-3.jpg 604w, https:\/\/www.aclanester56.com\/velo\/wp-content\/uploads\/2011\/09\/Enzo-3-300x225.jpg 300w, https:\/\/www.aclanester56.com\/velo\/wp-content\/uploads\/2011\/09\/Enzo-3-400x300.jpg 400w\" sizes=\"auto, (max-width: 302px) 100vw, 302px\" \/><\/a><p id=\"caption-attachment-9643\" class=\"wp-caption-text\">Les enfants ont repris les exercices d&#039;adresse et les sprints, en toute s\u00e9curit\u00e9 sur l&#039;anneau cycliste G\u00e9rard Le Maguer ! (photo Sonia Ollivier)<\/p><\/div>\n<p style=\"text-align: justify;\">Les futurs champions de l&rsquo;AC LANESTER 56 ont repris le chemin de l&rsquo;anneau G\u00e9rard LE MAGUER, r\u00e9nov\u00e9 cet \u00e9t\u00e9, et ont accueilli des petits nouveaux dans leurs rangs !<\/p>\n<p>&nbsp;<\/p>\n<p style=\"text-align: justify;\"><!--more--><\/p>\n<p>&nbsp;<\/p>\n<p style=\"text-align: justify;\">Les\u00a0entra\u00eenements\u00a0de l&rsquo;Ecole de Cyclisme de l&rsquo;AC LANESTER 56 ont repris le samedi 3 septembre sur l&rsquo;anneau cycliste G\u00e9rard LE MAGUER \u00e0 Lanester. Sous la houlette de Sonia OLLIVIER, nos jeunes pratiquent diff\u00e9rents exercices d&rsquo;adresse et de sprint sur la piste. Mercredi dernier, l&rsquo;\u00e9quipe a eu le plaisir d&rsquo;accueillir deux nouveaux coureurs avec Ewen et Pierre !<\/p>\n<p style=\"text-align: justify;\">Retrouvez quelques images de l&rsquo;entrainement de mercredi dernier dans notre galerie photos <a href=\"http:\/\/www.aclanester56.com\/velo\/medias\/photos\/?album=7&amp;gallery=79\" target=\"_blank\">en cliquant ici<\/a> !<\/p>\n<p style=\"text-align: justify;\"><em><strong>Remerciements \u00e0 Sonia OLLIVIER.<\/strong><\/em><\/p>\n<p>&nbsp;<\/p>\n","protected":false},"excerpt":{"rendered":"<p>Les futurs champions de l&rsquo;AC LANESTER 56 ont repris le chemin de l&rsquo;anneau G\u00e9rard LE MAGUER, r\u00e9nov\u00e9 cet \u00e9t\u00e9, et [&hellip;]<\/p>\n","protected":false},"author":14,"featured_media":9646,"comment_status":"open","ping_status":"closed","sticky":false,"template":"","format":"standard","meta":{"ngg_post_thumbnail":0,"footnotes":""},"categories":[5,24],"tags":[],"class_list":["post-9640","post","type-post","status-publish","format-standard","has-post-thumbnail","hentry","category-ac-lanester-56","category-resultats-ecole-de-cyclisme"],"yoast_head":"<!-- This site is optimized with the Yoast SEO plugin v27.5 - https:\/\/yoast.com\/product\/yoast-seo-wordpress\/ -->\n<title>Reprise des entra\u00eenements pour l&#039;Ecole de Cyclisme ! - Avenir Cycliste Lanester 56<\/title>\n<meta name=\"robots\" content=\"index, follow, max-snippet:-1, max-image-preview:large, max-video-preview:-1\" \/>\n<link rel=\"canonical\" href=\"https:\/\/www.aclanester56.com\/velo\/reprise-des-entrainements-pour-lecole-de-cyclisme\/\" \/>\n<meta property=\"og:locale\" content=\"fr_FR\" \/>\n<meta property=\"og:type\" content=\"article\" \/>\n<meta property=\"og:title\" content=\"Reprise des entra\u00eenements pour l&#039;Ecole de Cyclisme ! - Avenir Cycliste Lanester 56\" \/>\n<meta property=\"og:description\" content=\"Les futurs champions de l&rsquo;AC LANESTER 56 ont repris le chemin de l&rsquo;anneau G\u00e9rard LE MAGUER, r\u00e9nov\u00e9 cet \u00e9t\u00e9, et [&hellip;]\" \/>\n<meta property=\"og:url\" content=\"https:\/\/www.aclanester56.com\/velo\/reprise-des-entrainements-pour-lecole-de-cyclisme\/\" \/>\n<meta property=\"og:site_name\" content=\"Avenir Cycliste Lanester 56\" \/>\n<meta property=\"article:publisher\" content=\"https:\/\/www.facebook.com\/pages\/AC-Lanester-56\/190286300991242?fref=ts\" \/>\n<meta property=\"article:published_time\" content=\"2011-09-16T18:08:46+00:00\" \/>\n<meta property=\"article:modified_time\" content=\"2011-09-21T20:00:44+00:00\" \/>\n<meta property=\"og:image\" content=\"https:\/\/www.aclanester56.com\/velo\/wp-content\/uploads\/2011\/09\/Enzo-3-Copie.jpg\" \/>\n\t<meta property=\"og:image:width\" content=\"650\" \/>\n\t<meta property=\"og:image:height\" content=\"300\" \/>\n\t<meta property=\"og:image:type\" content=\"image\/jpeg\" \/>\n<meta name=\"author\" content=\"Jean-Christophe\" \/>\n<meta name=\"twitter:label1\" content=\"\u00c9crit par\" \/>\n\t<meta name=\"twitter:data1\" content=\"Jean-Christophe\" \/>\n\t<meta name=\"twitter:label2\" content=\"Dur\u00e9e de lecture estim\u00e9e\" \/>\n\t<meta name=\"twitter:data2\" content=\"1 minute\" \/>\n<script type=\"application\/ld+json\" class=\"yoast-schema-graph\">{\"@context\":\"https:\\\/\\\/schema.org\",\"@graph\":[{\"@type\":\"Article\",\"@id\":\"https:\\\/\\\/www.aclanester56.com\\\/velo\\\/reprise-des-entrainements-pour-lecole-de-cyclisme\\\/#article\",\"isPartOf\":{\"@id\":\"https:\\\/\\\/www.aclanester56.com\\\/velo\\\/reprise-des-entrainements-pour-lecole-de-cyclisme\\\/\"},\"author\":{\"name\":\"Jean-Christophe\",\"@id\":\"https:\\\/\\\/www.aclanester56.com\\\/velo\\\/#\\\/schema\\\/person\\\/ca2a44a5fd969e9dd846c72d3b33bc01\"},\"headline\":\"Reprise des entra\u00eenements pour l&rsquo;Ecole de Cyclisme !\",\"datePublished\":\"2011-09-16T18:08:46+00:00\",\"dateModified\":\"2011-09-21T20:00:44+00:00\",\"mainEntityOfPage\":{\"@id\":\"https:\\\/\\\/www.aclanester56.com\\\/velo\\\/reprise-des-entrainements-pour-lecole-de-cyclisme\\\/\"},\"wordCount\":150,\"commentCount\":0,\"publisher\":{\"@id\":\"https:\\\/\\\/www.aclanester56.com\\\/velo\\\/#organization\"},\"image\":{\"@id\":\"https:\\\/\\\/www.aclanester56.com\\\/velo\\\/reprise-des-entrainements-pour-lecole-de-cyclisme\\\/#primaryimage\"},\"thumbnailUrl\":\"https:\\\/\\\/www.aclanester56.com\\\/velo\\\/wp-content\\\/uploads\\\/2011\\\/09\\\/Enzo-3-Copie.jpg\",\"articleSection\":[\"AC LANESTER 56\",\"R\u00e9sultats Ecole de cyclisme\"],\"inLanguage\":\"fr-FR\",\"potentialAction\":[{\"@type\":\"CommentAction\",\"name\":\"Comment\",\"target\":[\"https:\\\/\\\/www.aclanester56.com\\\/velo\\\/reprise-des-entrainements-pour-lecole-de-cyclisme\\\/#respond\"]}]},{\"@type\":\"WebPage\",\"@id\":\"https:\\\/\\\/www.aclanester56.com\\\/velo\\\/reprise-des-entrainements-pour-lecole-de-cyclisme\\\/\",\"url\":\"https:\\\/\\\/www.aclanester56.com\\\/velo\\\/reprise-des-entrainements-pour-lecole-de-cyclisme\\\/\",\"name\":\"Reprise des entra\u00eenements pour l'Ecole de Cyclisme ! - Avenir Cycliste Lanester 56\",\"isPartOf\":{\"@id\":\"https:\\\/\\\/www.aclanester56.com\\\/velo\\\/#website\"},\"primaryImageOfPage\":{\"@id\":\"https:\\\/\\\/www.aclanester56.com\\\/velo\\\/reprise-des-entrainements-pour-lecole-de-cyclisme\\\/#primaryimage\"},\"image\":{\"@id\":\"https:\\\/\\\/www.aclanester56.com\\\/velo\\\/reprise-des-entrainements-pour-lecole-de-cyclisme\\\/#primaryimage\"},\"thumbnailUrl\":\"https:\\\/\\\/www.aclanester56.com\\\/velo\\\/wp-content\\\/uploads\\\/2011\\\/09\\\/Enzo-3-Copie.jpg\",\"datePublished\":\"2011-09-16T18:08:46+00:00\",\"dateModified\":\"2011-09-21T20:00:44+00:00\",\"inLanguage\":\"fr-FR\",\"potentialAction\":[{\"@type\":\"ReadAction\",\"target\":[\"https:\\\/\\\/www.aclanester56.com\\\/velo\\\/reprise-des-entrainements-pour-lecole-de-cyclisme\\\/\"]}]},{\"@type\":\"ImageObject\",\"inLanguage\":\"fr-FR\",\"@id\":\"https:\\\/\\\/www.aclanester56.com\\\/velo\\\/reprise-des-entrainements-pour-lecole-de-cyclisme\\\/#primaryimage\",\"url\":\"https:\\\/\\\/www.aclanester56.com\\\/velo\\\/wp-content\\\/uploads\\\/2011\\\/09\\\/Enzo-3-Copie.jpg\",\"contentUrl\":\"https:\\\/\\\/www.aclanester56.com\\\/velo\\\/wp-content\\\/uploads\\\/2011\\\/09\\\/Enzo-3-Copie.jpg\",\"width\":650,\"height\":300},{\"@type\":\"WebSite\",\"@id\":\"https:\\\/\\\/www.aclanester56.com\\\/velo\\\/#website\",\"url\":\"https:\\\/\\\/www.aclanester56.com\\\/velo\\\/\",\"name\":\"Avenir Cycliste Lanester 56\",\"description\":\"Club cycliste de l&#039;AC LANESTER 56\",\"publisher\":{\"@id\":\"https:\\\/\\\/www.aclanester56.com\\\/velo\\\/#organization\"},\"potentialAction\":[{\"@type\":\"SearchAction\",\"target\":{\"@type\":\"EntryPoint\",\"urlTemplate\":\"https:\\\/\\\/www.aclanester56.com\\\/velo\\\/?s={search_term_string}\"},\"query-input\":{\"@type\":\"PropertyValueSpecification\",\"valueRequired\":true,\"valueName\":\"search_term_string\"}}],\"inLanguage\":\"fr-FR\"},{\"@type\":\"Organization\",\"@id\":\"https:\\\/\\\/www.aclanester56.com\\\/velo\\\/#organization\",\"name\":\"Avenir Cycliste Lanester 56\",\"url\":\"https:\\\/\\\/www.aclanester56.com\\\/velo\\\/\",\"logo\":{\"@type\":\"ImageObject\",\"inLanguage\":\"fr-FR\",\"@id\":\"https:\\\/\\\/www.aclanester56.com\\\/velo\\\/#\\\/schema\\\/logo\\\/image\\\/\",\"url\":\"https:\\\/\\\/www.aclanester56.com\\\/velo\\\/wp-content\\\/uploads\\\/2013\\\/04\\\/logo-ACL.jpg\",\"contentUrl\":\"https:\\\/\\\/www.aclanester56.com\\\/velo\\\/wp-content\\\/uploads\\\/2013\\\/04\\\/logo-ACL.jpg\",\"width\":400,\"height\":334,\"caption\":\"Avenir Cycliste Lanester 56\"},\"image\":{\"@id\":\"https:\\\/\\\/www.aclanester56.com\\\/velo\\\/#\\\/schema\\\/logo\\\/image\\\/\"},\"sameAs\":[\"https:\\\/\\\/www.facebook.com\\\/pages\\\/AC-Lanester-56\\\/190286300991242?fref=ts\"]},{\"@type\":\"Person\",\"@id\":\"https:\\\/\\\/www.aclanester56.com\\\/velo\\\/#\\\/schema\\\/person\\\/ca2a44a5fd969e9dd846c72d3b33bc01\",\"name\":\"Jean-Christophe\",\"url\":\"https:\\\/\\\/www.aclanester56.com\\\/velo\\\/author\\\/jeanchristophe\\\/\"}]}<\/script>\n<!-- \/ Yoast SEO plugin. -->","yoast_head_json":{"title":"Reprise des entra\u00eenements pour l'Ecole de Cyclisme ! - Avenir Cycliste Lanester 56","robots":{"index":"index","follow":"follow","max-snippet":"max-snippet:-1","max-image-preview":"max-image-preview:large","max-video-preview":"max-video-preview:-1"},"canonical":"https:\/\/www.aclanester56.com\/velo\/reprise-des-entrainements-pour-lecole-de-cyclisme\/","og_locale":"fr_FR","og_type":"article","og_title":"Reprise des entra\u00eenements pour l'Ecole de Cyclisme ! - Avenir Cycliste Lanester 56","og_description":"Les futurs champions de l&rsquo;AC LANESTER 56 ont repris le chemin de l&rsquo;anneau G\u00e9rard LE MAGUER, r\u00e9nov\u00e9 cet \u00e9t\u00e9, et [&hellip;]","og_url":"https:\/\/www.aclanester56.com\/velo\/reprise-des-entrainements-pour-lecole-de-cyclisme\/","og_site_name":"Avenir Cycliste Lanester 56","article_publisher":"https:\/\/www.facebook.com\/pages\/AC-Lanester-56\/190286300991242?fref=ts","article_published_time":"2011-09-16T18:08:46+00:00","article_modified_time":"2011-09-21T20:00:44+00:00","og_image":[{"width":650,"height":300,"url":"https:\/\/www.aclanester56.com\/velo\/wp-content\/uploads\/2011\/09\/Enzo-3-Copie.jpg","type":"image\/jpeg"}],"author":"Jean-Christophe","twitter_misc":{"\u00c9crit par":"Jean-Christophe","Dur\u00e9e de lecture estim\u00e9e":"1 minute"},"schema":{"@context":"https:\/\/schema.org","@graph":[{"@type":"Article","@id":"https:\/\/www.aclanester56.com\/velo\/reprise-des-entrainements-pour-lecole-de-cyclisme\/#article","isPartOf":{"@id":"https:\/\/www.aclanester56.com\/velo\/reprise-des-entrainements-pour-lecole-de-cyclisme\/"},"author":{"name":"Jean-Christophe","@id":"https:\/\/www.aclanester56.com\/velo\/#\/schema\/person\/ca2a44a5fd969e9dd846c72d3b33bc01"},"headline":"Reprise des entra\u00eenements pour l&rsquo;Ecole de Cyclisme !","datePublished":"2011-09-16T18:08:46+00:00","dateModified":"2011-09-21T20:00:44+00:00","mainEntityOfPage":{"@id":"https:\/\/www.aclanester56.com\/velo\/reprise-des-entrainements-pour-lecole-de-cyclisme\/"},"wordCount":150,"commentCount":0,"publisher":{"@id":"https:\/\/www.aclanester56.com\/velo\/#organization"},"image":{"@id":"https:\/\/www.aclanester56.com\/velo\/reprise-des-entrainements-pour-lecole-de-cyclisme\/#primaryimage"},"thumbnailUrl":"https:\/\/www.aclanester56.com\/velo\/wp-content\/uploads\/2011\/09\/Enzo-3-Copie.jpg","articleSection":["AC LANESTER 56","R\u00e9sultats Ecole de cyclisme"],"inLanguage":"fr-FR","potentialAction":[{"@type":"CommentAction","name":"Comment","target":["https:\/\/www.aclanester56.com\/velo\/reprise-des-entrainements-pour-lecole-de-cyclisme\/#respond"]}]},{"@type":"WebPage","@id":"https:\/\/www.aclanester56.com\/velo\/reprise-des-entrainements-pour-lecole-de-cyclisme\/","url":"https:\/\/www.aclanester56.com\/velo\/reprise-des-entrainements-pour-lecole-de-cyclisme\/","name":"Reprise des entra\u00eenements pour l'Ecole de Cyclisme ! - Avenir Cycliste Lanester 56","isPartOf":{"@id":"https:\/\/www.aclanester56.com\/velo\/#website"},"primaryImageOfPage":{"@id":"https:\/\/www.aclanester56.com\/velo\/reprise-des-entrainements-pour-lecole-de-cyclisme\/#primaryimage"},"image":{"@id":"https:\/\/www.aclanester56.com\/velo\/reprise-des-entrainements-pour-lecole-de-cyclisme\/#primaryimage"},"thumbnailUrl":"https:\/\/www.aclanester56.com\/velo\/wp-content\/uploads\/2011\/09\/Enzo-3-Copie.jpg","datePublished":"2011-09-16T18:08:46+00:00","dateModified":"2011-09-21T20:00:44+00:00","inLanguage":"fr-FR","potentialAction":[{"@type":"ReadAction","target":["https:\/\/www.aclanester56.com\/velo\/reprise-des-entrainements-pour-lecole-de-cyclisme\/"]}]},{"@type":"ImageObject","inLanguage":"fr-FR","@id":"https:\/\/www.aclanester56.com\/velo\/reprise-des-entrainements-pour-lecole-de-cyclisme\/#primaryimage","url":"https:\/\/www.aclanester56.com\/velo\/wp-content\/uploads\/2011\/09\/Enzo-3-Copie.jpg","contentUrl":"https:\/\/www.aclanester56.com\/velo\/wp-content\/uploads\/2011\/09\/Enzo-3-Copie.jpg","width":650,"height":300},{"@type":"WebSite","@id":"https:\/\/www.aclanester56.com\/velo\/#website","url":"https:\/\/www.aclanester56.com\/velo\/","name":"Avenir Cycliste Lanester 56","description":"Club cycliste de l&#039;AC LANESTER 56","publisher":{"@id":"https:\/\/www.aclanester56.com\/velo\/#organization"},"potentialAction":[{"@type":"SearchAction","target":{"@type":"EntryPoint","urlTemplate":"https:\/\/www.aclanester56.com\/velo\/?s={search_term_string}"},"query-input":{"@type":"PropertyValueSpecification","valueRequired":true,"valueName":"search_term_string"}}],"inLanguage":"fr-FR"},{"@type":"Organization","@id":"https:\/\/www.aclanester56.com\/velo\/#organization","name":"Avenir Cycliste Lanester 56","url":"https:\/\/www.aclanester56.com\/velo\/","logo":{"@type":"ImageObject","inLanguage":"fr-FR","@id":"https:\/\/www.aclanester56.com\/velo\/#\/schema\/logo\/image\/","url":"https:\/\/www.aclanester56.com\/velo\/wp-content\/uploads\/2013\/04\/logo-ACL.jpg","contentUrl":"https:\/\/www.aclanester56.com\/velo\/wp-content\/uploads\/2013\/04\/logo-ACL.jpg","width":400,"height":334,"caption":"Avenir Cycliste Lanester 56"},"image":{"@id":"https:\/\/www.aclanester56.com\/velo\/#\/schema\/logo\/image\/"},"sameAs":["https:\/\/www.facebook.com\/pages\/AC-Lanester-56\/190286300991242?fref=ts"]},{"@type":"Person","@id":"https:\/\/www.aclanester56.com\/velo\/#\/schema\/person\/ca2a44a5fd969e9dd846c72d3b33bc01","name":"Jean-Christophe","url":"https:\/\/www.aclanester56.com\/velo\/author\/jeanchristophe\/"}]}},"_links":{"self":[{"href":"https:\/\/www.aclanester56.com\/velo\/wp-json\/wp\/v2\/posts\/9640","targetHints":{"allow":["GET"]}}],"collection":[{"href":"https:\/\/www.aclanester56.com\/velo\/wp-json\/wp\/v2\/posts"}],"about":[{"href":"https:\/\/www.aclanester56.com\/velo\/wp-json\/wp\/v2\/types\/post"}],"author":[{"embeddable":true,"href":"https:\/\/www.aclanester56.com\/velo\/wp-json\/wp\/v2\/users\/14"}],"replies":[{"embeddable":true,"href":"https:\/\/www.aclanester56.com\/velo\/wp-json\/wp\/v2\/comments?post=9640"}],"version-history":[{"count":0,"href":"https:\/\/www.aclanester56.com\/velo\/wp-json\/wp\/v2\/posts\/9640\/revisions"}],"wp:featuredmedia":[{"embeddable":true,"href":"https:\/\/www.aclanester56.com\/velo\/wp-json\/wp\/v2\/media\/9646"}],"wp:attachment":[{"href":"https:\/\/www.aclanester56.com\/velo\/wp-json\/wp\/v2\/media?parent=9640"}],"wp:term":[{"taxonomy":"category","embeddable":true,"href":"https:\/\/www.aclanester56.com\/velo\/wp-json\/wp\/v2\/categories?post=9640"},{"taxonomy":"post_tag","embeddable":true,"href":"https:\/\/www.aclanester56.com\/velo\/wp-json\/wp\/v2\/tags?post=9640"}],"curies":[{"name":"wp","href":"https:\/\/api.w.org\/{rel}","templated":true}]}}