{"id":9727,"date":"2011-09-25T19:29:30","date_gmt":"2011-09-25T18:29:30","guid":{"rendered":"http:\/\/www.aclanester56.com\/velo\/?p=9727"},"modified":"2013-12-22T22:21:39","modified_gmt":"2013-12-22T20:21:39","slug":"dernier-entrainement-sur-piste-de-lannee-pour-les-jeunes-lanesteriens","status":"publish","type":"post","link":"https:\/\/www.aclanester56.com\/velo\/dernier-entrainement-sur-piste-de-lannee-pour-les-jeunes-lanesteriens\/","title":{"rendered":"Dernier entrainement sur piste de l&rsquo;ann\u00e9e pour les jeunes Lanest\u00e9riens !"},"content":{"rendered":"<p style=\"text-align: justify;\"><!--more--><\/p>\n<p style=\"text-align: justify;\">Les minimes et cadets de l&rsquo;AC LANESTER 56 ont r\u00e9alis\u00e9 leur dernier entrainement sur piste vendredi soir sur l&rsquo;anneau G\u00e9rard Le Maguer.<\/p>\n<p style=\"text-align: justify;\"><strong style=\"color: #ff6600; font-size: 14px; line-height: 1.5em;\">Une forte participation r\u00e9guli\u00e8re sur le v\u00e9lodrome<\/strong><\/p>\n<p style=\"text-align: justify;\">Cette ann\u00e9e, les s\u00e9ances ont \u00e9t\u00e9 remarquablement suivies, jusqu&rsquo;\u00e0 la fin de saison, puisqu&rsquo;il y avait toujours entre 15 et 20 jeunes tous les vendredi sur l&rsquo;anneau cycliste, m\u00eame si une pause a eu lieu cet \u00e9t\u00e9 pendant les vacances lors de la r\u00e9novation du v\u00e9lodrome.<\/p>\n<p style=\"text-align: justify;\"><span style=\"color: #ff6600;\"><strong>Un \u00ab\u00a0superbe outil de travail\u00a0\u00bb<\/strong><\/span><\/p>\n<p style=\"text-align: justify;\">L&rsquo;AC LANESTER 56 pr\u00eate des v\u00e9los de piste aux jeunes coureurs pour s\u2019entra\u00eener sur l&rsquo;anneau cycliste lanest\u00e9rien. \u00ab\u00a0<em><strong>C&rsquo;est un superbe outil de travail, qui nous permet de travailler l&rsquo;intensit\u00e9, l&rsquo;adresse et l&rsquo;explosivit\u00e9 dans de meilleures conditions que sur la route<\/strong><\/em>\u00ab\u00a0, explique Jean-Marc MORVAN, qui encadrait avec Guy NIVINOU\u00a0ce dernier entrainement. Comme tous les ans, la reprise se fera d\u00e9but f\u00e9vrier.<\/p>\n<p style=\"text-align: justify;\"><span style=\"color: #ff6600;\"><strong>A quand la reprise ?<\/strong><\/span><\/p>\n<p style=\"text-align: justify;\">Le dernier entrainement des minimes et cadets sur route aura lieu mercredi prochain. La reprise des sorties sur route se fera d\u00e9but d\u00e9cembre pour les cadets et d\u00e9but janvier pour les minimes !<\/p>\n<p>&nbsp;<\/p>\n","protected":false},"excerpt":{"rendered":"","protected":false},"author":14,"featured_media":9730,"comment_status":"open","ping_status":"closed","sticky":false,"template":"","format":"standard","meta":{"ngg_post_thumbnail":0,"footnotes":""},"categories":[5,22,23],"tags":[],"class_list":["post-9727","post","type-post","status-publish","format-standard","has-post-thumbnail","hentry","category-ac-lanester-56","category-resultats-cadets","category-resultats-minimes"],"yoast_head":"<!-- This site is optimized with the Yoast SEO plugin v27.5 - https:\/\/yoast.com\/product\/yoast-seo-wordpress\/ -->\n<title>Dernier entrainement sur piste de l&#039;ann\u00e9e pour les jeunes Lanest\u00e9riens ! - Avenir Cycliste Lanester 56<\/title>\n<meta name=\"robots\" content=\"index, follow, max-snippet:-1, max-image-preview:large, max-video-preview:-1\" \/>\n<link rel=\"canonical\" href=\"https:\/\/www.aclanester56.com\/velo\/dernier-entrainement-sur-piste-de-lannee-pour-les-jeunes-lanesteriens\/\" \/>\n<meta property=\"og:locale\" content=\"fr_FR\" \/>\n<meta property=\"og:type\" content=\"article\" \/>\n<meta property=\"og:title\" content=\"Dernier entrainement sur piste de l&#039;ann\u00e9e pour les jeunes Lanest\u00e9riens ! - Avenir Cycliste Lanester 56\" \/>\n<meta property=\"og:url\" content=\"https:\/\/www.aclanester56.com\/velo\/dernier-entrainement-sur-piste-de-lannee-pour-les-jeunes-lanesteriens\/\" \/>\n<meta property=\"og:site_name\" content=\"Avenir Cycliste Lanester 56\" \/>\n<meta property=\"article:publisher\" content=\"https:\/\/www.facebook.com\/pages\/AC-Lanester-56\/190286300991242?fref=ts\" \/>\n<meta property=\"article:published_time\" content=\"2011-09-25T18:29:30+00:00\" \/>\n<meta property=\"article:modified_time\" content=\"2013-12-22T20:21:39+00:00\" \/>\n<meta property=\"og:image\" content=\"https:\/\/www.aclanester56.com\/velo\/wp-content\/uploads\/2011\/09\/cadets-et-minimes-redim1024-Copie.jpg\" \/>\n\t<meta property=\"og:image:width\" content=\"650\" \/>\n\t<meta property=\"og:image:height\" content=\"301\" \/>\n\t<meta property=\"og:image:type\" content=\"image\/jpeg\" \/>\n<meta name=\"author\" content=\"Jean-Christophe\" \/>\n<meta name=\"twitter:label1\" content=\"\u00c9crit par\" \/>\n\t<meta name=\"twitter:data1\" content=\"Jean-Christophe\" \/>\n\t<meta name=\"twitter:label2\" content=\"Dur\u00e9e de lecture estim\u00e9e\" \/>\n\t<meta name=\"twitter:data2\" content=\"1 minute\" \/>\n<script type=\"application\/ld+json\" class=\"yoast-schema-graph\">{\"@context\":\"https:\\\/\\\/schema.org\",\"@graph\":[{\"@type\":\"Article\",\"@id\":\"https:\\\/\\\/www.aclanester56.com\\\/velo\\\/dernier-entrainement-sur-piste-de-lannee-pour-les-jeunes-lanesteriens\\\/#article\",\"isPartOf\":{\"@id\":\"https:\\\/\\\/www.aclanester56.com\\\/velo\\\/dernier-entrainement-sur-piste-de-lannee-pour-les-jeunes-lanesteriens\\\/\"},\"author\":{\"name\":\"Jean-Christophe\",\"@id\":\"https:\\\/\\\/www.aclanester56.com\\\/velo\\\/#\\\/schema\\\/person\\\/ca2a44a5fd969e9dd846c72d3b33bc01\"},\"headline\":\"Dernier entrainement sur piste de l&rsquo;ann\u00e9e pour les jeunes Lanest\u00e9riens !\",\"datePublished\":\"2011-09-25T18:29:30+00:00\",\"dateModified\":\"2013-12-22T20:21:39+00:00\",\"mainEntityOfPage\":{\"@id\":\"https:\\\/\\\/www.aclanester56.com\\\/velo\\\/dernier-entrainement-sur-piste-de-lannee-pour-les-jeunes-lanesteriens\\\/\"},\"wordCount\":206,\"commentCount\":0,\"publisher\":{\"@id\":\"https:\\\/\\\/www.aclanester56.com\\\/velo\\\/#organization\"},\"image\":{\"@id\":\"https:\\\/\\\/www.aclanester56.com\\\/velo\\\/dernier-entrainement-sur-piste-de-lannee-pour-les-jeunes-lanesteriens\\\/#primaryimage\"},\"thumbnailUrl\":\"https:\\\/\\\/www.aclanester56.com\\\/velo\\\/wp-content\\\/uploads\\\/2011\\\/09\\\/cadets-et-minimes-redim1024-Copie.jpg\",\"articleSection\":[\"AC LANESTER 56\",\"R\u00e9sultats Cadets\",\"R\u00e9sultats Minimes\"],\"inLanguage\":\"fr-FR\",\"potentialAction\":[{\"@type\":\"CommentAction\",\"name\":\"Comment\",\"target\":[\"https:\\\/\\\/www.aclanester56.com\\\/velo\\\/dernier-entrainement-sur-piste-de-lannee-pour-les-jeunes-lanesteriens\\\/#respond\"]}]},{\"@type\":\"WebPage\",\"@id\":\"https:\\\/\\\/www.aclanester56.com\\\/velo\\\/dernier-entrainement-sur-piste-de-lannee-pour-les-jeunes-lanesteriens\\\/\",\"url\":\"https:\\\/\\\/www.aclanester56.com\\\/velo\\\/dernier-entrainement-sur-piste-de-lannee-pour-les-jeunes-lanesteriens\\\/\",\"name\":\"Dernier entrainement sur piste de l'ann\u00e9e pour les jeunes Lanest\u00e9riens ! - Avenir Cycliste Lanester 56\",\"isPartOf\":{\"@id\":\"https:\\\/\\\/www.aclanester56.com\\\/velo\\\/#website\"},\"primaryImageOfPage\":{\"@id\":\"https:\\\/\\\/www.aclanester56.com\\\/velo\\\/dernier-entrainement-sur-piste-de-lannee-pour-les-jeunes-lanesteriens\\\/#primaryimage\"},\"image\":{\"@id\":\"https:\\\/\\\/www.aclanester56.com\\\/velo\\\/dernier-entrainement-sur-piste-de-lannee-pour-les-jeunes-lanesteriens\\\/#primaryimage\"},\"thumbnailUrl\":\"https:\\\/\\\/www.aclanester56.com\\\/velo\\\/wp-content\\\/uploads\\\/2011\\\/09\\\/cadets-et-minimes-redim1024-Copie.jpg\",\"datePublished\":\"2011-09-25T18:29:30+00:00\",\"dateModified\":\"2013-12-22T20:21:39+00:00\",\"inLanguage\":\"fr-FR\",\"potentialAction\":[{\"@type\":\"ReadAction\",\"target\":[\"https:\\\/\\\/www.aclanester56.com\\\/velo\\\/dernier-entrainement-sur-piste-de-lannee-pour-les-jeunes-lanesteriens\\\/\"]}]},{\"@type\":\"ImageObject\",\"inLanguage\":\"fr-FR\",\"@id\":\"https:\\\/\\\/www.aclanester56.com\\\/velo\\\/dernier-entrainement-sur-piste-de-lannee-pour-les-jeunes-lanesteriens\\\/#primaryimage\",\"url\":\"https:\\\/\\\/www.aclanester56.com\\\/velo\\\/wp-content\\\/uploads\\\/2011\\\/09\\\/cadets-et-minimes-redim1024-Copie.jpg\",\"contentUrl\":\"https:\\\/\\\/www.aclanester56.com\\\/velo\\\/wp-content\\\/uploads\\\/2011\\\/09\\\/cadets-et-minimes-redim1024-Copie.jpg\",\"width\":650,\"height\":301},{\"@type\":\"WebSite\",\"@id\":\"https:\\\/\\\/www.aclanester56.com\\\/velo\\\/#website\",\"url\":\"https:\\\/\\\/www.aclanester56.com\\\/velo\\\/\",\"name\":\"Avenir Cycliste Lanester 56\",\"description\":\"Club cycliste de l&#039;AC LANESTER 56\",\"publisher\":{\"@id\":\"https:\\\/\\\/www.aclanester56.com\\\/velo\\\/#organization\"},\"potentialAction\":[{\"@type\":\"SearchAction\",\"target\":{\"@type\":\"EntryPoint\",\"urlTemplate\":\"https:\\\/\\\/www.aclanester56.com\\\/velo\\\/?s={search_term_string}\"},\"query-input\":{\"@type\":\"PropertyValueSpecification\",\"valueRequired\":true,\"valueName\":\"search_term_string\"}}],\"inLanguage\":\"fr-FR\"},{\"@type\":\"Organization\",\"@id\":\"https:\\\/\\\/www.aclanester56.com\\\/velo\\\/#organization\",\"name\":\"Avenir Cycliste Lanester 56\",\"url\":\"https:\\\/\\\/www.aclanester56.com\\\/velo\\\/\",\"logo\":{\"@type\":\"ImageObject\",\"inLanguage\":\"fr-FR\",\"@id\":\"https:\\\/\\\/www.aclanester56.com\\\/velo\\\/#\\\/schema\\\/logo\\\/image\\\/\",\"url\":\"https:\\\/\\\/www.aclanester56.com\\\/velo\\\/wp-content\\\/uploads\\\/2013\\\/04\\\/logo-ACL.jpg\",\"contentUrl\":\"https:\\\/\\\/www.aclanester56.com\\\/velo\\\/wp-content\\\/uploads\\\/2013\\\/04\\\/logo-ACL.jpg\",\"width\":400,\"height\":334,\"caption\":\"Avenir Cycliste Lanester 56\"},\"image\":{\"@id\":\"https:\\\/\\\/www.aclanester56.com\\\/velo\\\/#\\\/schema\\\/logo\\\/image\\\/\"},\"sameAs\":[\"https:\\\/\\\/www.facebook.com\\\/pages\\\/AC-Lanester-56\\\/190286300991242?fref=ts\"]},{\"@type\":\"Person\",\"@id\":\"https:\\\/\\\/www.aclanester56.com\\\/velo\\\/#\\\/schema\\\/person\\\/ca2a44a5fd969e9dd846c72d3b33bc01\",\"name\":\"Jean-Christophe\",\"url\":\"https:\\\/\\\/www.aclanester56.com\\\/velo\\\/author\\\/jeanchristophe\\\/\"}]}<\/script>\n<!-- \/ Yoast SEO plugin. -->","yoast_head_json":{"title":"Dernier entrainement sur piste de l'ann\u00e9e pour les jeunes Lanest\u00e9riens ! - Avenir Cycliste Lanester 56","robots":{"index":"index","follow":"follow","max-snippet":"max-snippet:-1","max-image-preview":"max-image-preview:large","max-video-preview":"max-video-preview:-1"},"canonical":"https:\/\/www.aclanester56.com\/velo\/dernier-entrainement-sur-piste-de-lannee-pour-les-jeunes-lanesteriens\/","og_locale":"fr_FR","og_type":"article","og_title":"Dernier entrainement sur piste de l'ann\u00e9e pour les jeunes Lanest\u00e9riens ! - Avenir Cycliste Lanester 56","og_url":"https:\/\/www.aclanester56.com\/velo\/dernier-entrainement-sur-piste-de-lannee-pour-les-jeunes-lanesteriens\/","og_site_name":"Avenir Cycliste Lanester 56","article_publisher":"https:\/\/www.facebook.com\/pages\/AC-Lanester-56\/190286300991242?fref=ts","article_published_time":"2011-09-25T18:29:30+00:00","article_modified_time":"2013-12-22T20:21:39+00:00","og_image":[{"width":650,"height":301,"url":"https:\/\/www.aclanester56.com\/velo\/wp-content\/uploads\/2011\/09\/cadets-et-minimes-redim1024-Copie.jpg","type":"image\/jpeg"}],"author":"Jean-Christophe","twitter_misc":{"\u00c9crit par":"Jean-Christophe","Dur\u00e9e de lecture estim\u00e9e":"1 minute"},"schema":{"@context":"https:\/\/schema.org","@graph":[{"@type":"Article","@id":"https:\/\/www.aclanester56.com\/velo\/dernier-entrainement-sur-piste-de-lannee-pour-les-jeunes-lanesteriens\/#article","isPartOf":{"@id":"https:\/\/www.aclanester56.com\/velo\/dernier-entrainement-sur-piste-de-lannee-pour-les-jeunes-lanesteriens\/"},"author":{"name":"Jean-Christophe","@id":"https:\/\/www.aclanester56.com\/velo\/#\/schema\/person\/ca2a44a5fd969e9dd846c72d3b33bc01"},"headline":"Dernier entrainement sur piste de l&rsquo;ann\u00e9e pour les jeunes Lanest\u00e9riens !","datePublished":"2011-09-25T18:29:30+00:00","dateModified":"2013-12-22T20:21:39+00:00","mainEntityOfPage":{"@id":"https:\/\/www.aclanester56.com\/velo\/dernier-entrainement-sur-piste-de-lannee-pour-les-jeunes-lanesteriens\/"},"wordCount":206,"commentCount":0,"publisher":{"@id":"https:\/\/www.aclanester56.com\/velo\/#organization"},"image":{"@id":"https:\/\/www.aclanester56.com\/velo\/dernier-entrainement-sur-piste-de-lannee-pour-les-jeunes-lanesteriens\/#primaryimage"},"thumbnailUrl":"https:\/\/www.aclanester56.com\/velo\/wp-content\/uploads\/2011\/09\/cadets-et-minimes-redim1024-Copie.jpg","articleSection":["AC LANESTER 56","R\u00e9sultats Cadets","R\u00e9sultats Minimes"],"inLanguage":"fr-FR","potentialAction":[{"@type":"CommentAction","name":"Comment","target":["https:\/\/www.aclanester56.com\/velo\/dernier-entrainement-sur-piste-de-lannee-pour-les-jeunes-lanesteriens\/#respond"]}]},{"@type":"WebPage","@id":"https:\/\/www.aclanester56.com\/velo\/dernier-entrainement-sur-piste-de-lannee-pour-les-jeunes-lanesteriens\/","url":"https:\/\/www.aclanester56.com\/velo\/dernier-entrainement-sur-piste-de-lannee-pour-les-jeunes-lanesteriens\/","name":"Dernier entrainement sur piste de l'ann\u00e9e pour les jeunes Lanest\u00e9riens ! - Avenir Cycliste Lanester 56","isPartOf":{"@id":"https:\/\/www.aclanester56.com\/velo\/#website"},"primaryImageOfPage":{"@id":"https:\/\/www.aclanester56.com\/velo\/dernier-entrainement-sur-piste-de-lannee-pour-les-jeunes-lanesteriens\/#primaryimage"},"image":{"@id":"https:\/\/www.aclanester56.com\/velo\/dernier-entrainement-sur-piste-de-lannee-pour-les-jeunes-lanesteriens\/#primaryimage"},"thumbnailUrl":"https:\/\/www.aclanester56.com\/velo\/wp-content\/uploads\/2011\/09\/cadets-et-minimes-redim1024-Copie.jpg","datePublished":"2011-09-25T18:29:30+00:00","dateModified":"2013-12-22T20:21:39+00:00","inLanguage":"fr-FR","potentialAction":[{"@type":"ReadAction","target":["https:\/\/www.aclanester56.com\/velo\/dernier-entrainement-sur-piste-de-lannee-pour-les-jeunes-lanesteriens\/"]}]},{"@type":"ImageObject","inLanguage":"fr-FR","@id":"https:\/\/www.aclanester56.com\/velo\/dernier-entrainement-sur-piste-de-lannee-pour-les-jeunes-lanesteriens\/#primaryimage","url":"https:\/\/www.aclanester56.com\/velo\/wp-content\/uploads\/2011\/09\/cadets-et-minimes-redim1024-Copie.jpg","contentUrl":"https:\/\/www.aclanester56.com\/velo\/wp-content\/uploads\/2011\/09\/cadets-et-minimes-redim1024-Copie.jpg","width":650,"height":301},{"@type":"WebSite","@id":"https:\/\/www.aclanester56.com\/velo\/#website","url":"https:\/\/www.aclanester56.com\/velo\/","name":"Avenir Cycliste Lanester 56","description":"Club cycliste de l&#039;AC LANESTER 56","publisher":{"@id":"https:\/\/www.aclanester56.com\/velo\/#organization"},"potentialAction":[{"@type":"SearchAction","target":{"@type":"EntryPoint","urlTemplate":"https:\/\/www.aclanester56.com\/velo\/?s={search_term_string}"},"query-input":{"@type":"PropertyValueSpecification","valueRequired":true,"valueName":"search_term_string"}}],"inLanguage":"fr-FR"},{"@type":"Organization","@id":"https:\/\/www.aclanester56.com\/velo\/#organization","name":"Avenir Cycliste Lanester 56","url":"https:\/\/www.aclanester56.com\/velo\/","logo":{"@type":"ImageObject","inLanguage":"fr-FR","@id":"https:\/\/www.aclanester56.com\/velo\/#\/schema\/logo\/image\/","url":"https:\/\/www.aclanester56.com\/velo\/wp-content\/uploads\/2013\/04\/logo-ACL.jpg","contentUrl":"https:\/\/www.aclanester56.com\/velo\/wp-content\/uploads\/2013\/04\/logo-ACL.jpg","width":400,"height":334,"caption":"Avenir Cycliste Lanester 56"},"image":{"@id":"https:\/\/www.aclanester56.com\/velo\/#\/schema\/logo\/image\/"},"sameAs":["https:\/\/www.facebook.com\/pages\/AC-Lanester-56\/190286300991242?fref=ts"]},{"@type":"Person","@id":"https:\/\/www.aclanester56.com\/velo\/#\/schema\/person\/ca2a44a5fd969e9dd846c72d3b33bc01","name":"Jean-Christophe","url":"https:\/\/www.aclanester56.com\/velo\/author\/jeanchristophe\/"}]}},"_links":{"self":[{"href":"https:\/\/www.aclanester56.com\/velo\/wp-json\/wp\/v2\/posts\/9727","targetHints":{"allow":["GET"]}}],"collection":[{"href":"https:\/\/www.aclanester56.com\/velo\/wp-json\/wp\/v2\/posts"}],"about":[{"href":"https:\/\/www.aclanester56.com\/velo\/wp-json\/wp\/v2\/types\/post"}],"author":[{"embeddable":true,"href":"https:\/\/www.aclanester56.com\/velo\/wp-json\/wp\/v2\/users\/14"}],"replies":[{"embeddable":true,"href":"https:\/\/www.aclanester56.com\/velo\/wp-json\/wp\/v2\/comments?post=9727"}],"version-history":[{"count":0,"href":"https:\/\/www.aclanester56.com\/velo\/wp-json\/wp\/v2\/posts\/9727\/revisions"}],"wp:featuredmedia":[{"embeddable":true,"href":"https:\/\/www.aclanester56.com\/velo\/wp-json\/wp\/v2\/media\/9730"}],"wp:attachment":[{"href":"https:\/\/www.aclanester56.com\/velo\/wp-json\/wp\/v2\/media?parent=9727"}],"wp:term":[{"taxonomy":"category","embeddable":true,"href":"https:\/\/www.aclanester56.com\/velo\/wp-json\/wp\/v2\/categories?post=9727"},{"taxonomy":"post_tag","embeddable":true,"href":"https:\/\/www.aclanester56.com\/velo\/wp-json\/wp\/v2\/tags?post=9727"}],"curies":[{"name":"wp","href":"https:\/\/api.w.org\/{rel}","templated":true}]}}