{"id":9797,"date":"2011-10-03T20:26:05","date_gmt":"2011-10-03T19:26:05","guid":{"rendered":"http:\/\/www.aclanester56.com\/velo\/?p=9797"},"modified":"2013-12-22T22:20:19","modified_gmt":"2013-12-22T20:20:19","slug":"une-equipe-de-lac-lanester-56-sur-le-tour-de-vendee-cadets","status":"publish","type":"post","link":"https:\/\/www.aclanester56.com\/velo\/une-equipe-de-lac-lanester-56-sur-le-tour-de-vendee-cadets\/","title":{"rendered":"Une \u00e9quipe de l&rsquo;AC LANESTER 56 sur le Tour de Vend\u00e9e Cadets"},"content":{"rendered":"<p style=\"text-align: justify;\"><!--more--><\/p>\n<p style=\"text-align: justify;\">Cinq Lanest\u00e9riens participaient aujourd&rsquo;hui au Tour de Vend\u00e9e Cadets, en ouverture de la derni\u00e8re manche de la Coupe de France des professionnels.<\/p>\n<p>\u00a0<span style=\"color: #ff6600;\"><strong>Les cadets avant les pros !<\/strong><\/span><\/p>\n<p style=\"text-align: justify;\">C&rsquo;est un gros peloton qui se pr\u00e9sente sur la ligne de d\u00e9part du Tour de Vend\u00e9e Cadets, course en ligne disput\u00e9e entre Chantonnay et La Roche-sur-Yon sur une distance de 58.3 Km, pr\u00e9c\u00e9dant de quelques minutes les coureurs professionnels\u00a0du Tour de Vend\u00e9e \u00e9lite. L&rsquo;\u00e9quipe de l&rsquo;AC LANESTER 56 est repr\u00e9sent\u00e9e par Thibaut SEVENO, Lo\u00efc LE BARBIER, Thibault MORVAN, Nicolas PRIMAS et Vincent TEIRLYNCK.<\/p>\n<div id=\"attachment_9813\" style=\"width: 276px\" class=\"wp-caption alignright\"><a href=\"http:\/\/www.aclanester56.com\/velo\/wp-content\/uploads\/2011\/10\/tour-de-vend\u00e9e-cadet-3-redim1024-800x600.jpg\"><img loading=\"lazy\" decoding=\"async\" aria-describedby=\"caption-attachment-9813\" class=\"size-large wp-image-9813\" title=\"Mal plac\u00e9s sur la ligne de d\u00e9part, les jeunes Lanest\u00e9riens ont manqu\u00e9 la bonne \u00e9chapp\u00e9e qui est partie d'entr\u00e9e de jeu ! (photo J-M Morvan)\" alt=\"\" src=\"http:\/\/www.aclanester56.com\/velo\/wp-content\/uploads\/2011\/10\/tour-de-vend\u00e9e-cadet-3-redim1024-800x600.jpg\" width=\"266\" height=\"200\" srcset=\"https:\/\/www.aclanester56.com\/velo\/wp-content\/uploads\/2011\/10\/tour-de-vend\u00e9e-cadet-3-redim1024-800x600.jpg 800w, https:\/\/www.aclanester56.com\/velo\/wp-content\/uploads\/2011\/10\/tour-de-vend\u00e9e-cadet-3-redim1024-300x225.jpg 300w, https:\/\/www.aclanester56.com\/velo\/wp-content\/uploads\/2011\/10\/tour-de-vend\u00e9e-cadet-3-redim1024-400x300.jpg 400w, https:\/\/www.aclanester56.com\/velo\/wp-content\/uploads\/2011\/10\/tour-de-vend\u00e9e-cadet-3-redim1024.jpg 1024w\" sizes=\"auto, (max-width: 266px) 100vw, 266px\" \/><\/a><p id=\"caption-attachment-9813\" class=\"wp-caption-text\">Mal plac\u00e9s sur la ligne de d\u00e9part, les jeunes Lanest\u00e9riens ont manqu\u00e9 la bonne \u00e9chapp\u00e9e qui est partie d&rsquo;entr\u00e9e de jeu ! (photo J-M Morvan)<\/p><\/div>\n<p style=\"text-align: justify;\"><span style=\"color: #ff6600;\"><strong>Les jeunes Lanest\u00e9riens apprennent de leurs erreurs !<\/strong><\/span><\/p>\n<p style=\"text-align: justify;\">Les 10 premiers kilom\u00e8tres de course \u00e9taient tr\u00e8s durs avec une premi\u00e8re ascension d\u00e8s le KM 3, avant\u00a0d\u2019encha\u00eener\u00a0avec une c\u00f4te tr\u00e8s difficile au KM 7. La course s&rsquo;est finalement jou\u00e9e d\u00e8s le d\u00e9part, une cassure avec 25 coureurs prenant imm\u00e9diatement les devants. Malheureusement, nos jeunes coureurs loupent le coche. Ils n&rsquo;ont pas su faire la course suffisamment en t\u00eate d\u00e8s le d\u00e9part. \u00ab\u00a0Au sein de cet imposant peloton, il fallait savoir jouer des coudes !\u00a0Mais cette exp\u00e9rience sera tr\u00e8s profitable pour nos jeunes dans l&rsquo;avenir tous les cinq ne sont que cadet 1\u00e8re ann\u00e9e\u00a0\u00bb, relate Jean-Marc MORVAN, qui encadrait la jeune \u00e9quipe de l&rsquo;AC LANESTER 56 en Vend\u00e9e avec Daniel PRIMAS.<\/p>\n<p style=\"text-align: justify;\"><span style=\"color: #ff6600;\"><strong>Les Lanest\u00e9riens dans le peloton<\/strong><\/span><\/p>\n<p style=\"text-align: justify;\">Nos Lanest\u00e9riens terminent tous dans le peloton qui conc\u00e8de 19&Prime; au vainqueur, l&rsquo;Herbretais Martin RAPIN. Nicolas PRIMAS est 27\u00e8me, Thibault MORVAN 43\u00e8me, Thibaut SEVENO 56\u00e8me et Lo\u00efc LE BARBIER 73\u00e8me.<\/p>\n<div id=\"attachment_9823\" style=\"width: 276px\" class=\"wp-caption alignright\"><a href=\"http:\/\/www.aclanester56.com\/velo\/wp-content\/uploads\/2011\/10\/tour-de-vend\u00e9e-cadet-redim10241-800x600.jpg\"><img loading=\"lazy\" decoding=\"async\" aria-describedby=\"caption-attachment-9823\" class=\"size-large wp-image-9823\" title=\"Vincent Teirlynck, Thibaut Seveno, Nicolas Primas, Lo\u00efc Le Barbier et Thibault Morvan ont re\u00e7u la visite de Cathy et Christophe Le Gall ! (photo J-M Morvan)\" alt=\"\" src=\"http:\/\/www.aclanester56.com\/velo\/wp-content\/uploads\/2011\/10\/tour-de-vend\u00e9e-cadet-redim10241-800x600.jpg\" width=\"266\" height=\"200\" srcset=\"https:\/\/www.aclanester56.com\/velo\/wp-content\/uploads\/2011\/10\/tour-de-vend\u00e9e-cadet-redim10241-800x600.jpg 800w, https:\/\/www.aclanester56.com\/velo\/wp-content\/uploads\/2011\/10\/tour-de-vend\u00e9e-cadet-redim10241-300x225.jpg 300w, https:\/\/www.aclanester56.com\/velo\/wp-content\/uploads\/2011\/10\/tour-de-vend\u00e9e-cadet-redim10241-400x300.jpg 400w, https:\/\/www.aclanester56.com\/velo\/wp-content\/uploads\/2011\/10\/tour-de-vend\u00e9e-cadet-redim10241.jpg 1024w\" sizes=\"auto, (max-width: 266px) 100vw, 266px\" \/><\/a><p id=\"caption-attachment-9823\" class=\"wp-caption-text\">Vincent Teirlynck, Thibaut Seveno, Nicolas Primas, Lo\u00efc Le Barbier et Thibault Morvan ont re\u00e7u la visite de Cathy et Christophe Le Gall ! (photo J-M Morvan)<\/p><\/div>\n<p style=\"text-align: justify;\"><span style=\"color: #ff6600;\"><strong>Un petit coucou de Cathy et Christophe !<\/strong><\/span><\/p>\n<p style=\"text-align: justify;\">Comme \u00e0 chaque fois que les Lanest\u00e9riens vont en Vend\u00e9e, ils re\u00e7oivent toujours avec plaisir la visite des Vend\u00e9ens d&rsquo;adoption Cathy et Christophe LE GALL !<\/p>\n<p style=\"text-align: justify;\"><span style=\"text-decoration: underline;\"><strong>Classement :<\/strong><\/span><\/p>\n<p>1 RAPIN MARTIN Les Herbiers en 1H19&rsquo;17\u00a0\u00bb<br \/> 2 ORCEAU CLEMENT Aizenay VC \u00e0 0&Prime;<br \/> 3 LEPLINGARD ANTOINE Les Herbiers \u00e0 0&Prime;<br \/> 4 GUILLO Kilian Vannes V\u00e9loce \u00e0 1&Prime;<br \/> 5 TESSIER FLORIAN St Herblain U \u00e0 1&Prime;<br \/> 6 BONNAMOUR Franck CD 22 \u00e0 1&Prime;<br \/> 7 MICHENEAU JEREMIE Challans VC \u00e0 1&Prime;<br \/> 8 HUE Valentin Luc\u00e9 VC \u00e0 1&Prime;<br \/> 9 GODIOT JEREMY Chateaubriant \u00e0 1&Prime;<br \/> 10 BRETIN Arnaud Ang\u00e9rienne UV \u00e0 1&Prime;<br \/> <span style=\"background-color: #ff6600;\">27 PRIMAS Nicolas\u00a0AC Lanester 56\u00a0\u00e0 19&Prime;<\/span><br \/> <span style=\"background-color: #ff6600;\">43 MORVAN Thibault\u00a0AC Lanester 56\u00a0\u00e0 19&Prime;<\/span><br \/> <span style=\"background-color: #ff6600;\">56 SEVENO Thibaut\u00a0AC Lanester 56\u00a0\u00e0 19&Prime;<\/span><br \/> <span style=\"background-color: #ff6600;\">73 LE BARBIER Lo\u00efc AC Lanester 56 \u00e0 19&Prime;<\/span><\/p>\n<p><em><strong>Remerciements \u00e0 J-Marc Morvan.<\/strong><\/em><\/p>\n","protected":false},"excerpt":{"rendered":"","protected":false},"author":14,"featured_media":9810,"comment_status":"open","ping_status":"closed","sticky":false,"template":"","format":"standard","meta":{"ngg_post_thumbnail":0,"footnotes":""},"categories":[5,16,22],"tags":[],"class_list":["post-9797","post","type-post","status-publish","format-standard","has-post-thumbnail","hentry","category-ac-lanester-56","category-resultats","category-resultats-cadets"],"yoast_head":"<!-- This site is optimized with the Yoast SEO plugin v27.5 - https:\/\/yoast.com\/product\/yoast-seo-wordpress\/ -->\n<title>Une \u00e9quipe de l&#039;AC LANESTER 56 sur le Tour de Vend\u00e9e Cadets - Avenir Cycliste Lanester 56<\/title>\n<meta name=\"robots\" content=\"index, follow, max-snippet:-1, max-image-preview:large, max-video-preview:-1\" \/>\n<link rel=\"canonical\" href=\"https:\/\/www.aclanester56.com\/velo\/une-equipe-de-lac-lanester-56-sur-le-tour-de-vendee-cadets\/\" \/>\n<meta property=\"og:locale\" content=\"fr_FR\" \/>\n<meta property=\"og:type\" content=\"article\" \/>\n<meta property=\"og:title\" content=\"Une \u00e9quipe de l&#039;AC LANESTER 56 sur le Tour de Vend\u00e9e Cadets - Avenir Cycliste Lanester 56\" \/>\n<meta property=\"og:url\" content=\"https:\/\/www.aclanester56.com\/velo\/une-equipe-de-lac-lanester-56-sur-le-tour-de-vendee-cadets\/\" \/>\n<meta property=\"og:site_name\" content=\"Avenir Cycliste Lanester 56\" \/>\n<meta property=\"article:publisher\" content=\"https:\/\/www.facebook.com\/pages\/AC-Lanester-56\/190286300991242?fref=ts\" \/>\n<meta property=\"article:published_time\" content=\"2011-10-03T19:26:05+00:00\" \/>\n<meta property=\"article:modified_time\" content=\"2013-12-22T20:20:19+00:00\" \/>\n<meta property=\"og:image\" content=\"https:\/\/www.aclanester56.com\/velo\/wp-content\/uploads\/2011\/10\/tour-de-vend\u00e9e-cadet-4-redim1024-Copie.jpg\" \/>\n\t<meta property=\"og:image:width\" content=\"650\" \/>\n\t<meta property=\"og:image:height\" content=\"300\" \/>\n\t<meta property=\"og:image:type\" content=\"image\/jpeg\" \/>\n<meta name=\"author\" content=\"Jean-Christophe\" \/>\n<meta name=\"twitter:label1\" content=\"\u00c9crit par\" \/>\n\t<meta name=\"twitter:data1\" content=\"Jean-Christophe\" \/>\n\t<meta name=\"twitter:label2\" content=\"Dur\u00e9e de lecture estim\u00e9e\" \/>\n\t<meta name=\"twitter:data2\" content=\"2 minutes\" \/>\n<script type=\"application\/ld+json\" class=\"yoast-schema-graph\">{\"@context\":\"https:\\\/\\\/schema.org\",\"@graph\":[{\"@type\":\"Article\",\"@id\":\"https:\\\/\\\/www.aclanester56.com\\\/velo\\\/une-equipe-de-lac-lanester-56-sur-le-tour-de-vendee-cadets\\\/#article\",\"isPartOf\":{\"@id\":\"https:\\\/\\\/www.aclanester56.com\\\/velo\\\/une-equipe-de-lac-lanester-56-sur-le-tour-de-vendee-cadets\\\/\"},\"author\":{\"name\":\"Jean-Christophe\",\"@id\":\"https:\\\/\\\/www.aclanester56.com\\\/velo\\\/#\\\/schema\\\/person\\\/ca2a44a5fd969e9dd846c72d3b33bc01\"},\"headline\":\"Une \u00e9quipe de l&rsquo;AC LANESTER 56 sur le Tour de Vend\u00e9e Cadets\",\"datePublished\":\"2011-10-03T19:26:05+00:00\",\"dateModified\":\"2013-12-22T20:20:19+00:00\",\"mainEntityOfPage\":{\"@id\":\"https:\\\/\\\/www.aclanester56.com\\\/velo\\\/une-equipe-de-lac-lanester-56-sur-le-tour-de-vendee-cadets\\\/\"},\"wordCount\":459,\"commentCount\":0,\"publisher\":{\"@id\":\"https:\\\/\\\/www.aclanester56.com\\\/velo\\\/#organization\"},\"image\":{\"@id\":\"https:\\\/\\\/www.aclanester56.com\\\/velo\\\/une-equipe-de-lac-lanester-56-sur-le-tour-de-vendee-cadets\\\/#primaryimage\"},\"thumbnailUrl\":\"https:\\\/\\\/www.aclanester56.com\\\/velo\\\/wp-content\\\/uploads\\\/2011\\\/10\\\/tour-de-vend\u00e9e-cadet-4-redim1024-Copie.jpg\",\"articleSection\":[\"AC LANESTER 56\",\"R\u00e9sultats\",\"R\u00e9sultats Cadets\"],\"inLanguage\":\"fr-FR\",\"potentialAction\":[{\"@type\":\"CommentAction\",\"name\":\"Comment\",\"target\":[\"https:\\\/\\\/www.aclanester56.com\\\/velo\\\/une-equipe-de-lac-lanester-56-sur-le-tour-de-vendee-cadets\\\/#respond\"]}]},{\"@type\":\"WebPage\",\"@id\":\"https:\\\/\\\/www.aclanester56.com\\\/velo\\\/une-equipe-de-lac-lanester-56-sur-le-tour-de-vendee-cadets\\\/\",\"url\":\"https:\\\/\\\/www.aclanester56.com\\\/velo\\\/une-equipe-de-lac-lanester-56-sur-le-tour-de-vendee-cadets\\\/\",\"name\":\"Une \u00e9quipe de l'AC LANESTER 56 sur le Tour de Vend\u00e9e Cadets - Avenir Cycliste Lanester 56\",\"isPartOf\":{\"@id\":\"https:\\\/\\\/www.aclanester56.com\\\/velo\\\/#website\"},\"primaryImageOfPage\":{\"@id\":\"https:\\\/\\\/www.aclanester56.com\\\/velo\\\/une-equipe-de-lac-lanester-56-sur-le-tour-de-vendee-cadets\\\/#primaryimage\"},\"image\":{\"@id\":\"https:\\\/\\\/www.aclanester56.com\\\/velo\\\/une-equipe-de-lac-lanester-56-sur-le-tour-de-vendee-cadets\\\/#primaryimage\"},\"thumbnailUrl\":\"https:\\\/\\\/www.aclanester56.com\\\/velo\\\/wp-content\\\/uploads\\\/2011\\\/10\\\/tour-de-vend\u00e9e-cadet-4-redim1024-Copie.jpg\",\"datePublished\":\"2011-10-03T19:26:05+00:00\",\"dateModified\":\"2013-12-22T20:20:19+00:00\",\"inLanguage\":\"fr-FR\",\"potentialAction\":[{\"@type\":\"ReadAction\",\"target\":[\"https:\\\/\\\/www.aclanester56.com\\\/velo\\\/une-equipe-de-lac-lanester-56-sur-le-tour-de-vendee-cadets\\\/\"]}]},{\"@type\":\"ImageObject\",\"inLanguage\":\"fr-FR\",\"@id\":\"https:\\\/\\\/www.aclanester56.com\\\/velo\\\/une-equipe-de-lac-lanester-56-sur-le-tour-de-vendee-cadets\\\/#primaryimage\",\"url\":\"https:\\\/\\\/www.aclanester56.com\\\/velo\\\/wp-content\\\/uploads\\\/2011\\\/10\\\/tour-de-vend\u00e9e-cadet-4-redim1024-Copie.jpg\",\"contentUrl\":\"https:\\\/\\\/www.aclanester56.com\\\/velo\\\/wp-content\\\/uploads\\\/2011\\\/10\\\/tour-de-vend\u00e9e-cadet-4-redim1024-Copie.jpg\",\"width\":650,\"height\":300},{\"@type\":\"WebSite\",\"@id\":\"https:\\\/\\\/www.aclanester56.com\\\/velo\\\/#website\",\"url\":\"https:\\\/\\\/www.aclanester56.com\\\/velo\\\/\",\"name\":\"Avenir Cycliste Lanester 56\",\"description\":\"Club cycliste de l&#039;AC LANESTER 56\",\"publisher\":{\"@id\":\"https:\\\/\\\/www.aclanester56.com\\\/velo\\\/#organization\"},\"potentialAction\":[{\"@type\":\"SearchAction\",\"target\":{\"@type\":\"EntryPoint\",\"urlTemplate\":\"https:\\\/\\\/www.aclanester56.com\\\/velo\\\/?s={search_term_string}\"},\"query-input\":{\"@type\":\"PropertyValueSpecification\",\"valueRequired\":true,\"valueName\":\"search_term_string\"}}],\"inLanguage\":\"fr-FR\"},{\"@type\":\"Organization\",\"@id\":\"https:\\\/\\\/www.aclanester56.com\\\/velo\\\/#organization\",\"name\":\"Avenir Cycliste Lanester 56\",\"url\":\"https:\\\/\\\/www.aclanester56.com\\\/velo\\\/\",\"logo\":{\"@type\":\"ImageObject\",\"inLanguage\":\"fr-FR\",\"@id\":\"https:\\\/\\\/www.aclanester56.com\\\/velo\\\/#\\\/schema\\\/logo\\\/image\\\/\",\"url\":\"https:\\\/\\\/www.aclanester56.com\\\/velo\\\/wp-content\\\/uploads\\\/2013\\\/04\\\/logo-ACL.jpg\",\"contentUrl\":\"https:\\\/\\\/www.aclanester56.com\\\/velo\\\/wp-content\\\/uploads\\\/2013\\\/04\\\/logo-ACL.jpg\",\"width\":400,\"height\":334,\"caption\":\"Avenir Cycliste Lanester 56\"},\"image\":{\"@id\":\"https:\\\/\\\/www.aclanester56.com\\\/velo\\\/#\\\/schema\\\/logo\\\/image\\\/\"},\"sameAs\":[\"https:\\\/\\\/www.facebook.com\\\/pages\\\/AC-Lanester-56\\\/190286300991242?fref=ts\"]},{\"@type\":\"Person\",\"@id\":\"https:\\\/\\\/www.aclanester56.com\\\/velo\\\/#\\\/schema\\\/person\\\/ca2a44a5fd969e9dd846c72d3b33bc01\",\"name\":\"Jean-Christophe\",\"url\":\"https:\\\/\\\/www.aclanester56.com\\\/velo\\\/author\\\/jeanchristophe\\\/\"}]}<\/script>\n<!-- \/ Yoast SEO plugin. -->","yoast_head_json":{"title":"Une \u00e9quipe de l'AC LANESTER 56 sur le Tour de Vend\u00e9e Cadets - Avenir Cycliste Lanester 56","robots":{"index":"index","follow":"follow","max-snippet":"max-snippet:-1","max-image-preview":"max-image-preview:large","max-video-preview":"max-video-preview:-1"},"canonical":"https:\/\/www.aclanester56.com\/velo\/une-equipe-de-lac-lanester-56-sur-le-tour-de-vendee-cadets\/","og_locale":"fr_FR","og_type":"article","og_title":"Une \u00e9quipe de l'AC LANESTER 56 sur le Tour de Vend\u00e9e Cadets - Avenir Cycliste Lanester 56","og_url":"https:\/\/www.aclanester56.com\/velo\/une-equipe-de-lac-lanester-56-sur-le-tour-de-vendee-cadets\/","og_site_name":"Avenir Cycliste Lanester 56","article_publisher":"https:\/\/www.facebook.com\/pages\/AC-Lanester-56\/190286300991242?fref=ts","article_published_time":"2011-10-03T19:26:05+00:00","article_modified_time":"2013-12-22T20:20:19+00:00","og_image":[{"width":650,"height":300,"url":"https:\/\/www.aclanester56.com\/velo\/wp-content\/uploads\/2011\/10\/tour-de-vend\u00e9e-cadet-4-redim1024-Copie.jpg","type":"image\/jpeg"}],"author":"Jean-Christophe","twitter_misc":{"\u00c9crit par":"Jean-Christophe","Dur\u00e9e de lecture estim\u00e9e":"2 minutes"},"schema":{"@context":"https:\/\/schema.org","@graph":[{"@type":"Article","@id":"https:\/\/www.aclanester56.com\/velo\/une-equipe-de-lac-lanester-56-sur-le-tour-de-vendee-cadets\/#article","isPartOf":{"@id":"https:\/\/www.aclanester56.com\/velo\/une-equipe-de-lac-lanester-56-sur-le-tour-de-vendee-cadets\/"},"author":{"name":"Jean-Christophe","@id":"https:\/\/www.aclanester56.com\/velo\/#\/schema\/person\/ca2a44a5fd969e9dd846c72d3b33bc01"},"headline":"Une \u00e9quipe de l&rsquo;AC LANESTER 56 sur le Tour de Vend\u00e9e Cadets","datePublished":"2011-10-03T19:26:05+00:00","dateModified":"2013-12-22T20:20:19+00:00","mainEntityOfPage":{"@id":"https:\/\/www.aclanester56.com\/velo\/une-equipe-de-lac-lanester-56-sur-le-tour-de-vendee-cadets\/"},"wordCount":459,"commentCount":0,"publisher":{"@id":"https:\/\/www.aclanester56.com\/velo\/#organization"},"image":{"@id":"https:\/\/www.aclanester56.com\/velo\/une-equipe-de-lac-lanester-56-sur-le-tour-de-vendee-cadets\/#primaryimage"},"thumbnailUrl":"https:\/\/www.aclanester56.com\/velo\/wp-content\/uploads\/2011\/10\/tour-de-vend\u00e9e-cadet-4-redim1024-Copie.jpg","articleSection":["AC LANESTER 56","R\u00e9sultats","R\u00e9sultats Cadets"],"inLanguage":"fr-FR","potentialAction":[{"@type":"CommentAction","name":"Comment","target":["https:\/\/www.aclanester56.com\/velo\/une-equipe-de-lac-lanester-56-sur-le-tour-de-vendee-cadets\/#respond"]}]},{"@type":"WebPage","@id":"https:\/\/www.aclanester56.com\/velo\/une-equipe-de-lac-lanester-56-sur-le-tour-de-vendee-cadets\/","url":"https:\/\/www.aclanester56.com\/velo\/une-equipe-de-lac-lanester-56-sur-le-tour-de-vendee-cadets\/","name":"Une \u00e9quipe de l'AC LANESTER 56 sur le Tour de Vend\u00e9e Cadets - Avenir Cycliste Lanester 56","isPartOf":{"@id":"https:\/\/www.aclanester56.com\/velo\/#website"},"primaryImageOfPage":{"@id":"https:\/\/www.aclanester56.com\/velo\/une-equipe-de-lac-lanester-56-sur-le-tour-de-vendee-cadets\/#primaryimage"},"image":{"@id":"https:\/\/www.aclanester56.com\/velo\/une-equipe-de-lac-lanester-56-sur-le-tour-de-vendee-cadets\/#primaryimage"},"thumbnailUrl":"https:\/\/www.aclanester56.com\/velo\/wp-content\/uploads\/2011\/10\/tour-de-vend\u00e9e-cadet-4-redim1024-Copie.jpg","datePublished":"2011-10-03T19:26:05+00:00","dateModified":"2013-12-22T20:20:19+00:00","inLanguage":"fr-FR","potentialAction":[{"@type":"ReadAction","target":["https:\/\/www.aclanester56.com\/velo\/une-equipe-de-lac-lanester-56-sur-le-tour-de-vendee-cadets\/"]}]},{"@type":"ImageObject","inLanguage":"fr-FR","@id":"https:\/\/www.aclanester56.com\/velo\/une-equipe-de-lac-lanester-56-sur-le-tour-de-vendee-cadets\/#primaryimage","url":"https:\/\/www.aclanester56.com\/velo\/wp-content\/uploads\/2011\/10\/tour-de-vend\u00e9e-cadet-4-redim1024-Copie.jpg","contentUrl":"https:\/\/www.aclanester56.com\/velo\/wp-content\/uploads\/2011\/10\/tour-de-vend\u00e9e-cadet-4-redim1024-Copie.jpg","width":650,"height":300},{"@type":"WebSite","@id":"https:\/\/www.aclanester56.com\/velo\/#website","url":"https:\/\/www.aclanester56.com\/velo\/","name":"Avenir Cycliste Lanester 56","description":"Club cycliste de l&#039;AC LANESTER 56","publisher":{"@id":"https:\/\/www.aclanester56.com\/velo\/#organization"},"potentialAction":[{"@type":"SearchAction","target":{"@type":"EntryPoint","urlTemplate":"https:\/\/www.aclanester56.com\/velo\/?s={search_term_string}"},"query-input":{"@type":"PropertyValueSpecification","valueRequired":true,"valueName":"search_term_string"}}],"inLanguage":"fr-FR"},{"@type":"Organization","@id":"https:\/\/www.aclanester56.com\/velo\/#organization","name":"Avenir Cycliste Lanester 56","url":"https:\/\/www.aclanester56.com\/velo\/","logo":{"@type":"ImageObject","inLanguage":"fr-FR","@id":"https:\/\/www.aclanester56.com\/velo\/#\/schema\/logo\/image\/","url":"https:\/\/www.aclanester56.com\/velo\/wp-content\/uploads\/2013\/04\/logo-ACL.jpg","contentUrl":"https:\/\/www.aclanester56.com\/velo\/wp-content\/uploads\/2013\/04\/logo-ACL.jpg","width":400,"height":334,"caption":"Avenir Cycliste Lanester 56"},"image":{"@id":"https:\/\/www.aclanester56.com\/velo\/#\/schema\/logo\/image\/"},"sameAs":["https:\/\/www.facebook.com\/pages\/AC-Lanester-56\/190286300991242?fref=ts"]},{"@type":"Person","@id":"https:\/\/www.aclanester56.com\/velo\/#\/schema\/person\/ca2a44a5fd969e9dd846c72d3b33bc01","name":"Jean-Christophe","url":"https:\/\/www.aclanester56.com\/velo\/author\/jeanchristophe\/"}]}},"_links":{"self":[{"href":"https:\/\/www.aclanester56.com\/velo\/wp-json\/wp\/v2\/posts\/9797","targetHints":{"allow":["GET"]}}],"collection":[{"href":"https:\/\/www.aclanester56.com\/velo\/wp-json\/wp\/v2\/posts"}],"about":[{"href":"https:\/\/www.aclanester56.com\/velo\/wp-json\/wp\/v2\/types\/post"}],"author":[{"embeddable":true,"href":"https:\/\/www.aclanester56.com\/velo\/wp-json\/wp\/v2\/users\/14"}],"replies":[{"embeddable":true,"href":"https:\/\/www.aclanester56.com\/velo\/wp-json\/wp\/v2\/comments?post=9797"}],"version-history":[{"count":0,"href":"https:\/\/www.aclanester56.com\/velo\/wp-json\/wp\/v2\/posts\/9797\/revisions"}],"wp:featuredmedia":[{"embeddable":true,"href":"https:\/\/www.aclanester56.com\/velo\/wp-json\/wp\/v2\/media\/9810"}],"wp:attachment":[{"href":"https:\/\/www.aclanester56.com\/velo\/wp-json\/wp\/v2\/media?parent=9797"}],"wp:term":[{"taxonomy":"category","embeddable":true,"href":"https:\/\/www.aclanester56.com\/velo\/wp-json\/wp\/v2\/categories?post=9797"},{"taxonomy":"post_tag","embeddable":true,"href":"https:\/\/www.aclanester56.com\/velo\/wp-json\/wp\/v2\/tags?post=9797"}],"curies":[{"name":"wp","href":"https:\/\/api.w.org\/{rel}","templated":true}]}}