{"id":9804,"date":"2011-10-04T21:21:23","date_gmt":"2011-10-04T20:21:23","guid":{"rendered":"http:\/\/www.aclanester56.com\/velo\/?p=9804"},"modified":"2013-12-22T22:20:02","modified_gmt":"2013-12-22T20:20:02","slug":"les-lanesteriens-sur-le-41eme-paris-connerre","status":"publish","type":"post","link":"https:\/\/www.aclanester56.com\/velo\/les-lanesteriens-sur-le-41eme-paris-connerre\/","title":{"rendered":"Les Lanest\u00e9riens sur le 41\u00e8me Paris-Connerr\u00e9"},"content":{"rendered":"<p style=\"text-align: justify;\"><!--more--><\/p>\n<p style=\"text-align: justify;\">La 41\u00e8me \u00e9dition de la classique Paris-Connerr\u00e9 (Elite nationale) se d\u00e9roulait aujourd&rsquo;hui avec un plateau tr\u00e8s relev\u00e9. Quatre Lanest\u00e9riens participaient \u00e0 cette belle \u00e9preuve et ils n&rsquo;\u00e9taient pas d\u00e9nu\u00e9s d&rsquo;ambitions compte-tenu de leurs derni\u00e8res sorties.<\/p>\n<p>\u00a0<span style=\"color: #ff6600;\"><strong>Un superbe plateau<\/strong><\/span><\/p>\n<p style=\"text-align: justify;\">Les Lanest\u00e9riens Christophe BALANNEC, Vincent RAGOT, Yann LE BUREL et Warren BARGUIL pointent sur la ligne de d\u00e9part sous un superbe soleil \u00e0 Emanc\u00e9 (Yvelynes, \u00e0 10 Km de Rambouillet) aux c\u00f4t\u00e9s du champion de France\u00a0Freddy BICHOT (Team V\u00e9randa Rideau Sarthe) et surtout du tout nouveau champion du Monde Espoirs Arnaud DEMARE (CC Nogent\/Oise).<\/p>\n<div id=\"attachment_9837\" style=\"width: 276px\" class=\"wp-caption alignright\"><a href=\"http:\/\/www.aclanester56.com\/velo\/wp-content\/uploads\/2011\/10\/Paris-Conner\u00e9-Lanester-1-800x535.jpg\"><img loading=\"lazy\" decoding=\"async\" aria-describedby=\"caption-attachment-9837\" class=\"size-large wp-image-9837\" title=\"Vincent Ragot \u00e9tait de la partie sur cette derni\u00e8re grande classique (photo S\u00e9bastien Barr\u00e9 - www.velostory.net)\" alt=\"\" src=\"http:\/\/www.aclanester56.com\/velo\/wp-content\/uploads\/2011\/10\/Paris-Conner\u00e9-Lanester-1-800x535.jpg\" width=\"266\" height=\"179\" srcset=\"https:\/\/www.aclanester56.com\/velo\/wp-content\/uploads\/2011\/10\/Paris-Conner\u00e9-Lanester-1-800x535.jpg 800w, https:\/\/www.aclanester56.com\/velo\/wp-content\/uploads\/2011\/10\/Paris-Conner\u00e9-Lanester-1-448x300.jpg 448w\" sizes=\"auto, (max-width: 266px) 100vw, 266px\" \/><\/a><p id=\"caption-attachment-9837\" class=\"wp-caption-text\">Vincent Ragot \u00e9tait de la partie sur cette derni\u00e8re grande classique (photo S\u00e9bastien Barr\u00e9 &#8211; www.velostory.net)<\/p><\/div>\n<p style=\"text-align: justify;\"><span style=\"color: #ff6600;\"><strong>Les Lanest\u00e9riens essaient sur la course en ligne &#8230; <\/strong><\/span><\/p>\n<p style=\"text-align: justify;\">Le parcours de 178 Km relativement roulant qui m\u00e8ne \u00e0 Connerr\u00e9 (Sarthe, \u00e0 20 Km du Mans) est habituellement propice aux \u00ab\u00a0bordures\u00a0\u00bb, mais le vent, tr\u00e8s faible aujourd&rsquo;hui, n&rsquo;a pas jou\u00e9 un r\u00f4le\u00a0pr\u00e9pond\u00e9rant. M\u00eame si les Lanest\u00e9riens ont \u00e9t\u00e9 actifs durant la course en ligne, ils doivent baisser pavillon dans les derniers kilom\u00e8tres, qui\u00a0s\u2019av\u00e9reront\u00a0finalement d\u00e9terminants.<\/p>\n<p style=\"text-align: justify;\"><span style=\"color: #ff6600;\"><strong>Le suspense jusqu&rsquo;au bout !<\/strong><\/span><\/p>\n<p style=\"text-align: justify;\">C&rsquo;est finalement l&rsquo;ancien professionnel S\u00e9bastien FOURNET-FAYARD (Team V\u00e9randa Rideau Sarthe) qui surgit dans les derniers hectom\u00e8tres et s&rsquo;impose devant Ang\u00e9lo TULIK (Vend\u00e9e U) et Benjamin CANTOURNET (SCO Dijon). Christophe BALANNEC et Warren BARGUIL terminent respectivement 59\u00e8me et 103\u00e8me. L&rsquo;\u00e9quipe \u00e9tait bien encadr\u00e9e par Franck, J\u00e9r\u00f4me, Sylvain et Davy !<\/p>\n<div id=\"attachment_9843\" style=\"width: 276px\" class=\"wp-caption alignright\"><a href=\"http:\/\/www.aclanester56.com\/velo\/wp-content\/uploads\/2011\/10\/8-Apr\u00e9s-avoir-anim\u00e9-la-course-dans-une-\u00e9chapp\u00e9e-longue-\u00e9chapp\u00e9e-Arnaud-D\u00e9mare-finit-tranquillement-avec-Warren-Barquil-800x536.jpg\"><img loading=\"lazy\" decoding=\"async\" aria-describedby=\"caption-attachment-9843\" class=\"size-large wp-image-9843\" title=\"Warren Barguil en termine ici aux c\u00f4t\u00e9s du tout nouveau champion du monde Espoir Arnaud Demare (photo S\u00e9bastien Barr\u00e9 - www.velostory.net)\" alt=\"\" src=\"http:\/\/www.aclanester56.com\/velo\/wp-content\/uploads\/2011\/10\/8-Apr\u00e9s-avoir-anim\u00e9-la-course-dans-une-\u00e9chapp\u00e9e-longue-\u00e9chapp\u00e9e-Arnaud-D\u00e9mare-finit-tranquillement-avec-Warren-Barquil-800x536.jpg\" width=\"266\" height=\"179\" srcset=\"https:\/\/www.aclanester56.com\/velo\/wp-content\/uploads\/2011\/10\/8-Apr\u00e9s-avoir-anim\u00e9-la-course-dans-une-\u00e9chapp\u00e9e-longue-\u00e9chapp\u00e9e-Arnaud-D\u00e9mare-finit-tranquillement-avec-Warren-Barquil-800x536.jpg 800w, https:\/\/www.aclanester56.com\/velo\/wp-content\/uploads\/2011\/10\/8-Apr\u00e9s-avoir-anim\u00e9-la-course-dans-une-\u00e9chapp\u00e9e-longue-\u00e9chapp\u00e9e-Arnaud-D\u00e9mare-finit-tranquillement-avec-Warren-Barquil-300x201.jpg 300w, https:\/\/www.aclanester56.com\/velo\/wp-content\/uploads\/2011\/10\/8-Apr\u00e9s-avoir-anim\u00e9-la-course-dans-une-\u00e9chapp\u00e9e-longue-\u00e9chapp\u00e9e-Arnaud-D\u00e9mare-finit-tranquillement-avec-Warren-Barquil-447x300.jpg 447w\" sizes=\"auto, (max-width: 266px) 100vw, 266px\" \/><\/a><p id=\"caption-attachment-9843\" class=\"wp-caption-text\">Warren Barguil en termine ici aux c\u00f4t\u00e9s du tout nouveau champion du monde Espoir Arnaud Demare (photo S\u00e9bastien Barr\u00e9 &#8211; www.velostory.net)<\/p><\/div>\n<p style=\"text-align: justify;\"><span style=\"text-decoration: underline;\"><strong>Classement :<\/strong><\/span><\/p>\n<p style=\"text-align: justify;\">1 FOURNET FAYARD SEBASTIEN VERANDA RIDEAU SARTHE les 178 km en 4h07&rsquo;10\u00a0\u00bb<br \/> 2 TULIK ANGELO VENDEE U PAYS DE LA LOIRE 4h07&rsquo;13\u00a0\u00bb<br \/> 3 CANTOURNET BENJAMIN S.C.OLYMPIQUE DE DIJON \u00ab\u00a0<br \/> 4 SINNER Benoit ARMEE DE TERRE \u00ab\u00a0<br \/> 5 PLOUHINEC SAMUEL VERANDA RIDEAU SARTHE \u00ab\u00a0<br \/> 6 TALLONNEAU Gw\u00e9nna\u00ebl GUIDON CHALETTOIS \u00ab\u00a0<br \/> 7 CLOAREC MATHIEU UC NANTES ATLANTIQUE \u00ab\u00a0<br \/> 8 THOMINET Camille CC VILLENEUVE ST GERMAIN 4h07&rsquo;20\u00a0\u00bb<br \/> 9 ROSSETTO St\u00e9phane CC NOGENT \/ OISE \u00ab\u00a0<br \/> 10 MARTIN Steven SOJASUN ESPOIR ACNC \u00ab\u00a0<br \/> <span style=\"background-color: #ff6600;\">59 BALANNEC Christophe AC LANESTER 56 \u00ab\u00a0<\/span><br \/> <span style=\"background-color: #ff6600;\">103 BARGUIL Warren AC LANESTER 56 \u00ab\u00a0<\/span><\/p>\n<p>&nbsp;<\/p>\n","protected":false},"excerpt":{"rendered":"","protected":false},"author":14,"featured_media":9833,"comment_status":"open","ping_status":"closed","sticky":false,"template":"","format":"standard","meta":{"ngg_post_thumbnail":0,"footnotes":""},"categories":[5,16,17],"tags":[],"class_list":["post-9804","post","type-post","status-publish","format-standard","has-post-thumbnail","hentry","category-ac-lanester-56","category-resultats","category-resultats-dn"],"yoast_head":"<!-- This site is optimized with the Yoast SEO plugin v27.5 - https:\/\/yoast.com\/product\/yoast-seo-wordpress\/ -->\n<title>Les Lanest\u00e9riens sur le 41\u00e8me Paris-Connerr\u00e9 - Avenir Cycliste Lanester 56<\/title>\n<meta name=\"robots\" content=\"index, follow, max-snippet:-1, max-image-preview:large, max-video-preview:-1\" \/>\n<link rel=\"canonical\" href=\"https:\/\/www.aclanester56.com\/velo\/les-lanesteriens-sur-le-41eme-paris-connerre\/\" \/>\n<meta property=\"og:locale\" content=\"fr_FR\" \/>\n<meta property=\"og:type\" content=\"article\" \/>\n<meta property=\"og:title\" content=\"Les Lanest\u00e9riens sur le 41\u00e8me Paris-Connerr\u00e9 - Avenir Cycliste Lanester 56\" \/>\n<meta property=\"og:url\" content=\"https:\/\/www.aclanester56.com\/velo\/les-lanesteriens-sur-le-41eme-paris-connerre\/\" \/>\n<meta property=\"og:site_name\" content=\"Avenir Cycliste Lanester 56\" \/>\n<meta property=\"article:publisher\" content=\"https:\/\/www.facebook.com\/pages\/AC-Lanester-56\/190286300991242?fref=ts\" \/>\n<meta property=\"article:published_time\" content=\"2011-10-04T20:21:23+00:00\" \/>\n<meta property=\"article:modified_time\" content=\"2013-12-22T20:20:02+00:00\" \/>\n<meta property=\"og:image\" content=\"https:\/\/www.aclanester56.com\/velo\/wp-content\/uploads\/2011\/10\/P1000976-Copie-Copie.jpg\" \/>\n\t<meta property=\"og:image:width\" content=\"650\" \/>\n\t<meta property=\"og:image:height\" content=\"300\" \/>\n\t<meta property=\"og:image:type\" content=\"image\/jpeg\" \/>\n<meta name=\"author\" content=\"Jean-Christophe\" \/>\n<meta name=\"twitter:label1\" content=\"\u00c9crit par\" \/>\n\t<meta name=\"twitter:data1\" content=\"Jean-Christophe\" \/>\n\t<meta name=\"twitter:label2\" content=\"Dur\u00e9e de lecture estim\u00e9e\" \/>\n\t<meta name=\"twitter:data2\" content=\"2 minutes\" \/>\n<script type=\"application\/ld+json\" class=\"yoast-schema-graph\">{\"@context\":\"https:\\\/\\\/schema.org\",\"@graph\":[{\"@type\":\"Article\",\"@id\":\"https:\\\/\\\/www.aclanester56.com\\\/velo\\\/les-lanesteriens-sur-le-41eme-paris-connerre\\\/#article\",\"isPartOf\":{\"@id\":\"https:\\\/\\\/www.aclanester56.com\\\/velo\\\/les-lanesteriens-sur-le-41eme-paris-connerre\\\/\"},\"author\":{\"name\":\"Jean-Christophe\",\"@id\":\"https:\\\/\\\/www.aclanester56.com\\\/velo\\\/#\\\/schema\\\/person\\\/ca2a44a5fd969e9dd846c72d3b33bc01\"},\"headline\":\"Les Lanest\u00e9riens sur le 41\u00e8me Paris-Connerr\u00e9\",\"datePublished\":\"2011-10-04T20:21:23+00:00\",\"dateModified\":\"2013-12-22T20:20:02+00:00\",\"mainEntityOfPage\":{\"@id\":\"https:\\\/\\\/www.aclanester56.com\\\/velo\\\/les-lanesteriens-sur-le-41eme-paris-connerre\\\/\"},\"wordCount\":382,\"commentCount\":0,\"publisher\":{\"@id\":\"https:\\\/\\\/www.aclanester56.com\\\/velo\\\/#organization\"},\"image\":{\"@id\":\"https:\\\/\\\/www.aclanester56.com\\\/velo\\\/les-lanesteriens-sur-le-41eme-paris-connerre\\\/#primaryimage\"},\"thumbnailUrl\":\"https:\\\/\\\/www.aclanester56.com\\\/velo\\\/wp-content\\\/uploads\\\/2011\\\/10\\\/P1000976-Copie-Copie.jpg\",\"articleSection\":[\"AC LANESTER 56\",\"R\u00e9sultats\",\"R\u00e9sultats DN\"],\"inLanguage\":\"fr-FR\",\"potentialAction\":[{\"@type\":\"CommentAction\",\"name\":\"Comment\",\"target\":[\"https:\\\/\\\/www.aclanester56.com\\\/velo\\\/les-lanesteriens-sur-le-41eme-paris-connerre\\\/#respond\"]}]},{\"@type\":\"WebPage\",\"@id\":\"https:\\\/\\\/www.aclanester56.com\\\/velo\\\/les-lanesteriens-sur-le-41eme-paris-connerre\\\/\",\"url\":\"https:\\\/\\\/www.aclanester56.com\\\/velo\\\/les-lanesteriens-sur-le-41eme-paris-connerre\\\/\",\"name\":\"Les Lanest\u00e9riens sur le 41\u00e8me Paris-Connerr\u00e9 - Avenir Cycliste Lanester 56\",\"isPartOf\":{\"@id\":\"https:\\\/\\\/www.aclanester56.com\\\/velo\\\/#website\"},\"primaryImageOfPage\":{\"@id\":\"https:\\\/\\\/www.aclanester56.com\\\/velo\\\/les-lanesteriens-sur-le-41eme-paris-connerre\\\/#primaryimage\"},\"image\":{\"@id\":\"https:\\\/\\\/www.aclanester56.com\\\/velo\\\/les-lanesteriens-sur-le-41eme-paris-connerre\\\/#primaryimage\"},\"thumbnailUrl\":\"https:\\\/\\\/www.aclanester56.com\\\/velo\\\/wp-content\\\/uploads\\\/2011\\\/10\\\/P1000976-Copie-Copie.jpg\",\"datePublished\":\"2011-10-04T20:21:23+00:00\",\"dateModified\":\"2013-12-22T20:20:02+00:00\",\"inLanguage\":\"fr-FR\",\"potentialAction\":[{\"@type\":\"ReadAction\",\"target\":[\"https:\\\/\\\/www.aclanester56.com\\\/velo\\\/les-lanesteriens-sur-le-41eme-paris-connerre\\\/\"]}]},{\"@type\":\"ImageObject\",\"inLanguage\":\"fr-FR\",\"@id\":\"https:\\\/\\\/www.aclanester56.com\\\/velo\\\/les-lanesteriens-sur-le-41eme-paris-connerre\\\/#primaryimage\",\"url\":\"https:\\\/\\\/www.aclanester56.com\\\/velo\\\/wp-content\\\/uploads\\\/2011\\\/10\\\/P1000976-Copie-Copie.jpg\",\"contentUrl\":\"https:\\\/\\\/www.aclanester56.com\\\/velo\\\/wp-content\\\/uploads\\\/2011\\\/10\\\/P1000976-Copie-Copie.jpg\",\"width\":650,\"height\":300},{\"@type\":\"WebSite\",\"@id\":\"https:\\\/\\\/www.aclanester56.com\\\/velo\\\/#website\",\"url\":\"https:\\\/\\\/www.aclanester56.com\\\/velo\\\/\",\"name\":\"Avenir Cycliste Lanester 56\",\"description\":\"Club cycliste de l&#039;AC LANESTER 56\",\"publisher\":{\"@id\":\"https:\\\/\\\/www.aclanester56.com\\\/velo\\\/#organization\"},\"potentialAction\":[{\"@type\":\"SearchAction\",\"target\":{\"@type\":\"EntryPoint\",\"urlTemplate\":\"https:\\\/\\\/www.aclanester56.com\\\/velo\\\/?s={search_term_string}\"},\"query-input\":{\"@type\":\"PropertyValueSpecification\",\"valueRequired\":true,\"valueName\":\"search_term_string\"}}],\"inLanguage\":\"fr-FR\"},{\"@type\":\"Organization\",\"@id\":\"https:\\\/\\\/www.aclanester56.com\\\/velo\\\/#organization\",\"name\":\"Avenir Cycliste Lanester 56\",\"url\":\"https:\\\/\\\/www.aclanester56.com\\\/velo\\\/\",\"logo\":{\"@type\":\"ImageObject\",\"inLanguage\":\"fr-FR\",\"@id\":\"https:\\\/\\\/www.aclanester56.com\\\/velo\\\/#\\\/schema\\\/logo\\\/image\\\/\",\"url\":\"https:\\\/\\\/www.aclanester56.com\\\/velo\\\/wp-content\\\/uploads\\\/2013\\\/04\\\/logo-ACL.jpg\",\"contentUrl\":\"https:\\\/\\\/www.aclanester56.com\\\/velo\\\/wp-content\\\/uploads\\\/2013\\\/04\\\/logo-ACL.jpg\",\"width\":400,\"height\":334,\"caption\":\"Avenir Cycliste Lanester 56\"},\"image\":{\"@id\":\"https:\\\/\\\/www.aclanester56.com\\\/velo\\\/#\\\/schema\\\/logo\\\/image\\\/\"},\"sameAs\":[\"https:\\\/\\\/www.facebook.com\\\/pages\\\/AC-Lanester-56\\\/190286300991242?fref=ts\"]},{\"@type\":\"Person\",\"@id\":\"https:\\\/\\\/www.aclanester56.com\\\/velo\\\/#\\\/schema\\\/person\\\/ca2a44a5fd969e9dd846c72d3b33bc01\",\"name\":\"Jean-Christophe\",\"url\":\"https:\\\/\\\/www.aclanester56.com\\\/velo\\\/author\\\/jeanchristophe\\\/\"}]}<\/script>\n<!-- \/ Yoast SEO plugin. -->","yoast_head_json":{"title":"Les Lanest\u00e9riens sur le 41\u00e8me Paris-Connerr\u00e9 - Avenir Cycliste Lanester 56","robots":{"index":"index","follow":"follow","max-snippet":"max-snippet:-1","max-image-preview":"max-image-preview:large","max-video-preview":"max-video-preview:-1"},"canonical":"https:\/\/www.aclanester56.com\/velo\/les-lanesteriens-sur-le-41eme-paris-connerre\/","og_locale":"fr_FR","og_type":"article","og_title":"Les Lanest\u00e9riens sur le 41\u00e8me Paris-Connerr\u00e9 - Avenir Cycliste Lanester 56","og_url":"https:\/\/www.aclanester56.com\/velo\/les-lanesteriens-sur-le-41eme-paris-connerre\/","og_site_name":"Avenir Cycliste Lanester 56","article_publisher":"https:\/\/www.facebook.com\/pages\/AC-Lanester-56\/190286300991242?fref=ts","article_published_time":"2011-10-04T20:21:23+00:00","article_modified_time":"2013-12-22T20:20:02+00:00","og_image":[{"width":650,"height":300,"url":"https:\/\/www.aclanester56.com\/velo\/wp-content\/uploads\/2011\/10\/P1000976-Copie-Copie.jpg","type":"image\/jpeg"}],"author":"Jean-Christophe","twitter_misc":{"\u00c9crit par":"Jean-Christophe","Dur\u00e9e de lecture estim\u00e9e":"2 minutes"},"schema":{"@context":"https:\/\/schema.org","@graph":[{"@type":"Article","@id":"https:\/\/www.aclanester56.com\/velo\/les-lanesteriens-sur-le-41eme-paris-connerre\/#article","isPartOf":{"@id":"https:\/\/www.aclanester56.com\/velo\/les-lanesteriens-sur-le-41eme-paris-connerre\/"},"author":{"name":"Jean-Christophe","@id":"https:\/\/www.aclanester56.com\/velo\/#\/schema\/person\/ca2a44a5fd969e9dd846c72d3b33bc01"},"headline":"Les Lanest\u00e9riens sur le 41\u00e8me Paris-Connerr\u00e9","datePublished":"2011-10-04T20:21:23+00:00","dateModified":"2013-12-22T20:20:02+00:00","mainEntityOfPage":{"@id":"https:\/\/www.aclanester56.com\/velo\/les-lanesteriens-sur-le-41eme-paris-connerre\/"},"wordCount":382,"commentCount":0,"publisher":{"@id":"https:\/\/www.aclanester56.com\/velo\/#organization"},"image":{"@id":"https:\/\/www.aclanester56.com\/velo\/les-lanesteriens-sur-le-41eme-paris-connerre\/#primaryimage"},"thumbnailUrl":"https:\/\/www.aclanester56.com\/velo\/wp-content\/uploads\/2011\/10\/P1000976-Copie-Copie.jpg","articleSection":["AC LANESTER 56","R\u00e9sultats","R\u00e9sultats DN"],"inLanguage":"fr-FR","potentialAction":[{"@type":"CommentAction","name":"Comment","target":["https:\/\/www.aclanester56.com\/velo\/les-lanesteriens-sur-le-41eme-paris-connerre\/#respond"]}]},{"@type":"WebPage","@id":"https:\/\/www.aclanester56.com\/velo\/les-lanesteriens-sur-le-41eme-paris-connerre\/","url":"https:\/\/www.aclanester56.com\/velo\/les-lanesteriens-sur-le-41eme-paris-connerre\/","name":"Les Lanest\u00e9riens sur le 41\u00e8me Paris-Connerr\u00e9 - Avenir Cycliste Lanester 56","isPartOf":{"@id":"https:\/\/www.aclanester56.com\/velo\/#website"},"primaryImageOfPage":{"@id":"https:\/\/www.aclanester56.com\/velo\/les-lanesteriens-sur-le-41eme-paris-connerre\/#primaryimage"},"image":{"@id":"https:\/\/www.aclanester56.com\/velo\/les-lanesteriens-sur-le-41eme-paris-connerre\/#primaryimage"},"thumbnailUrl":"https:\/\/www.aclanester56.com\/velo\/wp-content\/uploads\/2011\/10\/P1000976-Copie-Copie.jpg","datePublished":"2011-10-04T20:21:23+00:00","dateModified":"2013-12-22T20:20:02+00:00","inLanguage":"fr-FR","potentialAction":[{"@type":"ReadAction","target":["https:\/\/www.aclanester56.com\/velo\/les-lanesteriens-sur-le-41eme-paris-connerre\/"]}]},{"@type":"ImageObject","inLanguage":"fr-FR","@id":"https:\/\/www.aclanester56.com\/velo\/les-lanesteriens-sur-le-41eme-paris-connerre\/#primaryimage","url":"https:\/\/www.aclanester56.com\/velo\/wp-content\/uploads\/2011\/10\/P1000976-Copie-Copie.jpg","contentUrl":"https:\/\/www.aclanester56.com\/velo\/wp-content\/uploads\/2011\/10\/P1000976-Copie-Copie.jpg","width":650,"height":300},{"@type":"WebSite","@id":"https:\/\/www.aclanester56.com\/velo\/#website","url":"https:\/\/www.aclanester56.com\/velo\/","name":"Avenir Cycliste Lanester 56","description":"Club cycliste de l&#039;AC LANESTER 56","publisher":{"@id":"https:\/\/www.aclanester56.com\/velo\/#organization"},"potentialAction":[{"@type":"SearchAction","target":{"@type":"EntryPoint","urlTemplate":"https:\/\/www.aclanester56.com\/velo\/?s={search_term_string}"},"query-input":{"@type":"PropertyValueSpecification","valueRequired":true,"valueName":"search_term_string"}}],"inLanguage":"fr-FR"},{"@type":"Organization","@id":"https:\/\/www.aclanester56.com\/velo\/#organization","name":"Avenir Cycliste Lanester 56","url":"https:\/\/www.aclanester56.com\/velo\/","logo":{"@type":"ImageObject","inLanguage":"fr-FR","@id":"https:\/\/www.aclanester56.com\/velo\/#\/schema\/logo\/image\/","url":"https:\/\/www.aclanester56.com\/velo\/wp-content\/uploads\/2013\/04\/logo-ACL.jpg","contentUrl":"https:\/\/www.aclanester56.com\/velo\/wp-content\/uploads\/2013\/04\/logo-ACL.jpg","width":400,"height":334,"caption":"Avenir Cycliste Lanester 56"},"image":{"@id":"https:\/\/www.aclanester56.com\/velo\/#\/schema\/logo\/image\/"},"sameAs":["https:\/\/www.facebook.com\/pages\/AC-Lanester-56\/190286300991242?fref=ts"]},{"@type":"Person","@id":"https:\/\/www.aclanester56.com\/velo\/#\/schema\/person\/ca2a44a5fd969e9dd846c72d3b33bc01","name":"Jean-Christophe","url":"https:\/\/www.aclanester56.com\/velo\/author\/jeanchristophe\/"}]}},"_links":{"self":[{"href":"https:\/\/www.aclanester56.com\/velo\/wp-json\/wp\/v2\/posts\/9804","targetHints":{"allow":["GET"]}}],"collection":[{"href":"https:\/\/www.aclanester56.com\/velo\/wp-json\/wp\/v2\/posts"}],"about":[{"href":"https:\/\/www.aclanester56.com\/velo\/wp-json\/wp\/v2\/types\/post"}],"author":[{"embeddable":true,"href":"https:\/\/www.aclanester56.com\/velo\/wp-json\/wp\/v2\/users\/14"}],"replies":[{"embeddable":true,"href":"https:\/\/www.aclanester56.com\/velo\/wp-json\/wp\/v2\/comments?post=9804"}],"version-history":[{"count":0,"href":"https:\/\/www.aclanester56.com\/velo\/wp-json\/wp\/v2\/posts\/9804\/revisions"}],"wp:featuredmedia":[{"embeddable":true,"href":"https:\/\/www.aclanester56.com\/velo\/wp-json\/wp\/v2\/media\/9833"}],"wp:attachment":[{"href":"https:\/\/www.aclanester56.com\/velo\/wp-json\/wp\/v2\/media?parent=9804"}],"wp:term":[{"taxonomy":"category","embeddable":true,"href":"https:\/\/www.aclanester56.com\/velo\/wp-json\/wp\/v2\/categories?post=9804"},{"taxonomy":"post_tag","embeddable":true,"href":"https:\/\/www.aclanester56.com\/velo\/wp-json\/wp\/v2\/tags?post=9804"}],"curies":[{"name":"wp","href":"https:\/\/api.w.org\/{rel}","templated":true}]}}