{"id":9930,"date":"2011-10-10T00:30:34","date_gmt":"2011-10-09T23:30:34","guid":{"rendered":"http:\/\/www.aclanester56.com\/velo\/?p=9930"},"modified":"2013-12-22T22:18:46","modified_gmt":"2013-12-22T20:18:46","slug":"resultats-des-cyclo-cross-du-week-end","status":"publish","type":"post","link":"https:\/\/www.aclanester56.com\/velo\/resultats-des-cyclo-cross-du-week-end\/","title":{"rendered":"R\u00e9sultats des cyclo-cross du week-end"},"content":{"rendered":"<p style=\"text-align: justify;\"><!--more--><\/p>\n<p style=\"text-align: justify;\">Ca y est, la saison de cyclo-cross est bien lanc\u00e9e. Les Lanest\u00e9riens participaient ce week-end aux cyclo-cross de Bouaye, Le Drennec et Quistinic !<\/p>\n<p><strong style=\"font-size: 14px; line-height: 1.5em;\">Cyclo-cross de BOUAYE (Juniors et Masters) :<\/strong><\/p>\n<p>1\u00a0BOURREAU\u00a0THOMAS\u00a0(\u00a0SABLE SARTHE CYCLISME PDL\u00a0)\u00a0Jun<br \/> 2\u00a0FERASSE\u00a0THIBAULT\u00a0(\u00a0UC NANTES ATLANTIQUE\u00a0)\u00a0Jun<br \/> 3\u00a0ABADIE\u00a0SYLVAIN\u00a0(\u00a0OC LOCMINE\u00a0)\u00a0M 3C<br \/> 4\u00a0GOURMAND\u00a0EMMANUEL\u00a0(\u00a0AC BREVINOIS\u00a0)\u00a0M PC<br \/> 5\u00a0TESSIER\u00a0FLORIAN\u00a0(\u00a0US ST HERBLAIN\u00a0)\u00a0Jun<br \/> <span style=\"background-color: #ff6600;\">13\u00a0LAUNAY\u00a0NICOLAS\u00a0(\u00a0AC LANESTER 56 )\u00a0M PC<\/span><\/p>\n<p><span style=\"text-decoration: underline;\"><strong>Cyclo-cross de BOUAYE (Elites et Espoirs) :<\/strong><\/span><br \/> 1\u00a0LECUYER\u00a0ANTOINE\u00a0(\u00a0AC BREVINOIS\u00a0)\u00a0en 47&rsquo;48\u00a0\u00bb<br \/> 2\u00a0PINEAU\u00a0JEROME\u00a0(\u00a0US ST HERBLAIN \/ QUICK STEP\u00a0)<br \/> 3\u00a0TREHIN\u00a0JULIEN\u00a0(\u00a0UNION CYCLISTE CHOLET 49\u00a0)<br \/> 4\u00a0LE MAITRE\u00a0NICOLAS\u00a0(\u00a0VS PAYS DE LAMBALLE\u00a0)<br \/> 5\u00a0QUESNEL\u00a0AMAURY\u00a0(\u00a0UC NANTES ATLANTIQUE\u00a0)<br \/> <span style=\"background-color: #ff6600;\">15\u00a0BONNO\u00a0JEF\u00a0(\u00a0AC LANESTER 56\u00a0)<\/span><\/p>\n<p><span style=\"text-decoration: underline;\"><strong>Cyclo-cross du Drennec (Elites et Espoirs) :<\/strong><\/span><br \/> 1 Nicolas Corvez (UC Briochine)<br \/> 2 Lionel Calvez (VS Quimper)<br \/> 3 J\u00e9r\u00e9mie Piriou (CC Concarneau) 1er espoir<br \/> <span style=\"background-color: #ff6600;\">4 Flavian Le Guellec (AC Lanester 56) 2\u00e8me espoir<\/span><br \/> 5 Micka\u00ebl Calvez (VS Quimper)<\/p>\n<p><span style=\"text-decoration: underline;\"><strong>Cyclo-cross de Quistinic (Elites et Espoirs) :<\/strong><\/span><br \/> 1\u00a0CORBIHAN\u00a0Yoann\u00a0UC PAYS PLOUAY\u00a051&rsquo;02\u00a0\u00bb<br \/> 2\u00a0LABORIE\u00a0Christophe\u00a0TAUPONT CYCLISME\u00a01\u00a0\u00a0\u00bb<br \/> 3\u00a0LE BOUEDEC\u00a0Christophe\u00a0EC QUEVENOISE\u00a013\u00a0\u00bb<br \/> 4\u00a0BLEUZEN\u00a0Micka\u00ebl\u00a0EC PLUVIGNOISE\u00a01&rsquo;24\u00a0\u00bb<br \/> 5\u00a0LE DORS\u00a0Iwan\u00a0VC PAYS DE LORIENT\u00a02&rsquo;02\u00a0\u00bb<br \/> <span style=\"background-color: #ff6600;\">12\u00a0CORNIC\u00a0Maxime\u00a0AC LANESTER 56<\/span><br \/> <span style=\"background-color: #ff6600;\"> 16\u00a0COZ\u00a0Antoine\u00a0AC LANESTER 56<\/span><\/p>\n<p>&nbsp;<\/p>\n","protected":false},"excerpt":{"rendered":"","protected":false},"author":14,"featured_media":9938,"comment_status":"open","ping_status":"closed","sticky":false,"template":"","format":"standard","meta":{"ngg_post_thumbnail":0,"footnotes":""},"categories":[5,28],"tags":[],"class_list":["post-9930","post","type-post","status-publish","format-standard","has-post-thumbnail","hentry","category-ac-lanester-56","category-resultats-cyclo-cross"],"yoast_head":"<!-- This site is optimized with the Yoast SEO plugin v27.5 - https:\/\/yoast.com\/product\/yoast-seo-wordpress\/ -->\n<title>R\u00e9sultats des cyclo-cross du week-end - Avenir Cycliste Lanester 56<\/title>\n<meta name=\"robots\" content=\"index, follow, max-snippet:-1, max-image-preview:large, max-video-preview:-1\" \/>\n<link rel=\"canonical\" href=\"https:\/\/www.aclanester56.com\/velo\/resultats-des-cyclo-cross-du-week-end\/\" \/>\n<meta property=\"og:locale\" content=\"fr_FR\" \/>\n<meta property=\"og:type\" content=\"article\" \/>\n<meta property=\"og:title\" content=\"R\u00e9sultats des cyclo-cross du week-end - Avenir Cycliste Lanester 56\" \/>\n<meta property=\"og:url\" content=\"https:\/\/www.aclanester56.com\/velo\/resultats-des-cyclo-cross-du-week-end\/\" \/>\n<meta property=\"og:site_name\" content=\"Avenir Cycliste Lanester 56\" \/>\n<meta property=\"article:publisher\" content=\"https:\/\/www.facebook.com\/pages\/AC-Lanester-56\/190286300991242?fref=ts\" \/>\n<meta property=\"article:published_time\" content=\"2011-10-09T23:30:34+00:00\" \/>\n<meta property=\"article:modified_time\" content=\"2013-12-22T20:18:46+00:00\" \/>\n<meta property=\"og:image\" content=\"https:\/\/www.aclanester56.com\/velo\/wp-content\/uploads\/2011\/10\/Antoine-Coz-Copie.jpg\" \/>\n\t<meta property=\"og:image:width\" content=\"650\" \/>\n\t<meta property=\"og:image:height\" content=\"300\" \/>\n\t<meta property=\"og:image:type\" content=\"image\/jpeg\" \/>\n<meta name=\"author\" content=\"Jean-Christophe\" \/>\n<meta name=\"twitter:label1\" content=\"\u00c9crit par\" \/>\n\t<meta name=\"twitter:data1\" content=\"Jean-Christophe\" \/>\n\t<meta name=\"twitter:label2\" content=\"Dur\u00e9e de lecture estim\u00e9e\" \/>\n\t<meta name=\"twitter:data2\" content=\"1 minute\" \/>\n<script type=\"application\/ld+json\" class=\"yoast-schema-graph\">{\"@context\":\"https:\\\/\\\/schema.org\",\"@graph\":[{\"@type\":\"Article\",\"@id\":\"https:\\\/\\\/www.aclanester56.com\\\/velo\\\/resultats-des-cyclo-cross-du-week-end\\\/#article\",\"isPartOf\":{\"@id\":\"https:\\\/\\\/www.aclanester56.com\\\/velo\\\/resultats-des-cyclo-cross-du-week-end\\\/\"},\"author\":{\"name\":\"Jean-Christophe\",\"@id\":\"https:\\\/\\\/www.aclanester56.com\\\/velo\\\/#\\\/schema\\\/person\\\/ca2a44a5fd969e9dd846c72d3b33bc01\"},\"headline\":\"R\u00e9sultats des cyclo-cross du week-end\",\"datePublished\":\"2011-10-09T23:30:34+00:00\",\"dateModified\":\"2013-12-22T20:18:46+00:00\",\"mainEntityOfPage\":{\"@id\":\"https:\\\/\\\/www.aclanester56.com\\\/velo\\\/resultats-des-cyclo-cross-du-week-end\\\/\"},\"wordCount\":197,\"commentCount\":0,\"publisher\":{\"@id\":\"https:\\\/\\\/www.aclanester56.com\\\/velo\\\/#organization\"},\"image\":{\"@id\":\"https:\\\/\\\/www.aclanester56.com\\\/velo\\\/resultats-des-cyclo-cross-du-week-end\\\/#primaryimage\"},\"thumbnailUrl\":\"https:\\\/\\\/www.aclanester56.com\\\/velo\\\/wp-content\\\/uploads\\\/2011\\\/10\\\/Antoine-Coz-Copie.jpg\",\"articleSection\":[\"AC LANESTER 56\",\"R\u00e9sultats Cyclo-Cross\"],\"inLanguage\":\"fr-FR\",\"potentialAction\":[{\"@type\":\"CommentAction\",\"name\":\"Comment\",\"target\":[\"https:\\\/\\\/www.aclanester56.com\\\/velo\\\/resultats-des-cyclo-cross-du-week-end\\\/#respond\"]}]},{\"@type\":\"WebPage\",\"@id\":\"https:\\\/\\\/www.aclanester56.com\\\/velo\\\/resultats-des-cyclo-cross-du-week-end\\\/\",\"url\":\"https:\\\/\\\/www.aclanester56.com\\\/velo\\\/resultats-des-cyclo-cross-du-week-end\\\/\",\"name\":\"R\u00e9sultats des cyclo-cross du week-end - Avenir Cycliste Lanester 56\",\"isPartOf\":{\"@id\":\"https:\\\/\\\/www.aclanester56.com\\\/velo\\\/#website\"},\"primaryImageOfPage\":{\"@id\":\"https:\\\/\\\/www.aclanester56.com\\\/velo\\\/resultats-des-cyclo-cross-du-week-end\\\/#primaryimage\"},\"image\":{\"@id\":\"https:\\\/\\\/www.aclanester56.com\\\/velo\\\/resultats-des-cyclo-cross-du-week-end\\\/#primaryimage\"},\"thumbnailUrl\":\"https:\\\/\\\/www.aclanester56.com\\\/velo\\\/wp-content\\\/uploads\\\/2011\\\/10\\\/Antoine-Coz-Copie.jpg\",\"datePublished\":\"2011-10-09T23:30:34+00:00\",\"dateModified\":\"2013-12-22T20:18:46+00:00\",\"inLanguage\":\"fr-FR\",\"potentialAction\":[{\"@type\":\"ReadAction\",\"target\":[\"https:\\\/\\\/www.aclanester56.com\\\/velo\\\/resultats-des-cyclo-cross-du-week-end\\\/\"]}]},{\"@type\":\"ImageObject\",\"inLanguage\":\"fr-FR\",\"@id\":\"https:\\\/\\\/www.aclanester56.com\\\/velo\\\/resultats-des-cyclo-cross-du-week-end\\\/#primaryimage\",\"url\":\"https:\\\/\\\/www.aclanester56.com\\\/velo\\\/wp-content\\\/uploads\\\/2011\\\/10\\\/Antoine-Coz-Copie.jpg\",\"contentUrl\":\"https:\\\/\\\/www.aclanester56.com\\\/velo\\\/wp-content\\\/uploads\\\/2011\\\/10\\\/Antoine-Coz-Copie.jpg\",\"width\":650,\"height\":300},{\"@type\":\"WebSite\",\"@id\":\"https:\\\/\\\/www.aclanester56.com\\\/velo\\\/#website\",\"url\":\"https:\\\/\\\/www.aclanester56.com\\\/velo\\\/\",\"name\":\"Avenir Cycliste Lanester 56\",\"description\":\"Club cycliste de l&#039;AC LANESTER 56\",\"publisher\":{\"@id\":\"https:\\\/\\\/www.aclanester56.com\\\/velo\\\/#organization\"},\"potentialAction\":[{\"@type\":\"SearchAction\",\"target\":{\"@type\":\"EntryPoint\",\"urlTemplate\":\"https:\\\/\\\/www.aclanester56.com\\\/velo\\\/?s={search_term_string}\"},\"query-input\":{\"@type\":\"PropertyValueSpecification\",\"valueRequired\":true,\"valueName\":\"search_term_string\"}}],\"inLanguage\":\"fr-FR\"},{\"@type\":\"Organization\",\"@id\":\"https:\\\/\\\/www.aclanester56.com\\\/velo\\\/#organization\",\"name\":\"Avenir Cycliste Lanester 56\",\"url\":\"https:\\\/\\\/www.aclanester56.com\\\/velo\\\/\",\"logo\":{\"@type\":\"ImageObject\",\"inLanguage\":\"fr-FR\",\"@id\":\"https:\\\/\\\/www.aclanester56.com\\\/velo\\\/#\\\/schema\\\/logo\\\/image\\\/\",\"url\":\"https:\\\/\\\/www.aclanester56.com\\\/velo\\\/wp-content\\\/uploads\\\/2013\\\/04\\\/logo-ACL.jpg\",\"contentUrl\":\"https:\\\/\\\/www.aclanester56.com\\\/velo\\\/wp-content\\\/uploads\\\/2013\\\/04\\\/logo-ACL.jpg\",\"width\":400,\"height\":334,\"caption\":\"Avenir Cycliste Lanester 56\"},\"image\":{\"@id\":\"https:\\\/\\\/www.aclanester56.com\\\/velo\\\/#\\\/schema\\\/logo\\\/image\\\/\"},\"sameAs\":[\"https:\\\/\\\/www.facebook.com\\\/pages\\\/AC-Lanester-56\\\/190286300991242?fref=ts\"]},{\"@type\":\"Person\",\"@id\":\"https:\\\/\\\/www.aclanester56.com\\\/velo\\\/#\\\/schema\\\/person\\\/ca2a44a5fd969e9dd846c72d3b33bc01\",\"name\":\"Jean-Christophe\",\"url\":\"https:\\\/\\\/www.aclanester56.com\\\/velo\\\/author\\\/jeanchristophe\\\/\"}]}<\/script>\n<!-- \/ Yoast SEO plugin. -->","yoast_head_json":{"title":"R\u00e9sultats des cyclo-cross du week-end - Avenir Cycliste Lanester 56","robots":{"index":"index","follow":"follow","max-snippet":"max-snippet:-1","max-image-preview":"max-image-preview:large","max-video-preview":"max-video-preview:-1"},"canonical":"https:\/\/www.aclanester56.com\/velo\/resultats-des-cyclo-cross-du-week-end\/","og_locale":"fr_FR","og_type":"article","og_title":"R\u00e9sultats des cyclo-cross du week-end - Avenir Cycliste Lanester 56","og_url":"https:\/\/www.aclanester56.com\/velo\/resultats-des-cyclo-cross-du-week-end\/","og_site_name":"Avenir Cycliste Lanester 56","article_publisher":"https:\/\/www.facebook.com\/pages\/AC-Lanester-56\/190286300991242?fref=ts","article_published_time":"2011-10-09T23:30:34+00:00","article_modified_time":"2013-12-22T20:18:46+00:00","og_image":[{"width":650,"height":300,"url":"https:\/\/www.aclanester56.com\/velo\/wp-content\/uploads\/2011\/10\/Antoine-Coz-Copie.jpg","type":"image\/jpeg"}],"author":"Jean-Christophe","twitter_misc":{"\u00c9crit par":"Jean-Christophe","Dur\u00e9e de lecture estim\u00e9e":"1 minute"},"schema":{"@context":"https:\/\/schema.org","@graph":[{"@type":"Article","@id":"https:\/\/www.aclanester56.com\/velo\/resultats-des-cyclo-cross-du-week-end\/#article","isPartOf":{"@id":"https:\/\/www.aclanester56.com\/velo\/resultats-des-cyclo-cross-du-week-end\/"},"author":{"name":"Jean-Christophe","@id":"https:\/\/www.aclanester56.com\/velo\/#\/schema\/person\/ca2a44a5fd969e9dd846c72d3b33bc01"},"headline":"R\u00e9sultats des cyclo-cross du week-end","datePublished":"2011-10-09T23:30:34+00:00","dateModified":"2013-12-22T20:18:46+00:00","mainEntityOfPage":{"@id":"https:\/\/www.aclanester56.com\/velo\/resultats-des-cyclo-cross-du-week-end\/"},"wordCount":197,"commentCount":0,"publisher":{"@id":"https:\/\/www.aclanester56.com\/velo\/#organization"},"image":{"@id":"https:\/\/www.aclanester56.com\/velo\/resultats-des-cyclo-cross-du-week-end\/#primaryimage"},"thumbnailUrl":"https:\/\/www.aclanester56.com\/velo\/wp-content\/uploads\/2011\/10\/Antoine-Coz-Copie.jpg","articleSection":["AC LANESTER 56","R\u00e9sultats Cyclo-Cross"],"inLanguage":"fr-FR","potentialAction":[{"@type":"CommentAction","name":"Comment","target":["https:\/\/www.aclanester56.com\/velo\/resultats-des-cyclo-cross-du-week-end\/#respond"]}]},{"@type":"WebPage","@id":"https:\/\/www.aclanester56.com\/velo\/resultats-des-cyclo-cross-du-week-end\/","url":"https:\/\/www.aclanester56.com\/velo\/resultats-des-cyclo-cross-du-week-end\/","name":"R\u00e9sultats des cyclo-cross du week-end - Avenir Cycliste Lanester 56","isPartOf":{"@id":"https:\/\/www.aclanester56.com\/velo\/#website"},"primaryImageOfPage":{"@id":"https:\/\/www.aclanester56.com\/velo\/resultats-des-cyclo-cross-du-week-end\/#primaryimage"},"image":{"@id":"https:\/\/www.aclanester56.com\/velo\/resultats-des-cyclo-cross-du-week-end\/#primaryimage"},"thumbnailUrl":"https:\/\/www.aclanester56.com\/velo\/wp-content\/uploads\/2011\/10\/Antoine-Coz-Copie.jpg","datePublished":"2011-10-09T23:30:34+00:00","dateModified":"2013-12-22T20:18:46+00:00","inLanguage":"fr-FR","potentialAction":[{"@type":"ReadAction","target":["https:\/\/www.aclanester56.com\/velo\/resultats-des-cyclo-cross-du-week-end\/"]}]},{"@type":"ImageObject","inLanguage":"fr-FR","@id":"https:\/\/www.aclanester56.com\/velo\/resultats-des-cyclo-cross-du-week-end\/#primaryimage","url":"https:\/\/www.aclanester56.com\/velo\/wp-content\/uploads\/2011\/10\/Antoine-Coz-Copie.jpg","contentUrl":"https:\/\/www.aclanester56.com\/velo\/wp-content\/uploads\/2011\/10\/Antoine-Coz-Copie.jpg","width":650,"height":300},{"@type":"WebSite","@id":"https:\/\/www.aclanester56.com\/velo\/#website","url":"https:\/\/www.aclanester56.com\/velo\/","name":"Avenir Cycliste Lanester 56","description":"Club cycliste de l&#039;AC LANESTER 56","publisher":{"@id":"https:\/\/www.aclanester56.com\/velo\/#organization"},"potentialAction":[{"@type":"SearchAction","target":{"@type":"EntryPoint","urlTemplate":"https:\/\/www.aclanester56.com\/velo\/?s={search_term_string}"},"query-input":{"@type":"PropertyValueSpecification","valueRequired":true,"valueName":"search_term_string"}}],"inLanguage":"fr-FR"},{"@type":"Organization","@id":"https:\/\/www.aclanester56.com\/velo\/#organization","name":"Avenir Cycliste Lanester 56","url":"https:\/\/www.aclanester56.com\/velo\/","logo":{"@type":"ImageObject","inLanguage":"fr-FR","@id":"https:\/\/www.aclanester56.com\/velo\/#\/schema\/logo\/image\/","url":"https:\/\/www.aclanester56.com\/velo\/wp-content\/uploads\/2013\/04\/logo-ACL.jpg","contentUrl":"https:\/\/www.aclanester56.com\/velo\/wp-content\/uploads\/2013\/04\/logo-ACL.jpg","width":400,"height":334,"caption":"Avenir Cycliste Lanester 56"},"image":{"@id":"https:\/\/www.aclanester56.com\/velo\/#\/schema\/logo\/image\/"},"sameAs":["https:\/\/www.facebook.com\/pages\/AC-Lanester-56\/190286300991242?fref=ts"]},{"@type":"Person","@id":"https:\/\/www.aclanester56.com\/velo\/#\/schema\/person\/ca2a44a5fd969e9dd846c72d3b33bc01","name":"Jean-Christophe","url":"https:\/\/www.aclanester56.com\/velo\/author\/jeanchristophe\/"}]}},"_links":{"self":[{"href":"https:\/\/www.aclanester56.com\/velo\/wp-json\/wp\/v2\/posts\/9930","targetHints":{"allow":["GET"]}}],"collection":[{"href":"https:\/\/www.aclanester56.com\/velo\/wp-json\/wp\/v2\/posts"}],"about":[{"href":"https:\/\/www.aclanester56.com\/velo\/wp-json\/wp\/v2\/types\/post"}],"author":[{"embeddable":true,"href":"https:\/\/www.aclanester56.com\/velo\/wp-json\/wp\/v2\/users\/14"}],"replies":[{"embeddable":true,"href":"https:\/\/www.aclanester56.com\/velo\/wp-json\/wp\/v2\/comments?post=9930"}],"version-history":[{"count":0,"href":"https:\/\/www.aclanester56.com\/velo\/wp-json\/wp\/v2\/posts\/9930\/revisions"}],"wp:featuredmedia":[{"embeddable":true,"href":"https:\/\/www.aclanester56.com\/velo\/wp-json\/wp\/v2\/media\/9938"}],"wp:attachment":[{"href":"https:\/\/www.aclanester56.com\/velo\/wp-json\/wp\/v2\/media?parent=9930"}],"wp:term":[{"taxonomy":"category","embeddable":true,"href":"https:\/\/www.aclanester56.com\/velo\/wp-json\/wp\/v2\/categories?post=9930"},{"taxonomy":"post_tag","embeddable":true,"href":"https:\/\/www.aclanester56.com\/velo\/wp-json\/wp\/v2\/tags?post=9930"}],"curies":[{"name":"wp","href":"https:\/\/api.w.org\/{rel}","templated":true}]}}