{"id":9983,"date":"2011-10-10T20:10:33","date_gmt":"2011-10-10T19:10:33","guid":{"rendered":"http:\/\/www.aclanester56.com\/velo\/?p=9983"},"modified":"2013-12-22T22:18:22","modified_gmt":"2013-12-22T20:18:22","slug":"mael-nivinou-change-de-couleurs","status":"publish","type":"post","link":"https:\/\/www.aclanester56.com\/velo\/mael-nivinou-change-de-couleurs\/","title":{"rendered":"Ma\u00ebl Nivinou change de couleurs"},"content":{"rendered":"<p style=\"text-align: justify;\"><!--more--><\/p>\n<p style=\"text-align: justify;\">Le jeune et sympathique Lanest\u00e9rien Ma\u00ebl NIVINOU, auteur d&rsquo;une brillante saison cette ann\u00e9e, portera de nouvelles couleurs pour la saison 2012.<\/p>\n<p style=\"text-align: justify;\"><span style=\"font-size: 14px; line-height: 1.5em;\">Ma\u00ebl NIVINOU, coureur form\u00e9 \u00e0 l&rsquo;AC LANESTER 56 depuis ses ann\u00e9es cadets, a eu la d\u00e9licatesse et l&rsquo;honn\u00eatet\u00e9 d&rsquo;annoncer \u00e0 ses dirigeants son d\u00e9part du club et d&rsquo;\u00e9voquer son futur club. Il d\u00e9fendra l&rsquo;an prochain les couleurs de l&rsquo;\u00e9quipe DN3 d&rsquo;Hennebont Cyclisme. \u00ab\u00a0<\/span><em style=\"font-size: 14px; line-height: 1.5em;\"><strong>J&rsquo;esp\u00e8re faire de belles courses par \u00e9tapes. De plus, je serai avec mon \u00ab\u00a0pote\u00a0\u00bb Yoann CORBIHAN !<\/strong><\/em><span style=\"font-size: 14px; line-height: 1.5em;\">\u00ab\u00a0, explique Ma\u00ebl.<\/span><\/p>\n<p style=\"text-align: justify;\">L&rsquo;une des r\u00e9v\u00e9lations de cette saison\u00a0n&rsquo;oublie cependant pas de remercier tout l&rsquo;encadrement lanest\u00e9rien : \u00ab\u00a0<em><strong>C&rsquo;est l&rsquo;AC LANESTER 56 qui m&rsquo;a tout appris, c&rsquo;est le club qui m&rsquo;a form\u00e9. Je remercie l&rsquo;ensemble de ses b\u00e9n\u00e9voles, et je pense particuli\u00e8rement \u00e0 Jean-Marc MORVAN, qui me suit et me conseille depuis ma 1\u00e8re ann\u00e9e junior. Je n&rsquo;oublie pas non plus Benoit TANGUY, qui s&rsquo;est beaucoup investi dans le groupe junior et qui me prenait avec lui l&rsquo;hiver pour la pr\u00e9paration de la saison. Sans eux et sans leurs conseils, je ne serais pas au niveau auquel j&rsquo;\u00e9volue aujourd&rsquo;hui. Il y a quand m\u00eame un petit pincement au coeur, puisque \u00e7a faisait six ans que j&rsquo;\u00e9tais \u00e0 Lanester. Et je pense avoir bien progress\u00e9 pendant ces six ans, gr\u00e2ce \u00e0 l&rsquo;AC LANESTER 56.<\/strong><\/em>\u00a0\u00bb Voil\u00e0 des paroles qui vont faire chaud au coeur \u00e0 l&rsquo;ensemble des encadrants du club lanest\u00e9rien qui souhaitent \u00e9videmment leurs voeux de r\u00e9ussite \u00e0 leur jeune prot\u00e9g\u00e9 !<\/p>\n","protected":false},"excerpt":{"rendered":"","protected":false},"author":14,"featured_media":9986,"comment_status":"open","ping_status":"closed","sticky":false,"template":"","format":"standard","meta":{"ngg_post_thumbnail":0,"footnotes":""},"categories":[5,14],"tags":[],"class_list":["post-9983","post","type-post","status-publish","format-standard","has-post-thumbnail","hentry","category-ac-lanester-56","category-actualites-dn"],"yoast_head":"<!-- This site is optimized with the Yoast SEO plugin v27.5 - https:\/\/yoast.com\/product\/yoast-seo-wordpress\/ -->\n<title>Ma\u00ebl Nivinou change de couleurs - Avenir Cycliste Lanester 56<\/title>\n<meta name=\"robots\" content=\"index, follow, max-snippet:-1, max-image-preview:large, max-video-preview:-1\" \/>\n<link rel=\"canonical\" href=\"https:\/\/www.aclanester56.com\/velo\/mael-nivinou-change-de-couleurs\/\" \/>\n<meta property=\"og:locale\" content=\"fr_FR\" \/>\n<meta property=\"og:type\" content=\"article\" \/>\n<meta property=\"og:title\" content=\"Ma\u00ebl Nivinou change de couleurs - Avenir Cycliste Lanester 56\" \/>\n<meta property=\"og:url\" content=\"https:\/\/www.aclanester56.com\/velo\/mael-nivinou-change-de-couleurs\/\" \/>\n<meta property=\"og:site_name\" content=\"Avenir Cycliste Lanester 56\" \/>\n<meta property=\"article:publisher\" content=\"https:\/\/www.facebook.com\/pages\/AC-Lanester-56\/190286300991242?fref=ts\" \/>\n<meta property=\"article:published_time\" content=\"2011-10-10T19:10:33+00:00\" \/>\n<meta property=\"article:modified_time\" content=\"2013-12-22T20:18:22+00:00\" \/>\n<meta property=\"og:image\" content=\"https:\/\/www.aclanester56.com\/velo\/wp-content\/uploads\/2011\/10\/Mael-NIVINOU4-Copie.jpg\" \/>\n\t<meta property=\"og:image:width\" content=\"650\" \/>\n\t<meta property=\"og:image:height\" content=\"300\" \/>\n\t<meta property=\"og:image:type\" content=\"image\/jpeg\" \/>\n<meta name=\"author\" content=\"Jean-Christophe\" \/>\n<meta name=\"twitter:label1\" content=\"\u00c9crit par\" \/>\n\t<meta name=\"twitter:data1\" content=\"Jean-Christophe\" \/>\n\t<meta name=\"twitter:label2\" content=\"Dur\u00e9e de lecture estim\u00e9e\" \/>\n\t<meta name=\"twitter:data2\" content=\"1 minute\" \/>\n<script type=\"application\/ld+json\" class=\"yoast-schema-graph\">{\"@context\":\"https:\\\/\\\/schema.org\",\"@graph\":[{\"@type\":\"Article\",\"@id\":\"https:\\\/\\\/www.aclanester56.com\\\/velo\\\/mael-nivinou-change-de-couleurs\\\/#article\",\"isPartOf\":{\"@id\":\"https:\\\/\\\/www.aclanester56.com\\\/velo\\\/mael-nivinou-change-de-couleurs\\\/\"},\"author\":{\"name\":\"Jean-Christophe\",\"@id\":\"https:\\\/\\\/www.aclanester56.com\\\/velo\\\/#\\\/schema\\\/person\\\/ca2a44a5fd969e9dd846c72d3b33bc01\"},\"headline\":\"Ma\u00ebl Nivinou change de couleurs\",\"datePublished\":\"2011-10-10T19:10:33+00:00\",\"dateModified\":\"2013-12-22T20:18:22+00:00\",\"mainEntityOfPage\":{\"@id\":\"https:\\\/\\\/www.aclanester56.com\\\/velo\\\/mael-nivinou-change-de-couleurs\\\/\"},\"wordCount\":260,\"commentCount\":2,\"publisher\":{\"@id\":\"https:\\\/\\\/www.aclanester56.com\\\/velo\\\/#organization\"},\"image\":{\"@id\":\"https:\\\/\\\/www.aclanester56.com\\\/velo\\\/mael-nivinou-change-de-couleurs\\\/#primaryimage\"},\"thumbnailUrl\":\"https:\\\/\\\/www.aclanester56.com\\\/velo\\\/wp-content\\\/uploads\\\/2011\\\/10\\\/Mael-NIVINOU4-Copie.jpg\",\"articleSection\":[\"AC LANESTER 56\",\"Actualit\u00e9s DN\"],\"inLanguage\":\"fr-FR\",\"potentialAction\":[{\"@type\":\"CommentAction\",\"name\":\"Comment\",\"target\":[\"https:\\\/\\\/www.aclanester56.com\\\/velo\\\/mael-nivinou-change-de-couleurs\\\/#respond\"]}]},{\"@type\":\"WebPage\",\"@id\":\"https:\\\/\\\/www.aclanester56.com\\\/velo\\\/mael-nivinou-change-de-couleurs\\\/\",\"url\":\"https:\\\/\\\/www.aclanester56.com\\\/velo\\\/mael-nivinou-change-de-couleurs\\\/\",\"name\":\"Ma\u00ebl Nivinou change de couleurs - Avenir Cycliste Lanester 56\",\"isPartOf\":{\"@id\":\"https:\\\/\\\/www.aclanester56.com\\\/velo\\\/#website\"},\"primaryImageOfPage\":{\"@id\":\"https:\\\/\\\/www.aclanester56.com\\\/velo\\\/mael-nivinou-change-de-couleurs\\\/#primaryimage\"},\"image\":{\"@id\":\"https:\\\/\\\/www.aclanester56.com\\\/velo\\\/mael-nivinou-change-de-couleurs\\\/#primaryimage\"},\"thumbnailUrl\":\"https:\\\/\\\/www.aclanester56.com\\\/velo\\\/wp-content\\\/uploads\\\/2011\\\/10\\\/Mael-NIVINOU4-Copie.jpg\",\"datePublished\":\"2011-10-10T19:10:33+00:00\",\"dateModified\":\"2013-12-22T20:18:22+00:00\",\"inLanguage\":\"fr-FR\",\"potentialAction\":[{\"@type\":\"ReadAction\",\"target\":[\"https:\\\/\\\/www.aclanester56.com\\\/velo\\\/mael-nivinou-change-de-couleurs\\\/\"]}]},{\"@type\":\"ImageObject\",\"inLanguage\":\"fr-FR\",\"@id\":\"https:\\\/\\\/www.aclanester56.com\\\/velo\\\/mael-nivinou-change-de-couleurs\\\/#primaryimage\",\"url\":\"https:\\\/\\\/www.aclanester56.com\\\/velo\\\/wp-content\\\/uploads\\\/2011\\\/10\\\/Mael-NIVINOU4-Copie.jpg\",\"contentUrl\":\"https:\\\/\\\/www.aclanester56.com\\\/velo\\\/wp-content\\\/uploads\\\/2011\\\/10\\\/Mael-NIVINOU4-Copie.jpg\",\"width\":650,\"height\":300},{\"@type\":\"WebSite\",\"@id\":\"https:\\\/\\\/www.aclanester56.com\\\/velo\\\/#website\",\"url\":\"https:\\\/\\\/www.aclanester56.com\\\/velo\\\/\",\"name\":\"Avenir Cycliste Lanester 56\",\"description\":\"Club cycliste de l&#039;AC LANESTER 56\",\"publisher\":{\"@id\":\"https:\\\/\\\/www.aclanester56.com\\\/velo\\\/#organization\"},\"potentialAction\":[{\"@type\":\"SearchAction\",\"target\":{\"@type\":\"EntryPoint\",\"urlTemplate\":\"https:\\\/\\\/www.aclanester56.com\\\/velo\\\/?s={search_term_string}\"},\"query-input\":{\"@type\":\"PropertyValueSpecification\",\"valueRequired\":true,\"valueName\":\"search_term_string\"}}],\"inLanguage\":\"fr-FR\"},{\"@type\":\"Organization\",\"@id\":\"https:\\\/\\\/www.aclanester56.com\\\/velo\\\/#organization\",\"name\":\"Avenir Cycliste Lanester 56\",\"url\":\"https:\\\/\\\/www.aclanester56.com\\\/velo\\\/\",\"logo\":{\"@type\":\"ImageObject\",\"inLanguage\":\"fr-FR\",\"@id\":\"https:\\\/\\\/www.aclanester56.com\\\/velo\\\/#\\\/schema\\\/logo\\\/image\\\/\",\"url\":\"https:\\\/\\\/www.aclanester56.com\\\/velo\\\/wp-content\\\/uploads\\\/2013\\\/04\\\/logo-ACL.jpg\",\"contentUrl\":\"https:\\\/\\\/www.aclanester56.com\\\/velo\\\/wp-content\\\/uploads\\\/2013\\\/04\\\/logo-ACL.jpg\",\"width\":400,\"height\":334,\"caption\":\"Avenir Cycliste Lanester 56\"},\"image\":{\"@id\":\"https:\\\/\\\/www.aclanester56.com\\\/velo\\\/#\\\/schema\\\/logo\\\/image\\\/\"},\"sameAs\":[\"https:\\\/\\\/www.facebook.com\\\/pages\\\/AC-Lanester-56\\\/190286300991242?fref=ts\"]},{\"@type\":\"Person\",\"@id\":\"https:\\\/\\\/www.aclanester56.com\\\/velo\\\/#\\\/schema\\\/person\\\/ca2a44a5fd969e9dd846c72d3b33bc01\",\"name\":\"Jean-Christophe\",\"url\":\"https:\\\/\\\/www.aclanester56.com\\\/velo\\\/author\\\/jeanchristophe\\\/\"}]}<\/script>\n<!-- \/ Yoast SEO plugin. -->","yoast_head_json":{"title":"Ma\u00ebl Nivinou change de couleurs - Avenir Cycliste Lanester 56","robots":{"index":"index","follow":"follow","max-snippet":"max-snippet:-1","max-image-preview":"max-image-preview:large","max-video-preview":"max-video-preview:-1"},"canonical":"https:\/\/www.aclanester56.com\/velo\/mael-nivinou-change-de-couleurs\/","og_locale":"fr_FR","og_type":"article","og_title":"Ma\u00ebl Nivinou change de couleurs - Avenir Cycliste Lanester 56","og_url":"https:\/\/www.aclanester56.com\/velo\/mael-nivinou-change-de-couleurs\/","og_site_name":"Avenir Cycliste Lanester 56","article_publisher":"https:\/\/www.facebook.com\/pages\/AC-Lanester-56\/190286300991242?fref=ts","article_published_time":"2011-10-10T19:10:33+00:00","article_modified_time":"2013-12-22T20:18:22+00:00","og_image":[{"width":650,"height":300,"url":"https:\/\/www.aclanester56.com\/velo\/wp-content\/uploads\/2011\/10\/Mael-NIVINOU4-Copie.jpg","type":"image\/jpeg"}],"author":"Jean-Christophe","twitter_misc":{"\u00c9crit par":"Jean-Christophe","Dur\u00e9e de lecture estim\u00e9e":"1 minute"},"schema":{"@context":"https:\/\/schema.org","@graph":[{"@type":"Article","@id":"https:\/\/www.aclanester56.com\/velo\/mael-nivinou-change-de-couleurs\/#article","isPartOf":{"@id":"https:\/\/www.aclanester56.com\/velo\/mael-nivinou-change-de-couleurs\/"},"author":{"name":"Jean-Christophe","@id":"https:\/\/www.aclanester56.com\/velo\/#\/schema\/person\/ca2a44a5fd969e9dd846c72d3b33bc01"},"headline":"Ma\u00ebl Nivinou change de couleurs","datePublished":"2011-10-10T19:10:33+00:00","dateModified":"2013-12-22T20:18:22+00:00","mainEntityOfPage":{"@id":"https:\/\/www.aclanester56.com\/velo\/mael-nivinou-change-de-couleurs\/"},"wordCount":260,"commentCount":2,"publisher":{"@id":"https:\/\/www.aclanester56.com\/velo\/#organization"},"image":{"@id":"https:\/\/www.aclanester56.com\/velo\/mael-nivinou-change-de-couleurs\/#primaryimage"},"thumbnailUrl":"https:\/\/www.aclanester56.com\/velo\/wp-content\/uploads\/2011\/10\/Mael-NIVINOU4-Copie.jpg","articleSection":["AC LANESTER 56","Actualit\u00e9s DN"],"inLanguage":"fr-FR","potentialAction":[{"@type":"CommentAction","name":"Comment","target":["https:\/\/www.aclanester56.com\/velo\/mael-nivinou-change-de-couleurs\/#respond"]}]},{"@type":"WebPage","@id":"https:\/\/www.aclanester56.com\/velo\/mael-nivinou-change-de-couleurs\/","url":"https:\/\/www.aclanester56.com\/velo\/mael-nivinou-change-de-couleurs\/","name":"Ma\u00ebl Nivinou change de couleurs - Avenir Cycliste Lanester 56","isPartOf":{"@id":"https:\/\/www.aclanester56.com\/velo\/#website"},"primaryImageOfPage":{"@id":"https:\/\/www.aclanester56.com\/velo\/mael-nivinou-change-de-couleurs\/#primaryimage"},"image":{"@id":"https:\/\/www.aclanester56.com\/velo\/mael-nivinou-change-de-couleurs\/#primaryimage"},"thumbnailUrl":"https:\/\/www.aclanester56.com\/velo\/wp-content\/uploads\/2011\/10\/Mael-NIVINOU4-Copie.jpg","datePublished":"2011-10-10T19:10:33+00:00","dateModified":"2013-12-22T20:18:22+00:00","inLanguage":"fr-FR","potentialAction":[{"@type":"ReadAction","target":["https:\/\/www.aclanester56.com\/velo\/mael-nivinou-change-de-couleurs\/"]}]},{"@type":"ImageObject","inLanguage":"fr-FR","@id":"https:\/\/www.aclanester56.com\/velo\/mael-nivinou-change-de-couleurs\/#primaryimage","url":"https:\/\/www.aclanester56.com\/velo\/wp-content\/uploads\/2011\/10\/Mael-NIVINOU4-Copie.jpg","contentUrl":"https:\/\/www.aclanester56.com\/velo\/wp-content\/uploads\/2011\/10\/Mael-NIVINOU4-Copie.jpg","width":650,"height":300},{"@type":"WebSite","@id":"https:\/\/www.aclanester56.com\/velo\/#website","url":"https:\/\/www.aclanester56.com\/velo\/","name":"Avenir Cycliste Lanester 56","description":"Club cycliste de l&#039;AC LANESTER 56","publisher":{"@id":"https:\/\/www.aclanester56.com\/velo\/#organization"},"potentialAction":[{"@type":"SearchAction","target":{"@type":"EntryPoint","urlTemplate":"https:\/\/www.aclanester56.com\/velo\/?s={search_term_string}"},"query-input":{"@type":"PropertyValueSpecification","valueRequired":true,"valueName":"search_term_string"}}],"inLanguage":"fr-FR"},{"@type":"Organization","@id":"https:\/\/www.aclanester56.com\/velo\/#organization","name":"Avenir Cycliste Lanester 56","url":"https:\/\/www.aclanester56.com\/velo\/","logo":{"@type":"ImageObject","inLanguage":"fr-FR","@id":"https:\/\/www.aclanester56.com\/velo\/#\/schema\/logo\/image\/","url":"https:\/\/www.aclanester56.com\/velo\/wp-content\/uploads\/2013\/04\/logo-ACL.jpg","contentUrl":"https:\/\/www.aclanester56.com\/velo\/wp-content\/uploads\/2013\/04\/logo-ACL.jpg","width":400,"height":334,"caption":"Avenir Cycliste Lanester 56"},"image":{"@id":"https:\/\/www.aclanester56.com\/velo\/#\/schema\/logo\/image\/"},"sameAs":["https:\/\/www.facebook.com\/pages\/AC-Lanester-56\/190286300991242?fref=ts"]},{"@type":"Person","@id":"https:\/\/www.aclanester56.com\/velo\/#\/schema\/person\/ca2a44a5fd969e9dd846c72d3b33bc01","name":"Jean-Christophe","url":"https:\/\/www.aclanester56.com\/velo\/author\/jeanchristophe\/"}]}},"_links":{"self":[{"href":"https:\/\/www.aclanester56.com\/velo\/wp-json\/wp\/v2\/posts\/9983","targetHints":{"allow":["GET"]}}],"collection":[{"href":"https:\/\/www.aclanester56.com\/velo\/wp-json\/wp\/v2\/posts"}],"about":[{"href":"https:\/\/www.aclanester56.com\/velo\/wp-json\/wp\/v2\/types\/post"}],"author":[{"embeddable":true,"href":"https:\/\/www.aclanester56.com\/velo\/wp-json\/wp\/v2\/users\/14"}],"replies":[{"embeddable":true,"href":"https:\/\/www.aclanester56.com\/velo\/wp-json\/wp\/v2\/comments?post=9983"}],"version-history":[{"count":0,"href":"https:\/\/www.aclanester56.com\/velo\/wp-json\/wp\/v2\/posts\/9983\/revisions"}],"wp:featuredmedia":[{"embeddable":true,"href":"https:\/\/www.aclanester56.com\/velo\/wp-json\/wp\/v2\/media\/9986"}],"wp:attachment":[{"href":"https:\/\/www.aclanester56.com\/velo\/wp-json\/wp\/v2\/media?parent=9983"}],"wp:term":[{"taxonomy":"category","embeddable":true,"href":"https:\/\/www.aclanester56.com\/velo\/wp-json\/wp\/v2\/categories?post=9983"},{"taxonomy":"post_tag","embeddable":true,"href":"https:\/\/www.aclanester56.com\/velo\/wp-json\/wp\/v2\/tags?post=9983"}],"curies":[{"name":"wp","href":"https:\/\/api.w.org\/{rel}","templated":true}]}}